{"id":1670,"date":"2011-12-14T16:20:43","date_gmt":"2011-12-14T15:20:43","guid":{"rendered":"http:\/\/fa86.noblogs.org\/?p=1670"},"modified":"2011-12-14T16:20:43","modified_gmt":"2011-12-14T15:20:43","slug":"florence-double-meurtre-raciste","status":"publish","type":"post","link":"https:\/\/fa86.noblogs.org\/?p=1670","title":{"rendered":"[Florence] Double meurtre raciste"},"content":{"rendered":"<h2 id=\"loc\" style=\"text-align: justify\"><a href=\"https:\/\/lereveil.ch\/a-florence-le-fascisme-assassine\" target=\"_blank\">A Florence, le fascisme assassine !\u00a0<\/a><\/h2>\n<p style=\"text-align: justify\"><strong>Deux vendeurs ambulants s\u00e9n\u00e9galais ont \u00e9t\u00e9 tu\u00e9s, mardi, par un homme d\u2019une cinquantaine d\u2019ann\u00e9es \u00e0 Florence. Selon les carabiniers cit\u00e9s par les m\u00e9dias italiens, l\u2019homme, un militant d\u2019extr\u00eame-droite, a ouvert le feu sur un march\u00e9 avant de se suicider.<\/strong><\/p>\n<p style=\"text-align: justify\">Deux vendeurs ambulants ont \u00e9t\u00e9 tu\u00e9s sur le coup, tandis qu\u2019un troisi\u00e8me a \u00e9t\u00e9 conduit dans un \u00e9tat jug\u00e9 tr\u00e8s grave \u00e0 l\u2019h\u00f4pital. Selon des t\u00e9moignages cit\u00e9s sur le site Internet du quotidien \u00ab\u00a0La Repubblica\u00a0\u00bb, l\u2019auteur de l\u2019agression, un homme aux cheveux poivre et sel d\u2019environ 50 ans, arriv\u00e9 sur place \u00e0 bord d\u2019un v\u00e9hicule blanc, a tir\u00e9 trois coups de feu avant de repartir.<\/p>\n<p style=\"text-align: justify\">Une personne qui l\u2019a vu s\u2019enfuir a pris des photos avec son t\u00e9l\u00e9phone portable alors qu\u2019il remontait \u00e0 bord de son v\u00e9hicule a \u00e9t\u00e9 entendue par les enqu\u00eateurs.<\/p>\n<p style=\"text-align: justify\"><strong>Deuxi\u00e8me fusillade <\/strong><\/p>\n<p style=\"text-align: justify\">Des repr\u00e9sentants de la communaut\u00e9 s\u00e9n\u00e9galaise sont arriv\u00e9s rapidement sur place, au milieu des larmes de d\u00e9sespoir des confr\u00e8res des trois S\u00e9n\u00e9galais, tous vendeurs ambulants exer\u00e7ant fr\u00e9quemment sur ce march\u00e9.<\/p>\n<p style=\"text-align: justify\">Apr\u00e8s avoir quitt\u00e9 Piazza Dalmazia, lieu de la premi\u00e8re fusillade, le tireur s\u2019est rendu dans un autre march\u00e9 dans le centre historique, o\u00f9 il a de nouveau ouvert le feu, faisant deux bless\u00e9s. Il s\u2019est ensuite suicid\u00e9 avec son arme, un 357 Magnum.<\/p>\n<p style=\"text-align: justify\">Apr\u00e8s la trag\u00e9die, un cort\u00e8ge spontan\u00e9 de 200 personnes, dont une majorit\u00e9 de S\u00e9n\u00e9galais et de proches des victimes, s\u2019est \u00e9branl\u00e9 depuis Piazza Dalmazia vers le centre aux cris de \u00ab\u00a0Honte\u00a0! Honte\u00a0!\u00a0\u00bb et \u00ab\u00a0Racistes\u00a0\u00bb.<\/p>\n<p style=\"text-align: justify\"><em>Le R\u00e9veil,\u00a014 d\u00e9cembre 2011<\/em><\/p>\n","protected":false},"excerpt":{"rendered":"<p>A Florence, le fascisme assassine !\u00a0 Deux vendeurs ambulants s\u00e9n\u00e9galais ont \u00e9t\u00e9 tu\u00e9s, mardi, par un homme d\u2019une cinquantaine d\u2019ann\u00e9es \u00e0 Florence. Selon les carabiniers cit\u00e9s par les m\u00e9dias italiens, l\u2019homme, un militant d\u2019extr\u00eame-droite, a ouvert le feu sur un march\u00e9 avant de se suicider. Deux vendeurs ambulants ont \u00e9t\u00e9 tu\u00e9s sur le coup, tandis &hellip; <a href=\"https:\/\/fa86.noblogs.org\/?p=1670\" class=\"more-link\">Continuer la lecture de <span class=\"screen-reader-text\">[Florence] Double meurtre raciste<\/span> <span class=\"meta-nav\">&rarr;<\/span><\/a><\/p>\n","protected":false},"author":2691,"featured_media":0,"comment_status":"open","ping_status":"open","sticky":false,"template":"","format":"standard","meta":{"footnotes":""},"categories":[9,11,6,16],"tags":[],"class_list":["post-1670","post","type-post","status-publish","format-standard","hentry","category-la-rue-grogne","category-ni-patrie-ni-frontiere","category-paf-le-faf","category-repression"],"_links":{"self":[{"href":"https:\/\/fa86.noblogs.org\/index.php?rest_route=\/wp\/v2\/posts\/1670","targetHints":{"allow":["GET"]}}],"collection":[{"href":"https:\/\/fa86.noblogs.org\/index.php?rest_route=\/wp\/v2\/posts"}],"about":[{"href":"https:\/\/fa86.noblogs.org\/index.php?rest_route=\/wp\/v2\/types\/post"}],"author":[{"embeddable":true,"href":"https:\/\/fa86.noblogs.org\/index.php?rest_route=\/wp\/v2\/users\/2691"}],"replies":[{"embeddable":true,"href":"https:\/\/fa86.noblogs.org\/index.php?rest_route=%2Fwp%2Fv2%2Fcomments&post=1670"}],"version-history":[{"count":1,"href":"https:\/\/fa86.noblogs.org\/index.php?rest_route=\/wp\/v2\/posts\/1670\/revisions"}],"predecessor-version":[{"id":1671,"href":"https:\/\/fa86.noblogs.org\/index.php?rest_route=\/wp\/v2\/posts\/1670\/revisions\/1671"}],"wp:attachment":[{"href":"https:\/\/fa86.noblogs.org\/index.php?rest_route=%2Fwp%2Fv2%2Fmedia&parent=1670"}],"wp:term":[{"taxonomy":"category","embeddable":true,"href":"https:\/\/fa86.noblogs.org\/index.php?rest_route=%2Fwp%2Fv2%2Fcategories&post=1670"},{"taxonomy":"post_tag","embeddable":true,"href":"https:\/\/fa86.noblogs.org\/index.php?rest_route=%2Fwp%2Fv2%2Ftags&post=1670"}],"curies":[{"name":"wp","href":"https:\/\/api.w.org\/{rel}","templated":true}]}}