{"id":1672,"date":"2011-12-14T16:22:17","date_gmt":"2011-12-14T15:22:17","guid":{"rendered":"http:\/\/fa86.noblogs.org\/?p=1672"},"modified":"2011-12-14T16:22:17","modified_gmt":"2011-12-14T15:22:17","slug":"un-an-de-prison-pour-l%e2%80%99evade-de-corbas","status":"publish","type":"post","link":"https:\/\/fa86.noblogs.org\/?p=1672","title":{"rendered":"Un an de prison pour l\u2019\u00e9vad\u00e9 de Corbas"},"content":{"rendered":"<div>\n<div>\n<h2 style=\"text-align: justify\"><a href=\"http:\/\/rebellyon.info\/Un-an-de-prison-pour-l-evade-de.html\" target=\"_blank\">Un an de prison pour l\u2019\u00e9vad\u00e9 de Corbas<\/a><\/h2>\n<div style=\"text-align: justify\">\n<p>La libert\u00e9 coute cher, surtout quand on la perd. Le d\u00e9tenue de la prison de corbas qui <a href=\"http:\/\/rebellyon.info\/Une-evasion-pendant-la.html\">s\u2019\u00e9tait \u00e9vad\u00e9 jeudi dernier<\/a>, alors qu\u2019avait lieu devant la prison une <a href=\"http:\/\/rebellyon.info\/Manifestation-anti-carcerale-a.html\">manifestation contre le syst\u00e8me carc\u00e9ral<\/a>, avait \u00e9t\u00e9 rattrap\u00e9 par les flics deux heures plus tard, d\u00e9nonc\u00e9 par des habitants de Corbas. Il a \u00e9t\u00e9 condamn\u00e9 pour cette \u00e9vasion, en plus de sa peine, \u00e0 un an d\u2019emprisonnement.<\/p>\n<\/div>\n<\/div>\n<div>\n<div>\n<p style=\"text-align: justify\"><em>Rebellyon, 14 d\u00e9cembre 2011<\/em><\/p>\n<\/div>\n<\/div>\n<\/div>\n","protected":false},"excerpt":{"rendered":"<p>Un an de prison pour l\u2019\u00e9vad\u00e9 de Corbas La libert\u00e9 coute cher, surtout quand on la perd. Le d\u00e9tenue de la prison de corbas qui s\u2019\u00e9tait \u00e9vad\u00e9 jeudi dernier, alors qu\u2019avait lieu devant la prison une manifestation contre le syst\u00e8me carc\u00e9ral, avait \u00e9t\u00e9 rattrap\u00e9 par les flics deux heures plus tard, d\u00e9nonc\u00e9 par des habitants &hellip; <a href=\"https:\/\/fa86.noblogs.org\/?p=1672\" class=\"more-link\">Continuer la lecture de <span class=\"screen-reader-text\">Un an de prison pour l\u2019\u00e9vad\u00e9 de Corbas<\/span> <span class=\"meta-nav\">&rarr;<\/span><\/a><\/p>\n","protected":false},"author":2691,"featured_media":0,"comment_status":"open","ping_status":"open","sticky":false,"template":"","format":"standard","meta":{"footnotes":""},"categories":[20,16],"tags":[],"class_list":["post-1672","post","type-post","status-publish","format-standard","hentry","category-feu-aux-prisons","category-repression"],"_links":{"self":[{"href":"https:\/\/fa86.noblogs.org\/index.php?rest_route=\/wp\/v2\/posts\/1672","targetHints":{"allow":["GET"]}}],"collection":[{"href":"https:\/\/fa86.noblogs.org\/index.php?rest_route=\/wp\/v2\/posts"}],"about":[{"href":"https:\/\/fa86.noblogs.org\/index.php?rest_route=\/wp\/v2\/types\/post"}],"author":[{"embeddable":true,"href":"https:\/\/fa86.noblogs.org\/index.php?rest_route=\/wp\/v2\/users\/2691"}],"replies":[{"embeddable":true,"href":"https:\/\/fa86.noblogs.org\/index.php?rest_route=%2Fwp%2Fv2%2Fcomments&post=1672"}],"version-history":[{"count":1,"href":"https:\/\/fa86.noblogs.org\/index.php?rest_route=\/wp\/v2\/posts\/1672\/revisions"}],"predecessor-version":[{"id":1673,"href":"https:\/\/fa86.noblogs.org\/index.php?rest_route=\/wp\/v2\/posts\/1672\/revisions\/1673"}],"wp:attachment":[{"href":"https:\/\/fa86.noblogs.org\/index.php?rest_route=%2Fwp%2Fv2%2Fmedia&parent=1672"}],"wp:term":[{"taxonomy":"category","embeddable":true,"href":"https:\/\/fa86.noblogs.org\/index.php?rest_route=%2Fwp%2Fv2%2Fcategories&post=1672"},{"taxonomy":"post_tag","embeddable":true,"href":"https:\/\/fa86.noblogs.org\/index.php?rest_route=%2Fwp%2Fv2%2Ftags&post=1672"}],"curies":[{"name":"wp","href":"https:\/\/api.w.org\/{rel}","templated":true}]}}