{"id":1771,"date":"2011-12-16T10:10:29","date_gmt":"2011-12-16T09:10:29","guid":{"rendered":"http:\/\/fa86.noblogs.org\/?p=1771"},"modified":"2011-12-16T10:10:29","modified_gmt":"2011-12-16T09:10:29","slug":"israel-liberation-prochaine-de-salah-hamouri","status":"publish","type":"post","link":"https:\/\/fa86.noblogs.org\/?p=1771","title":{"rendered":"[Isra\u00ebl] Lib\u00e9ration prochaine de Salah Hamouri"},"content":{"rendered":"<h2 id=\"principal\" style=\"text-align: justify\"><a href=\"http:\/\/www.france-palestine.org\/article18846.html\" target=\"_blank\">Enfin libre\u00a0!<\/a><\/h2>\n<p style=\"text-align: justify\">Au terme d\u2019une journ\u00e9e tr\u00e8s tendue, nous avons donc appris hier \u00e0 19 heures que Salah Hamouri ferait partie de la seconde vague de lib\u00e9ration et qu\u2019il rejoindrait sa famille \u00e0 J\u00e9rusalem-Est dimanche 18 d\u00e9cembre apr\u00e8s avoir subi injustement 6 ans, 9 mois et 7 jours de prison dans les ge\u00f4les isra\u00e9liennes.<\/p>\n<div>\n<p style=\"text-align: justify\">Nous ferons de plus amples commentaires une fois sa sortie r\u00e9alis\u00e9e et qu\u2019il sera bien chez lui. Nous partageons totalement la joie de sa famille qui va enfin pouvoir l\u2019embrasser, depuis ce temps o\u00f9 aucun contact n\u2019a eu lieu. Sans attendre nous voulons remercier toutes celles et ceux qui, par dizaines de milliers, se sont rassembl\u00e9s dans leur diversit\u00e9 pour obtenir sa lib\u00e9ration. C\u2019est une certitude\u00a0: sans eux, et leur mobilisation d\u00e9termin\u00e9e, Salah ne serait pas lib\u00e9r\u00e9 dimanche, aussi tard que cela nous paraisse. Nous tenons \u00e0 remercier vivement tout le monde qui a particip\u00e9 \u00e0 ce r\u00e9sultat\u00a0: personnalit\u00e9s, artistes, associations, organisations, notamment de jeunes, partis, \u00ab\u00a0simples gens\u00a0\u00bb comme on dit, les innombrables Comit\u00e9s de soutien qui se sont multipli\u00e9s en France.<\/p>\n<p style=\"text-align: justify\">Dimanche Salah sera chez lui. Il va d\u00e9couvrir et devoir s\u2019approprier un monde nouveau et imaginer, en prenant un temps n\u00e9cessaire et m\u00e9rit\u00e9, une \u00e9tape nouvelle de sa vie. Il va devoir se reconstruire en imaginant l\u2019avenir au go\u00fbt de libert\u00e9. Nous resterons \u00e0 ses c\u00f4t\u00e9s. Nous voulons vous signaler sans attendre plusieurs points\u00a0:<\/p>\n<p style=\"text-align: justify\">\u00b0 Une adresse \u00e9lectronique a \u00e9t\u00e9 ouverte qui lui est strictement personnelle. Vous pourrez communiquer avec lui d\u00e8s lundi\u00a0: <a href=\"mailto:salah_hamouri@hotmail.com\">salah_hamouri@hotmail.com<\/a><\/p>\n<p style=\"text-align: justify\">\u00b0 Notre Comit\u00e9 de soutien va s\u2019\u00e9teindre mais pas avant avoir accompli jusqu\u2019au bout son devoir et sa mission. En particulier nous resterons disponibles pour, le temps venu, organiser sa venue en France o\u00f9 il a beaucoup d\u2019amis et d\u2019amies \u00e0 remercier. Il a \u00e0 nous parler aussi.<\/p>\n<p style=\"text-align: justify\">\u00b0 Notre Comit\u00e9 de soutien dispose, c\u2019est sur le site <a href=\"http:\/\/www.salah-hamouri.fr\/souscription\" target=\"_blank\">http:\/\/www.salah-hamouri.fr\/souscription<\/a>, la somme de 13.683, 64 euros. Nous proposons de lui envoyer \u00e0 J\u00e9rusalem pour qu\u2019il puisse disposer de quelques moyens pour se reconstruire. Nous fermerons les comptes dans un mois. Celles et ceux qui veulent abonder en ce sens peuvent donc encore le faire.<\/p>\n<p style=\"text-align: justify\">\u00b0 Une adresse postale est aussi disponible o\u00f9 lettres ou d\u2019autres envois peuvent \u00eatre effectu\u00e9s\u00a0: Salah Hamouri &#8211; Po BOX 19587 &#8211;\u00a021, Nablus Road &#8211; Jerusalem &#8211;\u00a0Israel<\/p>\n<p style=\"text-align: justify\"><em>France-palestine.org, Jean-Claude Lefort, 15 d\u00e9cembre 2011<\/em><\/p>\n<\/div>\n","protected":false},"excerpt":{"rendered":"<p>Enfin libre\u00a0! Au terme d\u2019une journ\u00e9e tr\u00e8s tendue, nous avons donc appris hier \u00e0 19 heures que Salah Hamouri ferait partie de la seconde vague de lib\u00e9ration et qu\u2019il rejoindrait sa famille \u00e0 J\u00e9rusalem-Est dimanche 18 d\u00e9cembre apr\u00e8s avoir subi injustement 6 ans, 9 mois et 7 jours de prison dans les ge\u00f4les isra\u00e9liennes. Nous &hellip; <a href=\"https:\/\/fa86.noblogs.org\/?p=1771\" class=\"more-link\">Continuer la lecture de <span class=\"screen-reader-text\">[Isra\u00ebl] Lib\u00e9ration prochaine de Salah Hamouri<\/span> <span class=\"meta-nav\">&rarr;<\/span><\/a><\/p>\n","protected":false},"author":2691,"featured_media":0,"comment_status":"open","ping_status":"open","sticky":false,"template":"","format":"standard","meta":{"footnotes":""},"categories":[20,11,16],"tags":[],"class_list":["post-1771","post","type-post","status-publish","format-standard","hentry","category-feu-aux-prisons","category-ni-patrie-ni-frontiere","category-repression"],"_links":{"self":[{"href":"https:\/\/fa86.noblogs.org\/index.php?rest_route=\/wp\/v2\/posts\/1771","targetHints":{"allow":["GET"]}}],"collection":[{"href":"https:\/\/fa86.noblogs.org\/index.php?rest_route=\/wp\/v2\/posts"}],"about":[{"href":"https:\/\/fa86.noblogs.org\/index.php?rest_route=\/wp\/v2\/types\/post"}],"author":[{"embeddable":true,"href":"https:\/\/fa86.noblogs.org\/index.php?rest_route=\/wp\/v2\/users\/2691"}],"replies":[{"embeddable":true,"href":"https:\/\/fa86.noblogs.org\/index.php?rest_route=%2Fwp%2Fv2%2Fcomments&post=1771"}],"version-history":[{"count":2,"href":"https:\/\/fa86.noblogs.org\/index.php?rest_route=\/wp\/v2\/posts\/1771\/revisions"}],"predecessor-version":[{"id":1773,"href":"https:\/\/fa86.noblogs.org\/index.php?rest_route=\/wp\/v2\/posts\/1771\/revisions\/1773"}],"wp:attachment":[{"href":"https:\/\/fa86.noblogs.org\/index.php?rest_route=%2Fwp%2Fv2%2Fmedia&parent=1771"}],"wp:term":[{"taxonomy":"category","embeddable":true,"href":"https:\/\/fa86.noblogs.org\/index.php?rest_route=%2Fwp%2Fv2%2Fcategories&post=1771"},{"taxonomy":"post_tag","embeddable":true,"href":"https:\/\/fa86.noblogs.org\/index.php?rest_route=%2Fwp%2Fv2%2Ftags&post=1771"}],"curies":[{"name":"wp","href":"https:\/\/api.w.org\/{rel}","templated":true}]}}