{"id":1774,"date":"2011-12-16T12:25:46","date_gmt":"2011-12-16T11:25:46","guid":{"rendered":"http:\/\/fa86.noblogs.org\/?p=1774"},"modified":"2011-12-16T13:09:32","modified_gmt":"2011-12-16T12:09:32","slug":"poitiers-sans-papier-ni-frontiere","status":"publish","type":"post","link":"https:\/\/fa86.noblogs.org\/?p=1774","title":{"rendered":"[Poitiers] Rassemblement de solidarit\u00e9 avec les migrant-e-s"},"content":{"rendered":"<figure id=\"attachment_1780\" aria-describedby=\"caption-attachment-1780\" style=\"width: 500px\" class=\"wp-caption aligncenter\"><a href=\"http:\/\/sd-2.archive-host.com\/membres\/images\/169503879659945487\/17-12.jpg\"><img loading=\"lazy\" decoding=\"async\" class=\"size-full wp-image-1780\" src=\"https:\/\/fa86.noblogs.org\/files\/2011\/12\/17-12-resize.jpg\" alt=\"\" width=\"500\" height=\"354\" srcset=\"https:\/\/fa86.noblogs.org\/files\/2011\/12\/17-12-resize.jpg 500w, https:\/\/fa86.noblogs.org\/files\/2011\/12\/17-12-resize-300x212.jpg 300w\" sizes=\"auto, (max-width: 500px) 100vw, 500px\" \/><\/a><figcaption id=\"caption-attachment-1780\" class=\"wp-caption-text\">cliquez sur l&#039;image pour l&#039;agrandir<\/figcaption><\/figure>\n<h2 style=\"text-align: center\"><strong>Rassemblement de solidarit\u00e9 avec les migrant-e-s<br \/>\nSamedi 17 d\u00e9cembre 2011 \u00e0 15h30<br \/>\nPlace d&rsquo;armes &#8211; Poitiers<\/strong><\/h2>\n<p style=\"text-align: justify\"><em>Voici le tract commun <a href=\"https:\/\/fa86.noblogs.org\/files\/2011\/12\/sanspapiernifrontiere.pdf\">(dispo ici en pdf)<\/a>, qui sera diffus\u00e9 demain apr\u00e8s-midi, devant la mairie de Poitiers :<\/em><\/p>\n<h2><strong>SANS PAPIER&#8230; NI FRONTI\u00c8RE !<\/strong><\/h2>\n<p style=\"text-align: justify\">L&rsquo;\u00e9conomie se restructure. Les m\u00e9dias appellent \u00e7a la crise. Vous y \u00eates habitu\u00e9-e, on vous en fait bouffer depuis tout gosse, de la crise. C&rsquo;est un bon alibi pour reprendre les miettes arrach\u00e9es par des d\u00e9cennies de lutte. C&rsquo;est aussi un bon alibi pour durcir les politiques (anti)migratoires.<\/p>\n<p style=\"text-align: justify\">Les gens de pouvoir atomisent le lien social, cr\u00e9ent la peur de l&rsquo;\u00c9tranger. Puis surfent sur cette peur pour instaurer des lois s\u00e9curitaires destin\u00e9es \u00e0 prot\u00e9ger le travail, la s\u00e9curit\u00e9 nationale\u2026 C&rsquo;est le fonds de commerce de la droite fran\u00e7aise depuis toujours.<\/p>\n<p style=\"text-align: justify\">La gauche ne fait pas dans la dentelle non plus. Juste avant l&rsquo;occupation nazie, elle avait d\u00e9j\u00e0 ouvert des camps de concentration pour les r\u00e9fugi\u00e9-e-s fuyant l&rsquo;Espagne franquiste. C&rsquo;est d&rsquo;un de ces centres qu&rsquo;est parti le premier convoi fran\u00e7ais pour les camps d&rsquo;extermination par le travail en Allemagne nazie.<\/p>\n<p style=\"text-align: justify\">En 1981, la gauche en arrivant au pouvoir a clairement choisi son camp : plut\u00f4t que d&rsquo;assouplir les politiques migratoires, elle a l\u00e9galis\u00e9 ces lieux o\u00f9 la police parquait ill\u00e9galement les migrant-e-s avant de les expulser du territoire. Les centres de r\u00e9tention administrative naissaient.<\/p>\n<p style=\"text-align: justify\">Le retour de la droite aux affaires a vu la succession de lois durcissant les conditions de vie des migrant-e-s \u00e0 d\u00e9faut d&rsquo;enrayer les flux migratoires. Nous touchons l\u00e0 un point crucial. Le pouvoir \u00e9conomique trouve clairement son compte dans l\u2019existence d\u2019une main-d\u2019\u0153uvre bon march\u00e9 et docile.<\/p>\n<p style=\"text-align: justify\">Qui y a-t-il de plus docile qu&rsquo;une personne \u00e9loign\u00e9e de ses proches, qui n&rsquo;a pas d\u00e9velopp\u00e9 les liens de solidarit\u00e9 n\u00e9cessaires \u00e0 la moindre action de r\u00e9sistance face \u00e0 la force de frappe capitaliste ? Si en plus cette personne a fui la guerre que les puissances industrielles ont gentiment amen\u00e9 \u00e0 sa porte\u2026<\/p>\n<p style=\"text-align: justify\">L&rsquo;immigration n&rsquo;est pas une histoire de terroristes qui cherchent \u00e0 venir frapper la m\u00e9tropole en plein c\u0153ur \u2013 m\u00eame si on se demande parfois si la m\u00e9tropole ne le chercherait pas un peu\u2026 Ni de barbares cherchant \u00e0 piller les richesses de la m\u00e9tropole \u2013 m\u00eame si chaque reconqu\u00eate de richesses spoli\u00e9es ne nous semble finalement que Justice.<\/p>\n<p style=\"text-align: justify\">Les perspectives de conditions de vie moins rudes, les espoirs d&rsquo;ascension sociale, la n\u00e9cessit\u00e9 d&rsquo;\u00e9chapper \u00e0 des pers\u00e9cutions politiques, religieuses, ethniques, voil\u00e0 ce qui pousse \u00e0 migrer. Au nom de cela, les migrant-e-s en situation irr\u00e9guli\u00e8re se taisent souvent, se cachent parfois, travaillent dur, payent l&rsquo;imp\u00f4t sans en b\u00e9n\u00e9ficier.<\/p>\n<p style=\"text-align: justify\">\u00c0 cela vient s&rsquo;ajouter cette pr\u00e9carisation cr\u00e9\u00e9e de toutes pi\u00e8ces. Par les successions de lois, de circulaires. Par l&rsquo;arbitraire des pr\u00e9fectures qui ne respectent m\u00eame pas la l\u00e9gislation gerbante qu&rsquo;elles sont cens\u00e9es faire appliquer.<\/p>\n<p style=\"text-align: justify\">Ainsi, un-e migrant-e peut se voir priv\u00e9-e durablement des maigres moyens de subsistance que lui fournissent sontaf et les allocations de la CAF, alors m\u00eame qu&rsquo;un tribunal aura ordonn\u00e9 \u00e0 la pr\u00e9fecture qu&rsquo;elle lui d\u00e9livre un titre de s\u00e9jour \u2013 condition sine qua non pour la validit\u00e9 d&rsquo;un contrat de travail et le droit aux allocs.<\/p>\n<p style=\"text-align: justify\">Avec la fin de l&rsquo;ann\u00e9e civile, c&rsquo;est la chasse aux sans-papiers qui s&rsquo;intensifie. Le ministre de l&rsquo;Int\u00e9rieur a promis 30 000 reconduites \u00e0 la fronti\u00e8re pour 2011. Les services de la police nationale doivent mettre un dernier coup de collier pour ne pas faire mentir le patron. Sur le terrain, les CRS, la police aux fronti\u00e8res et les autres roquets en bleu fonc\u00e9 vont pouvoir s&rsquo;en donner \u00e0 c\u0153ur joie.<\/p>\n<p style=\"text-align: justify\">Nous voulons d\u00e9finitivement mettre en \u00e9chec ces politiques (anti)migratoires et d\u00e9truire le syst\u00e8me qui les met en place. Nous n&rsquo;attendons rien des \u00e9lections, rien non plus des humanitaires qui vivent de la gestion de ce d\u00e9sastre humain. Nous ne cesserons de nous agiter tant qu&rsquo;il ne sera pas possible de vivre l&rsquo;\u00c9galit\u00e9 dans la Libert\u00e9.<\/p>\n<p style=\"text-align: justify\">Organisation Communiste Libertaire du Poitou<br \/>\nGroupe Pavillon Noir, F\u00e9d\u00e9ration anarchiste de la Vienne<br \/>\nComit\u00e9 poitevin contre la r\u00e9pression des mouvements sociaux<br \/>\nSolidarit\u00e9 des \u00c9tudiant.e.s de Lyc\u00e9es et de Facult\u00e9s de la Vienne<\/p>\n","protected":false},"excerpt":{"rendered":"<p>Rassemblement de solidarit\u00e9 avec les migrant-e-s Samedi 17 d\u00e9cembre 2011 \u00e0 15h30 Place d&rsquo;armes &#8211; Poitiers Voici le tract commun (dispo ici en pdf), qui sera diffus\u00e9 demain apr\u00e8s-midi, devant la mairie de Poitiers : SANS PAPIER&#8230; NI FRONTI\u00c8RE ! L&rsquo;\u00e9conomie se restructure. Les m\u00e9dias appellent \u00e7a la crise. Vous y \u00eates habitu\u00e9-e, on vous &hellip; <a href=\"https:\/\/fa86.noblogs.org\/?p=1774\" class=\"more-link\">Continuer la lecture de <span class=\"screen-reader-text\">[Poitiers] Rassemblement de solidarit\u00e9 avec les migrant-e-s<\/span> <span class=\"meta-nav\">&rarr;<\/span><\/a><\/p>\n","protected":false},"author":2691,"featured_media":0,"comment_status":"open","ping_status":"open","sticky":false,"template":"","format":"standard","meta":{"footnotes":""},"categories":[9,11],"tags":[],"class_list":["post-1774","post","type-post","status-publish","format-standard","hentry","category-la-rue-grogne","category-ni-patrie-ni-frontiere"],"_links":{"self":[{"href":"https:\/\/fa86.noblogs.org\/index.php?rest_route=\/wp\/v2\/posts\/1774","targetHints":{"allow":["GET"]}}],"collection":[{"href":"https:\/\/fa86.noblogs.org\/index.php?rest_route=\/wp\/v2\/posts"}],"about":[{"href":"https:\/\/fa86.noblogs.org\/index.php?rest_route=\/wp\/v2\/types\/post"}],"author":[{"embeddable":true,"href":"https:\/\/fa86.noblogs.org\/index.php?rest_route=\/wp\/v2\/users\/2691"}],"replies":[{"embeddable":true,"href":"https:\/\/fa86.noblogs.org\/index.php?rest_route=%2Fwp%2Fv2%2Fcomments&post=1774"}],"version-history":[{"count":10,"href":"https:\/\/fa86.noblogs.org\/index.php?rest_route=\/wp\/v2\/posts\/1774\/revisions"}],"predecessor-version":[{"id":1787,"href":"https:\/\/fa86.noblogs.org\/index.php?rest_route=\/wp\/v2\/posts\/1774\/revisions\/1787"}],"wp:attachment":[{"href":"https:\/\/fa86.noblogs.org\/index.php?rest_route=%2Fwp%2Fv2%2Fmedia&parent=1774"}],"wp:term":[{"taxonomy":"category","embeddable":true,"href":"https:\/\/fa86.noblogs.org\/index.php?rest_route=%2Fwp%2Fv2%2Fcategories&post=1774"},{"taxonomy":"post_tag","embeddable":true,"href":"https:\/\/fa86.noblogs.org\/index.php?rest_route=%2Fwp%2Fv2%2Ftags&post=1774"}],"curies":[{"name":"wp","href":"https:\/\/api.w.org\/{rel}","templated":true}]}}