{"id":1789,"date":"2011-12-16T14:30:44","date_gmt":"2011-12-16T13:30:44","guid":{"rendered":"http:\/\/fa86.noblogs.org\/?p=1789"},"modified":"2011-12-16T14:32:04","modified_gmt":"2011-12-16T13:32:04","slug":"ils-auront-beau-nous-mettre-en-cage","status":"publish","type":"post","link":"https:\/\/fa86.noblogs.org\/?p=1789","title":{"rendered":"ILS AURONT BEAU NOUS METTRE EN CAGE"},"content":{"rendered":"<p style=\"text-align: justify\"><a href=\"http:\/\/nantes.indymedia.org\/article\/24861\" target=\"_blank\">SOLIDARITE AVEC LES INCULPE-E-S DE NANTES ET DE PARIS !<\/a><\/p>\n<blockquote><p>Certains passages ont \u00e9t\u00e9 retir\u00e9s de la lettre originale afin de pouvoir diffuser ce cri de solidarit\u00e9 publiquement.<br \/>\nLeur absence est mat\u00e9rialis\u00e9e par \u00e7a : [&#8230;]<\/p><\/blockquote>\n<p style=\"text-align: justify\">ILS AURONT BEAU NOUS METTRE EN CAGE,<br \/>\nILS NE FERONT QUE REMETTRE DE LA POUDRE SUR LE FEU DE NOS RAGES\u00a0!<br \/>\nLIBERTE POUR TOU-TE-S LES PRISONNIER-E-S\u00a0!<br \/>\nSOLIDARITE AVEC LES INCULPE-E-S DE NANTES ET DE PARIS\u00a0!<\/p>\n<p style=\"text-align: justify\">Maison d&rsquo;arr\u00eat des femmes. Seysses.<br \/>\nLe vendredi 9 d\u00e9cembre 2011.<\/p>\n<p style=\"text-align: justify\">Je souhaite tout d&rsquo;abord exprimer ma plus enti\u00e8re solidarit\u00e9 aux copains et copines r\u00e9cemment inculp\u00e9-e-s \u00e0 Nantes suite \u00e0 une action de recouvrement de couleurs des locaux de ces charognards de VINCI. Et exprimer ma solidarit\u00e9 \u00e0 celles et ceux qui \u00e9taient jusqu&rsquo; alors sous contr\u00f4le judiciaire en Ile de France et r\u00e9cemment inculp\u00e9-e-s suite \u00e0 l&rsquo;instruction du juge Brunaud, avec, parmi les accusations, celles de \u00ab\u00a0participation \u00e0 un groupement form\u00e9 en vue de la r\u00e9alisation d&rsquo;actes terroristes\u00a0\u00bb et \u00ab\u00a0d\u00e9tention et transport d&rsquo;explosifs\u00a0\u00bb.<\/p>\n<p style=\"text-align: justify\">L&rsquo;\u00e9tau se serre un peu plus, les cha\u00eenes sont alourdies, la chasse aux m\u00e9chant-e-s membres de la mouvance anarcho pouet pouet est \u00e0 nouveau ouverte\u00a0, ses rouleaux compresseurs font craquer nos vert\u00e8bres en roulant sur nos dos pour nous obliger \u00e0 courber l&rsquo;\u00e9chine.<\/p>\n<p style=\"text-align: justify\">Depuis la prison pour femmes de Seysses, je voudrais vous envoyer toute ma solidarit\u00e9. Une fois de plus ils profitent d&rsquo;avoir des gens sous la main pour les charger encore et encore. J&rsquo;imagine que suite \u00e0 cela, ils vont remettre en question votre libert\u00e9 sous contr\u00f4le judiciaire et tenter de vous incarc\u00e9rer \u00e0 nouveau.<\/p>\n<p style=\"text-align: justify\">Ces coups de filet r\u00e9pressifs dans toute la (f)rance tombent dans un contexte o\u00f9 r\u00e9formes de la garde \u00e0 vue, durcissement des mesures concernant les mineur-\u00a0e-s et int\u00e9gration des genti-lle-s citoyen-ne-s dans les salles d&rsquo;audience correctionnelles, se disputent\u00a0pour redorer l&rsquo;image de la justice et de son bras arm\u00e9 la police. Une justice \u00e0 notre image donc\u00a0? O\u00f9 les condamnations seront rendues par nos pairs\u00a0? Une justice qui fera donc appel \u00e0 des personnes n&rsquo;ayant pas eu de notions de droit et peu d&rsquo;exp\u00e9riences des tenants et aboutissants d&rsquo;une cour de justice se mettront \u00e0 juger la p\u00e8gre, quand les plus grands magistrats s&rsquo;occuperont des d\u00e9lits d&rsquo;initi\u00e9s et autres d\u00e9tournements de fonds. Une justice \u00e0 notre image. Demander plus de professionnels ou de formation pour les jur\u00e9s et les citoyen-ne-s assesseur-e-s n&rsquo;a pour moi pas plus d&rsquo;int\u00e9r\u00eat que de demander \u00e0 l&rsquo;oppresseur de me desserrer un tout petit peu mes menottes ou de changer la couleur de la peinture de ma cellule. Si la justice \u00e9tait telle que nous la voulons&#8230;.<\/p>\n<p style=\"text-align: justify\">Malheureusement c&rsquo;est pas pour tout de suite. Ici, c&rsquo;est plut\u00f4t l&rsquo;inverse qui se dessine. Il est pr\u00e9vu pour janvier de remplacer les barreaux existants par des grilles. Finie la lumi\u00e8re du soleil qui arrive un peu \u00e0 rentrer dans la cellule, finie la vue sur la cour de promenade, finie la d\u00e9panne entre meufs gr\u00e2ce au yoyo.<br \/>\nApprofondir un peu plus l&rsquo;isolement sensoriel de la taule. Apr\u00e8s le go\u00fbt gr\u00e2ce aux fameux plats sans saveur de la SIGES\/SODEXO\u00a0, apr\u00e8s la transformation du silence en bruit de fond de la soufflerie et de voix qui r\u00e9sonnent dans toute la taule, ces cellules o\u00f9 tu entends sans distinguer ce qui se passe dans les couloirs mais o\u00f9 de dehors personne ne t&rsquo;entend, apr\u00e8s l&rsquo;odeur aseptis\u00e9e de la taule o\u00f9 t&rsquo;arrives juste \u00e0 distinguer ce qui est de la javel et ce qui n&rsquo;en est pas, apr\u00e8s la disparition de tout contat tactile avec les gens qui t&rsquo;entourent, sauf pour te passer les menottes, apr\u00e8s la transformation de l&rsquo;appr\u00e9ciation du temps, qui maintenant vient se caler sur le cliquetis des cl\u00e9s des matonnes. La vue se retrouvera non plus stopp\u00e9e aux murs d&rsquo;enceinte et morcel\u00e9e par les barreaux et grillages mais sera limit\u00e9e \u00e0 des pixels de 5cm de c\u00f4t\u00e9. Comme \u00e0 la prison de St Paul \u00e0 Lyon, ou comme au SMPR [Service M\u00e9dico-Psychologique R\u00e9gional] de cette m\u00eame maison d&rsquo;arr\u00eat de Seysses. Le pr\u00e9texte serait que les d\u00e9tenues balancent tous leurs d\u00e9chets par la fen\u00eatre. Sous le vernis hygi\u00e9niste teint\u00e9 d&rsquo;\u00e9cologisme \u00e0 deux balles se cache la volont\u00e9 de couper les petits actes de d\u00e9panne entre d\u00e9tenues\u00a0; possibles gr\u00e2ce au yoyo. T&rsquo;as pas de clopes, pas de sel, bein tu attendras la promenade pour te faire d\u00e9panner. Modernisation des conditions de d\u00e9tention, qu&rsquo;ils disent, accentuation de l&rsquo;isolement de la mis\u00e8re, plut\u00f4t.<\/p>\n<p style=\"text-align: justify\">La prison, ce pilier de ce monde, qui fait que tout le reste tourne.<br \/>\nSans taules, comment nous obliger \u00e0 accepter notre condition de travailleur-euse asservi-e au patron , docile et exploit\u00e9-e afin d&rsquo;engraisser de juteux b\u00e9n\u00e9fices.<br \/>\nSans taules, comment nous emp\u00eacher de contester la mise en place de leurs lois racistes, classistes, sexistes.<br \/>\nSans taules, comment nous obliger \u00e0 payer tout ce dont on a besoin quand on pourrait simplement le prendre&#8230;<br \/>\nSans taules, comment nous obliger \u00e0 se faire voler par les banques [\u2026].<br \/>\nSans taules, comment nous conditionner \u00e0 \u00eatre de bon-ne-s citoyen-ne-s.<br \/>\nSans taules, comment nous monter les un-e-s contre les autres.<br \/>\nSans taules, comment nous isoler dans la peur et l&rsquo;asservissement.<br \/>\n[&#8230;]<\/p>\n<p style=\"text-align: justify\">Ils n&rsquo;ont n\u00e9anmoins pas encore tout \u00e0 fait r\u00e9ussi \u00e0 enfermer nos rages, nos haines et nos envies de libert\u00e9. Des tentatives funestes cependant, gr\u00e2ce aux gavages de cachetons pour celles et ceux qui sont hors de leurs normes de la perception et du comportement. Mais pour tou-te-s celles et ceux que la psychiatrie n&rsquo;a pas encore ecras\u00e9-e-s, la haine, la rage et l&rsquo;amour de la libert\u00e9 ne pourront jamais \u00eatre enferm\u00e9s et conditionn\u00e9s.<br \/>\nC&rsquo;est de la nitroglyc\u00e9rine en attente&#8230;<\/p>\n<p style=\"text-align: justify\">[&#8230;] ses d\u00e9fenseur-euse-s et ses faux critiques avec\u00a0!<\/p>\n<p style=\"text-align: justify\">Pour tous ceux et toutes celles assassin\u00e9-e-s par l&rsquo;appareil judiciaire et la psychiatrie, une pens\u00e9e pour vous, la vengeance [&#8230;]<\/p>\n<p style=\"text-align: justify\">Pour tous-toutes les enferm\u00e9-e-s dedans, courage et toute ma solidarit\u00e9.<\/p>\n<p style=\"text-align: justify\">Pour tous-toutes les enferm\u00e9-e-s dehors, solidarit\u00e9 car le monde n&rsquo;est pas plus beau, et merci d&rsquo;\u00eatre l\u00e0.<\/p>\n<p style=\"text-align: justify\">Une enrag\u00e9e encag\u00e9e depuis le 15 novembre 2011.<\/p>\n<p style=\"text-align: justify\"><em>Indymedia Nantes, 16 d\u00e9cembre 2011<\/em><\/p>\n","protected":false},"excerpt":{"rendered":"<p>SOLIDARITE AVEC LES INCULPE-E-S DE NANTES ET DE PARIS ! Certains passages ont \u00e9t\u00e9 retir\u00e9s de la lettre originale afin de pouvoir diffuser ce cri de solidarit\u00e9 publiquement. Leur absence est mat\u00e9rialis\u00e9e par \u00e7a : [&#8230;] ILS AURONT BEAU NOUS METTRE EN CAGE, ILS NE FERONT QUE REMETTRE DE LA POUDRE SUR LE FEU DE &hellip; <a href=\"https:\/\/fa86.noblogs.org\/?p=1789\" class=\"more-link\">Continuer la lecture de <span class=\"screen-reader-text\">ILS AURONT BEAU NOUS METTRE EN CAGE<\/span> <span class=\"meta-nav\">&rarr;<\/span><\/a><\/p>\n","protected":false},"author":2691,"featured_media":0,"comment_status":"open","ping_status":"open","sticky":false,"template":"","format":"standard","meta":{"footnotes":""},"categories":[20,16],"tags":[],"class_list":["post-1789","post","type-post","status-publish","format-standard","hentry","category-feu-aux-prisons","category-repression"],"_links":{"self":[{"href":"https:\/\/fa86.noblogs.org\/index.php?rest_route=\/wp\/v2\/posts\/1789","targetHints":{"allow":["GET"]}}],"collection":[{"href":"https:\/\/fa86.noblogs.org\/index.php?rest_route=\/wp\/v2\/posts"}],"about":[{"href":"https:\/\/fa86.noblogs.org\/index.php?rest_route=\/wp\/v2\/types\/post"}],"author":[{"embeddable":true,"href":"https:\/\/fa86.noblogs.org\/index.php?rest_route=\/wp\/v2\/users\/2691"}],"replies":[{"embeddable":true,"href":"https:\/\/fa86.noblogs.org\/index.php?rest_route=%2Fwp%2Fv2%2Fcomments&post=1789"}],"version-history":[{"count":3,"href":"https:\/\/fa86.noblogs.org\/index.php?rest_route=\/wp\/v2\/posts\/1789\/revisions"}],"predecessor-version":[{"id":1791,"href":"https:\/\/fa86.noblogs.org\/index.php?rest_route=\/wp\/v2\/posts\/1789\/revisions\/1791"}],"wp:attachment":[{"href":"https:\/\/fa86.noblogs.org\/index.php?rest_route=%2Fwp%2Fv2%2Fmedia&parent=1789"}],"wp:term":[{"taxonomy":"category","embeddable":true,"href":"https:\/\/fa86.noblogs.org\/index.php?rest_route=%2Fwp%2Fv2%2Fcategories&post=1789"},{"taxonomy":"post_tag","embeddable":true,"href":"https:\/\/fa86.noblogs.org\/index.php?rest_route=%2Fwp%2Fv2%2Ftags&post=1789"}],"curies":[{"name":"wp","href":"https:\/\/api.w.org\/{rel}","templated":true}]}}