{"id":1793,"date":"2011-12-16T14:34:54","date_gmt":"2011-12-16T13:34:54","guid":{"rendered":"http:\/\/fa86.noblogs.org\/?p=1793"},"modified":"2011-12-16T14:35:33","modified_gmt":"2011-12-16T13:35:33","slug":"quebec-emeute-au-centre-de-retention","status":"publish","type":"post","link":"https:\/\/fa86.noblogs.org\/?p=1793","title":{"rendered":"[Qu\u00e9bec] Emeute au centre de r\u00e9tention"},"content":{"rendered":"<h2 style=\"text-align: justify\"><a href=\"http:\/\/cettesemaine.free.fr\/spip\/article.php3?id_article=4591\" target=\"_blank\">Emeute au centre de d\u00e9tention de Qu\u00e9bec<\/a><\/h2>\n<p style=\"text-align: justify\">Une \u00e9meute impliquant cinq d\u00e9tenus a \u00e9clat\u00e9 \u00e0 la prison d\u2019Orsainville dans la nuit de samedi \u00e0 dimanche, causant pour quelques dizaines de milliers de dollars de d\u00e9g\u00e2ts \u00e0 l\u2019\u00e9tablissement.<\/p>\n<p style=\"text-align: justify\">\u00a0Selon le procureur de la Couronne au dossier, Me \u00c9ric Beaus\u00e9jour, deux individus auraient r\u00e9ussi, vers 23 h, \u00e0 arracher la porte de leur cellule. Le duo aurait par la suite aid\u00e9 d\u2019autres d\u00e9tenus \u00e0 effectuer la m\u00eame chose.<\/p>\n<p style=\"text-align: justify\">\u00a0Au total, quatre portes de cellules ont finalement c\u00e9d\u00e9 sous la force. Les d\u00e9tenus ont aussi \u00e9t\u00e9 en mesure de d\u00e9foncer une porte mitoyenne, qui divisait le secteur en deux parties, en plus d\u2019endommager fortement la fen\u00eatre d\u2019une console o\u00f9 des agents correctionnels faisaient de la surveillance. Un seul d\u00e9tenu, qui prenait part \u00e0 l\u2019\u00e9meute, aurait \u00e9t\u00e9 bless\u00e9 dans cette affaire.<\/p>\n<p style=\"text-align: justify\">\u00a0Les policiers n\u2019ont toutefois pas eu \u00e0 intervenir directement dans l\u2019\u00e9tablissement. \u00ab\u00a0L\u2019\u00e9quipe correctionnelle d\u2019intervention d\u2019urgence a permis de contr\u00f4ler rapidement la situation\u00a0\u00bb, a expliqu\u00e9 Val\u00e9rie Savard, du minist\u00e8re de la S\u00e9curit\u00e9 publique, qui parle de \u00ab\u00a0d\u00e9sordre\u00a0\u00bb, plut\u00f4t que d\u2019une \u00ab\u00a0\u00e9meute\u00a0\u00bb.<\/p>\n<p style=\"text-align: justify\">\u00a0Une enqu\u00eate de la S\u00fbret\u00e9 du Qu\u00e9bec a permis l\u2019arrestation des d\u00e9tenus reli\u00e9s \u00e0 cet \u00e9v\u00e9nement. Il s\u2019agit de Steeve Frenette, 30 ans, Jonathan Giroux-Barras, 22 ans, Francis Mikhail, 30 ans, Ghyslain Daigle, 30 ans, et Miroslav Dragicevic, 19 ans&#8230;<\/p>\n<p style=\"text-align: justify\">\u00a0Les cinq individus, qui \u00e9taient d\u00e9tenus de mani\u00e8re provisoire en attendant la suite des proc\u00e9dures judiciaires dans d\u2019autres dossiers, ont fait face, jeudi, \u00e0 des accusations de bris avec l\u2019intention de commettre une \u00e9vasion, d\u2019avoir pris part \u00e0 une \u00e9meute et de m\u00e9fait de plus de 5 000 $.<\/p>\n<p style=\"text-align: justify\" align=\"justify\"><em>Le journal du qu\u00e9bec, 15 d\u00e9cembre 2011<\/em><\/p>\n","protected":false},"excerpt":{"rendered":"<p>Emeute au centre de d\u00e9tention de Qu\u00e9bec Une \u00e9meute impliquant cinq d\u00e9tenus a \u00e9clat\u00e9 \u00e0 la prison d\u2019Orsainville dans la nuit de samedi \u00e0 dimanche, causant pour quelques dizaines de milliers de dollars de d\u00e9g\u00e2ts \u00e0 l\u2019\u00e9tablissement. \u00a0Selon le procureur de la Couronne au dossier, Me \u00c9ric Beaus\u00e9jour, deux individus auraient r\u00e9ussi, vers 23 h, &hellip; <a href=\"https:\/\/fa86.noblogs.org\/?p=1793\" class=\"more-link\">Continuer la lecture de <span class=\"screen-reader-text\">[Qu\u00e9bec] Emeute au centre de r\u00e9tention<\/span> <span class=\"meta-nav\">&rarr;<\/span><\/a><\/p>\n","protected":false},"author":2691,"featured_media":0,"comment_status":"open","ping_status":"open","sticky":false,"template":"","format":"standard","meta":{"footnotes":""},"categories":[20,11,16],"tags":[],"class_list":["post-1793","post","type-post","status-publish","format-standard","hentry","category-feu-aux-prisons","category-ni-patrie-ni-frontiere","category-repression"],"_links":{"self":[{"href":"https:\/\/fa86.noblogs.org\/index.php?rest_route=\/wp\/v2\/posts\/1793","targetHints":{"allow":["GET"]}}],"collection":[{"href":"https:\/\/fa86.noblogs.org\/index.php?rest_route=\/wp\/v2\/posts"}],"about":[{"href":"https:\/\/fa86.noblogs.org\/index.php?rest_route=\/wp\/v2\/types\/post"}],"author":[{"embeddable":true,"href":"https:\/\/fa86.noblogs.org\/index.php?rest_route=\/wp\/v2\/users\/2691"}],"replies":[{"embeddable":true,"href":"https:\/\/fa86.noblogs.org\/index.php?rest_route=%2Fwp%2Fv2%2Fcomments&post=1793"}],"version-history":[{"count":3,"href":"https:\/\/fa86.noblogs.org\/index.php?rest_route=\/wp\/v2\/posts\/1793\/revisions"}],"predecessor-version":[{"id":1796,"href":"https:\/\/fa86.noblogs.org\/index.php?rest_route=\/wp\/v2\/posts\/1793\/revisions\/1796"}],"wp:attachment":[{"href":"https:\/\/fa86.noblogs.org\/index.php?rest_route=%2Fwp%2Fv2%2Fmedia&parent=1793"}],"wp:term":[{"taxonomy":"category","embeddable":true,"href":"https:\/\/fa86.noblogs.org\/index.php?rest_route=%2Fwp%2Fv2%2Fcategories&post=1793"},{"taxonomy":"post_tag","embeddable":true,"href":"https:\/\/fa86.noblogs.org\/index.php?rest_route=%2Fwp%2Fv2%2Ftags&post=1793"}],"curies":[{"name":"wp","href":"https:\/\/api.w.org\/{rel}","templated":true}]}}