{"id":1801,"date":"2011-12-16T20:49:51","date_gmt":"2011-12-16T19:49:51","guid":{"rendered":"http:\/\/fa86.noblogs.org\/?p=1801"},"modified":"2011-12-16T20:49:51","modified_gmt":"2011-12-16T19:49:51","slug":"pays-bas-des-dizaines-de-milliers-de-mineurs-abuses-au-sein-de-leglise-catholique","status":"publish","type":"post","link":"https:\/\/fa86.noblogs.org\/?p=1801","title":{"rendered":"[Pays-Bas] des \u00ab\u00a0dizaines de milliers\u00a0\u00bb de mineurs abus\u00e9s au sein de l&rsquo;Eglise catholique"},"content":{"rendered":"<h2 style=\"text-align: justify\"><a href=\"http:\/\/actu.voila.fr\/actualites\/monde\/2011\/12\/16\/pays-bas-des-dizaines-de-milliers-de-mineurs-abuses-au-sein-de-l-eglise-catholique_1486226.html\" target=\"_blank\">Pays-Bas: des \u00ab\u00a0dizaines de milliers\u00a0\u00bb de mineurs abus\u00e9s au sein de l&rsquo;Eglise catholique<\/a><\/h2>\n<p style=\"text-align: justify\"><strong>\u00ab\u00a0Plusieurs dizaines de milliers de mineurs\u00a0\u00bb ont \u00e9t\u00e9 abus\u00e9s sexuellement au sein de l&rsquo;Eglise catholique des Pays-Bas entre 1945 et 2010, et 800 auteurs pr\u00e9sum\u00e9s ont pu \u00eatre identifi\u00e9s, selon une commission d&rsquo;enqu\u00eate ind\u00e9pendante qui a publi\u00e9 vendredi des chiffres d&rsquo;une ampleur in\u00e9dite.<\/strong><\/p>\n<p style=\"text-align: justify\">\u00ab\u00a0Au total, c&rsquo;est un chiffre absolument \u00e9norme\u00a0\u00bb, a d\u00e9clar\u00e9 l&rsquo;ancien ministre de l&rsquo;Education, Wim Deetman, lors de la publication du rapport de la commission dont il est le pr\u00e9sident, admettant toutefois qu&rsquo;il s&rsquo;agissait l\u00e0 d&rsquo;une estimation: \u00ab\u00a0le chiffre exact ne peut \u00eatre \u00e9tabli\u00a0\u00bb.<\/p>\n<p style=\"text-align: justify\">\u00ab\u00a0L&rsquo;Eglise catholique n\u00e9erlandaise savait ce qui se passait et a tent\u00e9 de r\u00e9soudre le probl\u00e8me mais cela n&rsquo;a pas fonctionn\u00e9\u00a0\u00bb, a affirm\u00e9 M. Deetman, au cours d&rsquo;une conf\u00e9rence de presse \u00e0 La Haye, pr\u00e9cisant que les abus sexuels allaient de \u00ab\u00a0l\u00e9gers contacts physiques\u00a0\u00bb \u00e0 la \u00ab\u00a0p\u00e9n\u00e9tration\u00a0\u00bb.<\/p>\n<p style=\"text-align: justify\">Se fondant sur les archives d&rsquo;institutions catholiques, il a assur\u00e9 que le probl\u00e8me des s\u00e9vices sexuels \u00e9tait \u00ab\u00a0au programme des r\u00e9unions \u00e9piscopales\u00a0\u00bb depuis les ann\u00e9es 1940.<\/p>\n<p style=\"text-align: justify\">Les \u00e9v\u00eaques n\u00e9erlandais ont aussit\u00f4t, dans un communiqu\u00e9, pr\u00e9sent\u00e9 leurs \u00ab\u00a0sinc\u00e8res excuses\u00a0\u00bb aux victimes, exprim\u00e9 leurs \u00ab\u00a0regrets\u00a0\u00bb et assur\u00e9 \u00eatre couverts de \u00ab\u00a0honte\u00a0\u00bb.<\/p>\n<p style=\"text-align: justify\">\u00ab\u00a0Il n&rsquo;y a pas que les auteurs qui sont \u00e0 bl\u00e2mer, les autorit\u00e9s religieuses n&rsquo;ont pas r\u00e9agi de fa\u00e7on ad\u00e9quate et n&rsquo;ont pas privil\u00e9gi\u00e9 les int\u00e9r\u00eats des victimes\u00a0\u00bb, ont-ils reconnu.<\/p>\n<p style=\"text-align: justify\">Apr\u00e8s plusieurs r\u00e9v\u00e9lations dans la presse de cas d&rsquo;abus sexuels pr\u00e9sum\u00e9s, la conf\u00e9rence \u00e9piscopale n\u00e9erlandaise et la conf\u00e9rence des instituts religieux n\u00e9erlandais avaient annonc\u00e9 le 9 mars 2010 vouloir une enqu\u00eate \u00ab\u00a0exhaustive, externe et ind\u00e9pendante\u00a0\u00bb sur la p\u00e9riode de 1945 \u00e0 nos jours.<\/p>\n<p style=\"text-align: justify\">Les estimations concernant le nombre de victimes ont \u00e9t\u00e9 notamment effectu\u00e9es gr\u00e2ce \u00e0 une enqu\u00eate men\u00e9e aupr\u00e8s de plus de 34.000 N\u00e9erlandais de 40 ans et plus, repr\u00e9sentatifs de la soci\u00e9t\u00e9.<\/p>\n<p style=\"text-align: justify\">Gr\u00e2ce \u00e0 pr\u00e8s de 1.800 signalements, environ 800 auteurs pr\u00e9sum\u00e9s d&rsquo;abus sexuels au sein de l&rsquo;Eglise catholique n\u00e9erlandaise, principalement des pr\u00eatres et religieux, mais \u00e9galement des la\u00efcs, ont \u00e9t\u00e9 identifi\u00e9s. Au moins 105 d&rsquo;entre eux sont encore en vie, selon la commission.<\/p>\n<p style=\"text-align: justify\">La question d&rsquo;\u00e9ventuelles poursuites judiciaires, pour des faits souvent prescrits, \u00ab\u00a0appartient au parquet\u00a0\u00bb, a soulign\u00e9 M. Deetman.<\/p>\n<p style=\"text-align: justify\">La commission explique la passivit\u00e9 des autorit\u00e9s religieuses notamment par le \u00ab\u00a0tabou\u00a0\u00bb que repr\u00e9sentait la sexualit\u00e9 dans la soci\u00e9t\u00e9 jusque dans les ann\u00e9es 1960 ainsi que par une structure administrative et une culture \u00ab\u00a0ferm\u00e9es\u00a0\u00bb au sein de l&rsquo;Eglise catholique.<\/p>\n<p style=\"text-align: justify\">\u00ab\u00a0Et puis, les gens ne pouvaient tout simplement pas croire qu&rsquo;un religieux puisse commettre de tels actes\u00a0\u00bb, a relev\u00e9 M. Deetman.<\/p>\n<p style=\"text-align: justify\">Une commission charg\u00e9e de conseiller l&rsquo;Eglise catholique n\u00e9erlandaise sur l&rsquo;indemnisation des victimes avait pr\u00e9conis\u00e9 le 20 juin de d<img loading=\"lazy\" decoding=\"async\" src=\"http:\/\/tr.de.std-adserver.net\/Cnt\/std-adserver\/CP\/WEBSITE\/Default?ord=58627048430&amp;CustomerId=std-adserver&amp;WebsiteId=WEBSITE&amp;AC=on\" alt=\"\" width=\"0\" height=\"0\" border=\"0\" \/> \u00e9dommager celles-ci en fonction de la gravit\u00e9 des abus, jusqu&rsquo;\u00e0 100.000 euros, une proposition que l&rsquo;Eglise catholique n\u00e9erlandaise avait adopt\u00e9e.<\/p>\n<p style=\"text-align: justify\">\u00ab\u00a0Les proc\u00e9dures et indemnisations ne suffisent pas\u00a0\u00bb, ont soulign\u00e9 les \u00e9v\u00eaques, affirmant vouloir mettre en place des \u00ab\u00a0codes de conduite\u00a0\u00bb et des \u00ab\u00a0programmes de pr\u00e9vention\u00a0\u00bb. Les faits punissables seront signal\u00e9s au parquet.<\/p>\n<p style=\"text-align: justify\">La commission Deetman a \u00e9galement soutenu qu&rsquo;il n&rsquo;y avait pas de \u00ab\u00a0lien direct\u00a0\u00bb entre les abus sexuels et le c\u00e9libat des pr\u00eatres, mais que ce dernier pr\u00e9sentait toutefois un \u00ab\u00a0risque\u00a0\u00bb en raison d\u00a0\u00bbun besoin de sexualit\u00e9\u00a0\u00bb.<\/p>\n<p style=\"text-align: justify\">L&rsquo;Eglise catholique est secou\u00e9e depuis plusieurs ann\u00e9es par une s\u00e9rie de scandales li\u00e9s \u00e0 la p\u00e9dophilie, notamment en Autriche, Belgique, Irlande, Allemagne et aux Etats-Unis.<\/p>\n<p style=\"text-align: justify\">En 2004 par exemple, une enqu\u00eate criminelle avait \u00e9tabli \u00e0 4.400 le nombre de pr\u00eatres p\u00e9dophiles aux Etats-Unis entre 1950 et 2002, et \u00e0 11.000 celui d&rsquo;enfants victimes.<\/p>\n<p style=\"text-align: justify\"><em>AFP, 16 d\u00e9cembre 2011<\/em><\/p>\n","protected":false},"excerpt":{"rendered":"<p>Pays-Bas: des \u00ab\u00a0dizaines de milliers\u00a0\u00bb de mineurs abus\u00e9s au sein de l&rsquo;Eglise catholique \u00ab\u00a0Plusieurs dizaines de milliers de mineurs\u00a0\u00bb ont \u00e9t\u00e9 abus\u00e9s sexuellement au sein de l&rsquo;Eglise catholique des Pays-Bas entre 1945 et 2010, et 800 auteurs pr\u00e9sum\u00e9s ont pu \u00eatre identifi\u00e9s, selon une commission d&rsquo;enqu\u00eate ind\u00e9pendante qui a publi\u00e9 vendredi des chiffres d&rsquo;une ampleur &hellip; <a href=\"https:\/\/fa86.noblogs.org\/?p=1801\" class=\"more-link\">Continuer la lecture de <span class=\"screen-reader-text\">[Pays-Bas] des \u00ab\u00a0dizaines de milliers\u00a0\u00bb de mineurs abus\u00e9s au sein de l&rsquo;Eglise catholique<\/span> <span class=\"meta-nav\">&rarr;<\/span><\/a><\/p>\n","protected":false},"author":2691,"featured_media":0,"comment_status":"open","ping_status":"open","sticky":false,"template":"","format":"standard","meta":{"footnotes":""},"categories":[24],"tags":[],"class_list":["post-1801","post","type-post","status-publish","format-standard","hentry","category-riposte-athee"],"_links":{"self":[{"href":"https:\/\/fa86.noblogs.org\/index.php?rest_route=\/wp\/v2\/posts\/1801","targetHints":{"allow":["GET"]}}],"collection":[{"href":"https:\/\/fa86.noblogs.org\/index.php?rest_route=\/wp\/v2\/posts"}],"about":[{"href":"https:\/\/fa86.noblogs.org\/index.php?rest_route=\/wp\/v2\/types\/post"}],"author":[{"embeddable":true,"href":"https:\/\/fa86.noblogs.org\/index.php?rest_route=\/wp\/v2\/users\/2691"}],"replies":[{"embeddable":true,"href":"https:\/\/fa86.noblogs.org\/index.php?rest_route=%2Fwp%2Fv2%2Fcomments&post=1801"}],"version-history":[{"count":2,"href":"https:\/\/fa86.noblogs.org\/index.php?rest_route=\/wp\/v2\/posts\/1801\/revisions"}],"predecessor-version":[{"id":1803,"href":"https:\/\/fa86.noblogs.org\/index.php?rest_route=\/wp\/v2\/posts\/1801\/revisions\/1803"}],"wp:attachment":[{"href":"https:\/\/fa86.noblogs.org\/index.php?rest_route=%2Fwp%2Fv2%2Fmedia&parent=1801"}],"wp:term":[{"taxonomy":"category","embeddable":true,"href":"https:\/\/fa86.noblogs.org\/index.php?rest_route=%2Fwp%2Fv2%2Fcategories&post=1801"},{"taxonomy":"post_tag","embeddable":true,"href":"https:\/\/fa86.noblogs.org\/index.php?rest_route=%2Fwp%2Fv2%2Ftags&post=1801"}],"curies":[{"name":"wp","href":"https:\/\/api.w.org\/{rel}","templated":true}]}}