{"id":1813,"date":"2011-12-17T13:31:38","date_gmt":"2011-12-17T12:31:38","guid":{"rendered":"http:\/\/fa86.noblogs.org\/?p=1813"},"modified":"2011-12-17T13:31:38","modified_gmt":"2011-12-17T12:31:38","slug":"poitiers-souffrance-au-travail","status":"publish","type":"post","link":"https:\/\/fa86.noblogs.org\/?p=1813","title":{"rendered":"[Poitiers] Souffrance au travail"},"content":{"rendered":"<h2 style=\"text-align: justify\"><a href=\"http:\/\/www.lanouvellerepublique.fr\/vienne\/ACTUALITE\/Economie\/Social\/Non-a-l-ouverture-des-commerces-le-dimanche\" target=\"_blank\">\u00a0\u00bb Non \u00a0\u00bb \u00e0 l&rsquo;ouverture des commerces le dimanche<\/a><\/h2>\n<h3 style=\"text-align: justify\">Travailler le dimanche : Gilbert Marteau y est oppos\u00e9 depuis toujours. C&rsquo;est l&rsquo;un de ses combats au sein du Syndicat multiprofessionnel des salari\u00e9s.<\/h3>\n<div style=\"text-align: justify\"><a title=\"Gilbert Marteau et ses amis et sympathisants du Syndicat Multiprofessionnel Salari\u00e9s, devant leur local, Grand'Rue.\u00a0-\u00a0(dr)\" href=\"http:\/\/www.lanouvellerepublique.fr\/var\/plain_site\/storage\/images\/nouvelle-republique.fr\/actualite\/economie\/social\/non-a-l-ouverture-des-commerces-le-dimanche\/113089429\/48683487-1-fre-FR\/113089429_reference.jpg\" target=\"_blank\"><img loading=\"lazy\" decoding=\"async\" src=\"http:\/\/www.lanouvellerepublique.fr\/var\/plain_site\/storage\/images\/nouvelle-republique.fr\/actualite\/economie\/social\/non-a-l-ouverture-des-commerces-le-dimanche\/113089429\/48683487-1-fre-FR\/113089429_image_article_droite_width.jpg\" alt=\"Gilbert Marteau et ses amis et sympathisants du Syndicat Multiprofessionnel Salari\u00e9s, devant leur local, Grand'Rue.\" width=\"490\" height=\"233\" \/> <\/a><\/p>\n<div>\u00a0<\/div>\n<p>Gilbert Marteau et ses amis et sympathisants du Syndicat Multiprofessionnel Salari\u00e9s, devant leur local, Grand&rsquo;Rue.\u00a0&#8211;\u00a0(dr)<\/p><\/div>\n<div>\n<div style=\"text-align: justify\"><a href=\"http:\/\/memorix.sdv.fr\/5c\/www.lanouvellerepublique.fr\/infoslocales\/economie_articles\/86\/poitiers\/930224051\/Position1\/SDV_LNRCO\/default\/empty.gif\/5575556e555537735763384142736e49\" target=\"_blank\"><img loading=\"lazy\" decoding=\"async\" src=\"http:\/\/memorix.sdv.fr\/5\/www.lanouvellerepublique.fr\/infoslocales\/economie_articles\/86\/poitiers\/930224051\/Position1\/SDV_LNRCO\/default\/empty.gif\/5575556e555537735763384142736e49?\" alt=\"\" width=\"1\" height=\"1\" border=\"0\" \/><\/a><\/div>\n<div>\n<p style=\"text-align: justify\">Au n\u00b0 181 de la Grand&rsquo;Rue, l&rsquo;exigu\u00eft\u00e9 des locaux n&rsquo;entame en rien la fermet\u00e9 du propos.<em> \u00ab Travailler le dimanche ? Jamais ! \u00bb<\/em> Gilbert Marteau, le secr\u00e9taire g\u00e9n\u00e9ral du SMS (Syndicat multiprofessionnel des salari\u00e9s) continue de se battre contre. M\u00eame si ann\u00e9e apr\u00e8s ann\u00e9e, les tenants du consum\u00e9risme gagnent bataille sur bataille.<br \/>\n<em>\u00ab On a assez de la semaine pour travailler ! \u00bb<\/em> ajoute Michel Lacolle qui travaille dans une entreprise de transports.<\/p>\n<p><strong>\u00a0\u00bb Le patronat veut tout d\u00e9r\u00e9glementer \u00a0\u00bb<\/strong><\/p>\n<p style=\"text-align: justify\">Jean L\u00e9ger, aujourd&rsquo;hui retrait\u00e9 <em>: \u00ab Le dimanche, il faut pr\u00e9server la vie de famille. Et chacun a le droit de pratiquer sa religion. D&rsquo;ailleurs, ce n&rsquo;est pas seulement avant No\u00ebl que l&rsquo;on empi\u00e8te sur le cong\u00e9 du dimanche, mais \u00e0 chaque f\u00eate religieuse ou nationale : Toussaint, 11 novembre&#8230; \u00bb <\/em><br \/>\nNi Gilbert Marteau ni ses coll\u00e8gues n&rsquo;iront faire leurs courses dans les commerces dimanche prochain. Pas plus qu&rsquo;ils ne s&rsquo;y sont rendus dimanche dernier<em>. \u00ab Il y a suffisamment d&rsquo;autres jours pour acheter. \u00bb<\/em><br \/>\nLeur combat est avant tout syndical.<em> \u00ab Le patronat veut tout d\u00e9r\u00e9glementer. Bient\u00f4t, il n&rsquo;y aura plus de code du travail. Dans les commerces, il a syst\u00e9matiquement recours au travail partiel. Dans un couple, il faut que les deux conjoints travaillent pour r\u00e9unir un salaire complet. \u00bb<\/em><br \/>\nEt qu&rsquo;on ne leur parle pas de volontariat. Michel Lacolle : <em>\u00ab On nous dit que les salari\u00e9s sont volontaires pour travailler le dimanche. Mais s&rsquo;ils refusent, ils craignent d&rsquo;\u00eatre licenci\u00e9s. \u00bb<\/em> Gilbert Marteau : <em>\u00ab J&rsquo;ai re\u00e7u ce mercredi une personne qui pleurait du fait de la pression qu&rsquo;elle subit au travail. Comment voulez-vous qu&rsquo;elle refuse de travailler si son patron le lui demande ? \u00bb<\/em><br \/>\nLe groupe s&rsquo;interroge sur la r\u00e9alit\u00e9 de l&rsquo;activit\u00e9 commerciale les dimanches d&rsquo;ouverture : <em>\u00ab On voit beaucoup de gens se promener dans les rues du centre-ville et les galeries marchandes. Mais combien ach\u00e8tent ? \u00bb<\/em><\/p>\n<p style=\"text-align: justify\"><em>Nouvelle R\u00e9publique, Jean-Jacques Boissonneau, 17 d\u00e9cembre 2011<\/em><\/p>\n<\/div>\n<\/div>\n","protected":false},"excerpt":{"rendered":"<p>\u00a0\u00bb Non \u00a0\u00bb \u00e0 l&rsquo;ouverture des commerces le dimanche Travailler le dimanche : Gilbert Marteau y est oppos\u00e9 depuis toujours. C&rsquo;est l&rsquo;un de ses combats au sein du Syndicat multiprofessionnel des salari\u00e9s. \u00a0 Gilbert Marteau et ses amis et sympathisants du Syndicat Multiprofessionnel Salari\u00e9s, devant leur local, Grand&rsquo;Rue.\u00a0&#8211;\u00a0(dr) Au n\u00b0 181 de la Grand&rsquo;Rue, l&rsquo;exigu\u00eft\u00e9 &hellip; <a href=\"https:\/\/fa86.noblogs.org\/?p=1813\" class=\"more-link\">Continuer la lecture de <span class=\"screen-reader-text\">[Poitiers] Souffrance au travail<\/span> <span class=\"meta-nav\">&rarr;<\/span><\/a><\/p>\n","protected":false},"author":2691,"featured_media":0,"comment_status":"open","ping_status":"open","sticky":false,"template":"","format":"standard","meta":{"footnotes":""},"categories":[9,22],"tags":[],"class_list":["post-1813","post","type-post","status-publish","format-standard","hentry","category-la-rue-grogne","category-le-travail-tue"],"_links":{"self":[{"href":"https:\/\/fa86.noblogs.org\/index.php?rest_route=\/wp\/v2\/posts\/1813","targetHints":{"allow":["GET"]}}],"collection":[{"href":"https:\/\/fa86.noblogs.org\/index.php?rest_route=\/wp\/v2\/posts"}],"about":[{"href":"https:\/\/fa86.noblogs.org\/index.php?rest_route=\/wp\/v2\/types\/post"}],"author":[{"embeddable":true,"href":"https:\/\/fa86.noblogs.org\/index.php?rest_route=\/wp\/v2\/users\/2691"}],"replies":[{"embeddable":true,"href":"https:\/\/fa86.noblogs.org\/index.php?rest_route=%2Fwp%2Fv2%2Fcomments&post=1813"}],"version-history":[{"count":2,"href":"https:\/\/fa86.noblogs.org\/index.php?rest_route=\/wp\/v2\/posts\/1813\/revisions"}],"predecessor-version":[{"id":1815,"href":"https:\/\/fa86.noblogs.org\/index.php?rest_route=\/wp\/v2\/posts\/1813\/revisions\/1815"}],"wp:attachment":[{"href":"https:\/\/fa86.noblogs.org\/index.php?rest_route=%2Fwp%2Fv2%2Fmedia&parent=1813"}],"wp:term":[{"taxonomy":"category","embeddable":true,"href":"https:\/\/fa86.noblogs.org\/index.php?rest_route=%2Fwp%2Fv2%2Fcategories&post=1813"},{"taxonomy":"post_tag","embeddable":true,"href":"https:\/\/fa86.noblogs.org\/index.php?rest_route=%2Fwp%2Fv2%2Ftags&post=1813"}],"curies":[{"name":"wp","href":"https:\/\/api.w.org\/{rel}","templated":true}]}}