{"id":1816,"date":"2011-12-17T13:39:56","date_gmt":"2011-12-17T12:39:56","guid":{"rendered":"http:\/\/fa86.noblogs.org\/?p=1816"},"modified":"2011-12-17T13:45:55","modified_gmt":"2011-12-17T12:45:55","slug":"poitiers-casse-toi-pauvcon","status":"publish","type":"post","link":"https:\/\/fa86.noblogs.org\/?p=1816","title":{"rendered":"[Poitiers] Casse-toi, pauv&rsquo;con !"},"content":{"rendered":"<h2 style=\"text-align: justify\"><a href=\"http:\/\/www.lanouvellerepublique.fr\/vienne\/res\/Toutes-les-DMAs\" target=\"_blank\">86 &#8211;\u00a0 Nicolas Sarkozy dans la Vienne pour l&rsquo;an nouveau ?<\/a><\/h2>\n<div>\n<p style=\"text-align: justify\">Les services de l&rsquo;Elys\u00e9e organisent la s\u00e9quence des voeux de d\u00e9but d&rsquo;ann\u00e9e, qui seront d\u00e9localis\u00e9s dans une dizaine de villes apprend-on ce matin dans Le Parisien. Et Poitiers pourrait faire partie des destinations choy\u00e9es. En tout cas, le fief de Jean-Pierre Raffarin en Poitou-Charentes est dans la liste des dix destinations pr\u00e9sidentielles pour des voeux d\u00e9localis\u00e9s.<\/p>\n<p style=\"text-align: justify\"><em>Nouvelle R\u00e9publique, 17 d\u00e9cembre 2011<\/em><\/p>\n<p style=\"text-align: justify\"><a href=\"https:\/\/fa86.noblogs.org\/files\/2011\/12\/out.jpg\"><img loading=\"lazy\" decoding=\"async\" class=\"aligncenter size-medium wp-image-1819\" src=\"https:\/\/fa86.noblogs.org\/files\/2011\/12\/out-300x208.jpg\" alt=\"\" width=\"300\" height=\"208\" srcset=\"https:\/\/fa86.noblogs.org\/files\/2011\/12\/out-300x208.jpg 300w, https:\/\/fa86.noblogs.org\/files\/2011\/12\/out.jpg 640w\" sizes=\"auto, (max-width: 300px) 100vw, 300px\" \/><\/a><\/p>\n<\/div>\n","protected":false},"excerpt":{"rendered":"<p>86 &#8211;\u00a0 Nicolas Sarkozy dans la Vienne pour l&rsquo;an nouveau ? Les services de l&rsquo;Elys\u00e9e organisent la s\u00e9quence des voeux de d\u00e9but d&rsquo;ann\u00e9e, qui seront d\u00e9localis\u00e9s dans une dizaine de villes apprend-on ce matin dans Le Parisien. Et Poitiers pourrait faire partie des destinations choy\u00e9es. En tout cas, le fief de Jean-Pierre Raffarin en Poitou-Charentes &hellip; <a href=\"https:\/\/fa86.noblogs.org\/?p=1816\" class=\"more-link\">Continuer la lecture de <span class=\"screen-reader-text\">[Poitiers] Casse-toi, pauv&rsquo;con !<\/span> <span class=\"meta-nav\">&rarr;<\/span><\/a><\/p>\n","protected":false},"author":2691,"featured_media":0,"comment_status":"open","ping_status":"open","sticky":false,"template":"","format":"standard","meta":{"footnotes":""},"categories":[6],"tags":[],"class_list":["post-1816","post","type-post","status-publish","format-standard","hentry","category-paf-le-faf"],"_links":{"self":[{"href":"https:\/\/fa86.noblogs.org\/index.php?rest_route=\/wp\/v2\/posts\/1816","targetHints":{"allow":["GET"]}}],"collection":[{"href":"https:\/\/fa86.noblogs.org\/index.php?rest_route=\/wp\/v2\/posts"}],"about":[{"href":"https:\/\/fa86.noblogs.org\/index.php?rest_route=\/wp\/v2\/types\/post"}],"author":[{"embeddable":true,"href":"https:\/\/fa86.noblogs.org\/index.php?rest_route=\/wp\/v2\/users\/2691"}],"replies":[{"embeddable":true,"href":"https:\/\/fa86.noblogs.org\/index.php?rest_route=%2Fwp%2Fv2%2Fcomments&post=1816"}],"version-history":[{"count":3,"href":"https:\/\/fa86.noblogs.org\/index.php?rest_route=\/wp\/v2\/posts\/1816\/revisions"}],"predecessor-version":[{"id":1818,"href":"https:\/\/fa86.noblogs.org\/index.php?rest_route=\/wp\/v2\/posts\/1816\/revisions\/1818"}],"wp:attachment":[{"href":"https:\/\/fa86.noblogs.org\/index.php?rest_route=%2Fwp%2Fv2%2Fmedia&parent=1816"}],"wp:term":[{"taxonomy":"category","embeddable":true,"href":"https:\/\/fa86.noblogs.org\/index.php?rest_route=%2Fwp%2Fv2%2Fcategories&post=1816"},{"taxonomy":"post_tag","embeddable":true,"href":"https:\/\/fa86.noblogs.org\/index.php?rest_route=%2Fwp%2Fv2%2Ftags&post=1816"}],"curies":[{"name":"wp","href":"https:\/\/api.w.org\/{rel}","templated":true}]}}