{"id":1821,"date":"2011-12-17T18:57:20","date_gmt":"2011-12-17T17:57:20","guid":{"rendered":"http:\/\/fa86.noblogs.org\/?p=1821"},"modified":"2011-12-17T18:57:20","modified_gmt":"2011-12-17T17:57:20","slug":"etel-cargo-echoue-mer-et-plage-souillees-mobilisation-generale-contre-les-pollueurs-en-costard","status":"publish","type":"post","link":"https:\/\/fa86.noblogs.org\/?p=1821","title":{"rendered":"[Etel] Cargo \u00e9chou\u00e9, mer et plage souill\u00e9es : mobilisation g\u00e9n\u00e9rale contre les pollueurs en costard"},"content":{"rendered":"<h2 style=\"text-align: justify\"><a href=\"http:\/\/anars56.over-blog.org\/article-cargo-echoue-mer-et-plage-souillees-mobilisation-generale-contre-les-pollueurs-en-costard-sam-1-93004641.html\" target=\"_blank\">Cargo \u00e9chou\u00e9, mer et plage souill\u00e9es : mobilisation g\u00e9n\u00e9rale contre les pollueurs en costard &#8211; sam 17 d\u00e9cembre 15h Etel <\/a><\/h2>\n<div>\n<p style=\"text-align: justify\"><img loading=\"lazy\" decoding=\"async\" src=\"http:\/\/img.over-blog.com\/600x401\/2\/40\/14\/97\/ecologie\/plage-souillee.JPG\" alt=\"plage-souillee.JPG\" width=\"600\" height=\"401\" \/><\/p>\n<p style=\"text-align: justify\">\u00a0Nous \u00e9tions une bonne soixantaine d&rsquo;habitant-e-s locaux \u00e0 nous \u00eatre r\u00e9unis hier soir, place de la Mairie \u00e0 Etel. Beaucoup de questions restent en suspend. Pourquoi le bateau a-t-il \u00e9t\u00e9 autoris\u00e9 \u00e0 partir en mer alors que l&rsquo;avis de temp\u00eate \u00e9tait annonc\u00e9 depuis plusieurs jours ? Ce navire de 109 m\u00e8tres de long, battant pavillon maltais, en mer depuis 1982, \u00e9tait-il aux normes ? Combien de temps va prendre la d\u00e9pollution ? Qui paiera ? etc&#8230;<\/p>\n<p style=\"text-align: justify\">\u00a0<img loading=\"lazy\" decoding=\"async\" src=\"http:\/\/img.over-blog.com\/199x300\/2\/40\/14\/97\/ecologie\/G8env_aff.jpg\" alt=\"G8env aff\" width=\"199\" height=\"300\" \/>Comme en 1978, avec le tanker Amoco Cadiz, en 1999 avec le p\u00e9trolier Erika, en 2000 avec le chimiquier Ievoli Sun : <strong>logique de profit = logique de mort !<\/strong><\/p>\n<p style=\"text-align: justify\">Et, d\u00e9j\u00e0, comme \u00e0 chaque fois, les politiciens \u00e9voquent l&rsquo;id\u00e9e de d\u00e9finir de nouvelles normes de navigation, de l\u00e9gif\u00e9rer&#8230; Simples moulinets de leurs petits bras le temps de l&rsquo;\u00e9motion populaire&#8230; car rien, ou si peu, n&rsquo;est fait : c&rsquo;est qu&rsquo;en milieu capitaliste, les Etats n&rsquo;ont pas vocation \u00e0 entraver les flux de marchandises, \u00e0 freiner l&rsquo;accumulation du capital&#8230;<\/p>\n<p style=\"text-align: justify\"><strong>Halte aux catastrophes capitalistes !<\/strong><\/p>\n<p style=\"text-align: justify\"><strong>Pour la d\u00e9croissance libertaire !<br \/>\n<\/strong><\/p>\n<p style=\"text-align: justify\"><strong>A l&rsquo;appel d&rsquo;habitantes et d&rsquo;habitants locaux : depuis la Place de la mairie d&rsquo;Etel, ce samedi 17 d\u00e9cembre 15h, MARCHE pacifique jusqu&rsquo;\u00e0 l&rsquo;\u00e9pave sur la plage de Kerminihy \u00e0 Erdeven.<\/strong><\/p>\n<p style=\"text-align: justify\">Reproduction ci-dessous d&rsquo;un article qui relate la situation :<\/p>\n<p style=\"text-align: justify\"><a href=\"http:\/\/www.meretmarine.com\/article.cfm?id=118160\">http:\/\/www.meretmarine.com\/article.cfm?id=118160<\/a><\/p>\n<p style=\"text-align: justify\"><em>Blog des groupes Lochu et Ferrer (F\u00e9d\u00e9ration Anarchiste 56), 17 d\u00e9cembre 2011<\/em><\/p>\n<\/div>\n","protected":false},"excerpt":{"rendered":"<p>Cargo \u00e9chou\u00e9, mer et plage souill\u00e9es : mobilisation g\u00e9n\u00e9rale contre les pollueurs en costard &#8211; sam 17 d\u00e9cembre 15h Etel \u00a0Nous \u00e9tions une bonne soixantaine d&rsquo;habitant-e-s locaux \u00e0 nous \u00eatre r\u00e9unis hier soir, place de la Mairie \u00e0 Etel. Beaucoup de questions restent en suspend. Pourquoi le bateau a-t-il \u00e9t\u00e9 autoris\u00e9 \u00e0 partir en mer &hellip; <a href=\"https:\/\/fa86.noblogs.org\/?p=1821\" class=\"more-link\">Continuer la lecture de <span class=\"screen-reader-text\">[Etel] Cargo \u00e9chou\u00e9, mer et plage souill\u00e9es : mobilisation g\u00e9n\u00e9rale contre les pollueurs en costard<\/span> <span class=\"meta-nav\">&rarr;<\/span><\/a><\/p>\n","protected":false},"author":2691,"featured_media":0,"comment_status":"open","ping_status":"open","sticky":false,"template":"","format":"standard","meta":{"footnotes":""},"categories":[18,9],"tags":[],"class_list":["post-1821","post","type-post","status-publish","format-standard","hentry","category-decroissance-libertaire","category-la-rue-grogne"],"_links":{"self":[{"href":"https:\/\/fa86.noblogs.org\/index.php?rest_route=\/wp\/v2\/posts\/1821","targetHints":{"allow":["GET"]}}],"collection":[{"href":"https:\/\/fa86.noblogs.org\/index.php?rest_route=\/wp\/v2\/posts"}],"about":[{"href":"https:\/\/fa86.noblogs.org\/index.php?rest_route=\/wp\/v2\/types\/post"}],"author":[{"embeddable":true,"href":"https:\/\/fa86.noblogs.org\/index.php?rest_route=\/wp\/v2\/users\/2691"}],"replies":[{"embeddable":true,"href":"https:\/\/fa86.noblogs.org\/index.php?rest_route=%2Fwp%2Fv2%2Fcomments&post=1821"}],"version-history":[{"count":1,"href":"https:\/\/fa86.noblogs.org\/index.php?rest_route=\/wp\/v2\/posts\/1821\/revisions"}],"predecessor-version":[{"id":1822,"href":"https:\/\/fa86.noblogs.org\/index.php?rest_route=\/wp\/v2\/posts\/1821\/revisions\/1822"}],"wp:attachment":[{"href":"https:\/\/fa86.noblogs.org\/index.php?rest_route=%2Fwp%2Fv2%2Fmedia&parent=1821"}],"wp:term":[{"taxonomy":"category","embeddable":true,"href":"https:\/\/fa86.noblogs.org\/index.php?rest_route=%2Fwp%2Fv2%2Fcategories&post=1821"},{"taxonomy":"post_tag","embeddable":true,"href":"https:\/\/fa86.noblogs.org\/index.php?rest_route=%2Fwp%2Fv2%2Ftags&post=1821"}],"curies":[{"name":"wp","href":"https:\/\/api.w.org\/{rel}","templated":true}]}}