{"id":1823,"date":"2011-12-17T19:01:34","date_gmt":"2011-12-17T18:01:34","guid":{"rendered":"http:\/\/fa86.noblogs.org\/?p=1823"},"modified":"2011-12-17T19:01:34","modified_gmt":"2011-12-17T18:01:34","slug":"paris-generation-precaires-sinvite-aux-galeries-lafayette-et-chez-fauchon","status":"publish","type":"post","link":"https:\/\/fa86.noblogs.org\/?p=1823","title":{"rendered":"[Paris] G\u00e9n\u00e9ration Pr\u00e9caires s&rsquo;invite aux galeries Lafayette et chez Fauchon"},"content":{"rendered":"<div>\n<h2 style=\"text-align: justify\"><a href=\"http:\/\/actu.voila.fr\/actualites\/france\/2011\/12\/17\/flashmob-pour-denoncer-les-stages-non-remuneres-en-periode-de-fetes_1504525.html\" target=\"_blank\">\u00ab\u00a0Flashmob\u00a0\u00bb pour d\u00e9noncer les stages non r\u00e9mun\u00e9r\u00e9s en p\u00e9riode de f\u00eates<\/a><\/h2>\n<div style=\"text-align: justify\">\u00a0<\/div>\n<\/div>\n<div>\n<div style=\"text-align: justify\"><img loading=\"lazy\" decoding=\"async\" src=\"http:\/\/actu.voila.fr\/images\/356x200\/2011\/12\/17\/81_photo_1324142767804-1-0.jpg\" alt=\"Des membres du collectif &quot;G\u00e9n\u00e9ration Pr\u00e9caire&quot;  ,  protestent contre le statut des stagiaires, le 17 d\u00e9cembre 2011 \u00e0 Paris\" width=\"360\" height=\"200\" \/><\/p>\n<div>\n<div>\u00a0<\/div>\n<\/div>\n<div>Des membres du collectif \u00ab\u00a0G\u00e9n\u00e9ration Pr\u00e9caire\u00a0\u00bb , protestent contre le statut des stagiaires, le 17 d\u00e9cembre 2011 \u00e0 Paris<\/div>\n<div>\u00a0<\/div>\n<p><strong>\u00ab\u00a0Bonjour, demandez \u00e0 vos vendeurs s&rsquo;ils sont stagiaires\u00a0\u00bb: le collectif G\u00e9n\u00e9ration Pr\u00e9caire s&rsquo;est invit\u00e9 samedi aux Galeries Lafayette et chez Fauchon, \u00e0 Paris, pour alerter les clients sur le recours \u00e0 des stagiaires non r\u00e9mun\u00e9r\u00e9s dans de nombreuses entreprises pendant les f\u00eates.<\/strong><\/p>\n<\/div>\n<p style=\"text-align: justify\">Affubl\u00e9s de masques, de chapeaux de P\u00e8re No\u00ebl avec des guirlandes autour du cou, une quinzaine de membres du collectif, qui revendique des \u00ab\u00a0actions coup de poing mais dr\u00f4les\u00a0\u00bb, se sont invit\u00e9s dans la bonne humeur au rayon luxe des Galeries Lafayette, a constat\u00e9 une journaliste de l&rsquo;AFP.<\/p>\n<p style=\"text-align: justify\">\u00ab\u00a0Des stagiaires lutins sont \u00e0 la t\u00e2che, l\u00e0 o\u00f9 des jeunes devraient \u00eatre tout simplement pay\u00e9s. Songez-y si vous les reconnaissez et offrez-leur cette petite douceur\u00a0\u00bb, pouvait-on lire sur les tracts distribu\u00e9s aux clients avec des friandises, afin de les alerter sur ce ph\u00e9nom\u00e8ne, au son du \u00ab\u00a0Petit Papa No\u00ebl\u00a0\u00bb de Tino Rossi.<\/p>\n<p style=\"text-align: justify\">Le service d&rsquo;ordre du grand magasin ayant rapidement fait sortir la petite troupe, celle-ci s&rsquo;est ensuite rendue \u00e0 la soci\u00e9t\u00e9 d&rsquo;alimentation de luxe Fauchon situ\u00e9e \u00e0 proximit\u00e9, cette entreprise ayant, selon le collectif, publi\u00e9 des appels au recrutement pour dix stagiaires pour cette fin d&rsquo;ann\u00e9e.<\/p>\n<p style=\"text-align: justify\">Les membres du collectif ont \u00e9t\u00e9 re\u00e7us par la direction, qui a assur\u00e9 ne compter que 4% de stagiaires dans ses effectifs et a indiqu\u00e9 engager 20% de contrats \u00e0 dur\u00e9e d\u00e9termin\u00e9e (CDD) en plus en p\u00e9riode de f\u00eates, o\u00f9 Fauchon r\u00e9alise 20% de son chiffre d&rsquo;affaires.<\/p>\n<p style=\"text-align: justify\">Selon G\u00e9n\u00e9ration Pr\u00e9caire, qui \u00e9value entre 1,2 et 1,5 million le nombre de stagiaires en France, contre 600.000 en 2006, les entreprises, et en particulier le secteur du luxe, ont de plus en plus souvent recours \u00e0 des stagiaires en lieu et place de CDD.<\/p>\n<p style=\"text-align: justify\">Le collectif estime que ce ph\u00e9nom\u00e8ne s&rsquo;est intensifi\u00e9 avec la crise et qu&rsquo;il est particuli\u00e8rement visible pendant les f\u00eates dans les magasins de luxe, mais \u00e9galement dans des enseignes comme la Fnac, Darty, Etam ou D\u00e9cathlon.<\/p>\n<p style=\"text-align: justify\">Une porte-parole du collectif, fond\u00e9 il y a cinq ans pour d\u00e9fendre les stagiaires, a d\u00e9clar\u00e9 que seuls 5% des stages se transforment en emploi. Selon la jeune femme, le recours aux stagiaires non r\u00e9mun\u00e9r\u00e9s \u00ab\u00a0d\u00e9truit les jobs \u00e9tudiants et l&#8217;emploi des ch\u00f4meurs\u00a0\u00bb.<\/p>\n<p style=\"text-align: justify\">La loi pr\u00e9voit que lorsque la dur\u00e9e d&rsquo;un stage est sup\u00e9rieure \u00e0 deux mois, le stagiaire doit toucher une r\u00e9mun\u00e9ration d&rsquo;au minimum 417 euros, mais pour des p\u00e9riodes plus courtes, aucune r\u00e9mun\u00e9ration n&rsquo;est obligatoire.<\/p>\n<p style=\"text-align: justify\">En outre, la loi stipule qu&rsquo;un stagiaire ne peut \u00eatre recrut\u00e9 \u00ab\u00a0pour faire face \u00e0 un accroissement temporaire de l&rsquo;activit\u00e9 de l&rsquo;entreprise\u00a0\u00bb ou \u00ab\u00a0pour occuper un emploi saisonnier\u00a0\u00bb.<\/p>\n<p style=\"text-align: justify\">En janvier dernier, quelques militants de G\u00e9n\u00e9ration Pr\u00e9caire avaient investi un autre grand magasin de Paris, Le Printemps, pour protester contre le recours abusif \u00e0 des stagiaires pendant les soldes d&rsquo;hiver.<\/p>\n<p style=\"text-align: justify\"><em>AFP, 17 d\u00e9cembre 2011<\/em><\/p>\n<\/div>\n","protected":false},"excerpt":{"rendered":"<p>\u00ab\u00a0Flashmob\u00a0\u00bb pour d\u00e9noncer les stages non r\u00e9mun\u00e9r\u00e9s en p\u00e9riode de f\u00eates \u00a0 \u00a0 Des membres du collectif \u00ab\u00a0G\u00e9n\u00e9ration Pr\u00e9caire\u00a0\u00bb , protestent contre le statut des stagiaires, le 17 d\u00e9cembre 2011 \u00e0 Paris \u00a0 \u00ab\u00a0Bonjour, demandez \u00e0 vos vendeurs s&rsquo;ils sont stagiaires\u00a0\u00bb: le collectif G\u00e9n\u00e9ration Pr\u00e9caire s&rsquo;est invit\u00e9 samedi aux Galeries Lafayette et chez Fauchon, \u00e0 &hellip; <a href=\"https:\/\/fa86.noblogs.org\/?p=1823\" class=\"more-link\">Continuer la lecture de <span class=\"screen-reader-text\">[Paris] G\u00e9n\u00e9ration Pr\u00e9caires s&rsquo;invite aux galeries Lafayette et chez Fauchon<\/span> <span class=\"meta-nav\">&rarr;<\/span><\/a><\/p>\n","protected":false},"author":2691,"featured_media":0,"comment_status":"open","ping_status":"open","sticky":false,"template":"","format":"standard","meta":{"footnotes":""},"categories":[9,22],"tags":[],"class_list":["post-1823","post","type-post","status-publish","format-standard","hentry","category-la-rue-grogne","category-le-travail-tue"],"_links":{"self":[{"href":"https:\/\/fa86.noblogs.org\/index.php?rest_route=\/wp\/v2\/posts\/1823","targetHints":{"allow":["GET"]}}],"collection":[{"href":"https:\/\/fa86.noblogs.org\/index.php?rest_route=\/wp\/v2\/posts"}],"about":[{"href":"https:\/\/fa86.noblogs.org\/index.php?rest_route=\/wp\/v2\/types\/post"}],"author":[{"embeddable":true,"href":"https:\/\/fa86.noblogs.org\/index.php?rest_route=\/wp\/v2\/users\/2691"}],"replies":[{"embeddable":true,"href":"https:\/\/fa86.noblogs.org\/index.php?rest_route=%2Fwp%2Fv2%2Fcomments&post=1823"}],"version-history":[{"count":2,"href":"https:\/\/fa86.noblogs.org\/index.php?rest_route=\/wp\/v2\/posts\/1823\/revisions"}],"predecessor-version":[{"id":1825,"href":"https:\/\/fa86.noblogs.org\/index.php?rest_route=\/wp\/v2\/posts\/1823\/revisions\/1825"}],"wp:attachment":[{"href":"https:\/\/fa86.noblogs.org\/index.php?rest_route=%2Fwp%2Fv2%2Fmedia&parent=1823"}],"wp:term":[{"taxonomy":"category","embeddable":true,"href":"https:\/\/fa86.noblogs.org\/index.php?rest_route=%2Fwp%2Fv2%2Fcategories&post=1823"},{"taxonomy":"post_tag","embeddable":true,"href":"https:\/\/fa86.noblogs.org\/index.php?rest_route=%2Fwp%2Fv2%2Ftags&post=1823"}],"curies":[{"name":"wp","href":"https:\/\/api.w.org\/{rel}","templated":true}]}}