{"id":1826,"date":"2011-12-18T09:44:57","date_gmt":"2011-12-18T08:44:57","guid":{"rendered":"http:\/\/fa86.noblogs.org\/?p=1826"},"modified":"2011-12-18T09:44:57","modified_gmt":"2011-12-18T08:44:57","slug":"poitiers-des-valises-pour-defendre-le-droit-dasile","status":"publish","type":"post","link":"https:\/\/fa86.noblogs.org\/?p=1826","title":{"rendered":"[Poitiers] Des valises pour d\u00e9fendre le droit d&rsquo;asile"},"content":{"rendered":"<h1 style=\"text-align: justify\"><a href=\"http:\/\/www.lanouvellerepublique.fr\/vienne\/ACTUALITE\/24-Heures\/Des-valises-pour-defendre-le-droit-d-asile\" target=\"_blank\">Des valises pour d\u00e9fendre le droit d&rsquo;asile<\/a><\/h1>\n<div style=\"text-align: justify\">\u00a0<\/div>\n<h3 style=\"text-align: justify\">Hier apr\u00e8s-midi dans le centre-ville de Poitiers, c&rsquo;est en portant des valises que des militants ont d\u00e9nonc\u00e9 la politique du minist\u00e8re de l&rsquo;Int\u00e9rieur.<\/h3>\n<div style=\"text-align: justify\"><a title=\"Des valises porteuses de slogans d\u00e9non\u00e7ant le sort r\u00e9serv\u00e9 aux \u00e9trangers par la politique du minist\u00e8re de l'Int\u00e9rieur.\u00a0-\u00a0(dr)\" href=\"http:\/\/www.lanouvellerepublique.fr\/var\/plain_site\/storage\/images\/nouvelle-republique.fr\/actualite\/24-heures\/des-valises-pour-defendre-le-droit-d-asile\/113102287\/48777089-1-fre-FR\/113102287_reference.jpg\" target=\"_blank\"><img loading=\"lazy\" decoding=\"async\" src=\"http:\/\/www.lanouvellerepublique.fr\/var\/plain_site\/storage\/images\/nouvelle-republique.fr\/actualite\/24-heures\/des-valises-pour-defendre-le-droit-d-asile\/113102287\/48777089-1-fre-FR\/113102287_image_article_droite_width.jpg\" alt=\"Des valises porteuses de slogans d\u00e9non\u00e7ant le sort r\u00e9serv\u00e9 aux \u00e9trangers par la politique du minist\u00e8re de l'Int\u00e9rieur.\" width=\"490\" height=\"277\" \/> <\/a><\/p>\n<div>\u00a0<\/div>\n<p>Des valises porteuses de slogans d\u00e9non\u00e7ant le sort r\u00e9serv\u00e9 aux \u00e9trangers par la politique du minist\u00e8re de l&rsquo;Int\u00e9rieur.\u00a0&#8211;\u00a0(dr)<\/p><\/div>\n<div>\n<div style=\"text-align: justify\"><a href=\"http:\/\/memorix.sdv.fr\/5c\/www.lanouvellerepublique.fr\/infoslocales\/24-heures_articles\/86\/1315980612\/Position1\/SDV_LNRCO\/default\/empty.gif\/5575556e5555377470626741426c6c4e\" target=\"_blank\"><img loading=\"lazy\" decoding=\"async\" src=\"http:\/\/memorix.sdv.fr\/5\/www.lanouvellerepublique.fr\/infoslocales\/24-heures_articles\/86\/1315980612\/Position1\/SDV_LNRCO\/default\/empty.gif\/5575556e5555377470626741426c6c4e?\" alt=\"\" width=\"1\" height=\"1\" border=\"0\" \/><\/a><\/div>\n<div>\n<p style=\"text-align: justify\">Des valises sur leurs \u00e9paules pour d\u00e9noncer la stigmatisation grandissante des \u00e9trangers vivant en France. C&rsquo;\u00e9tait hier dans le centre-ville de Poitiers le pacifique mode d&rsquo;action d&rsquo;une soixantaine de manifestants ayant r\u00e9pondu \u00e0 l&rsquo;appel de la coordination Poitou-Charentes Solidarit\u00e9 Migrants (1). D&rsquo;abord, sur la place Leclerc, puis sur le parvis de l&rsquo;\u00e9glise Notre-Dame et enfin devant le palais de justice, les militants aux valises ne sont pas pass\u00e9s inaper\u00e7us.<\/p>\n<p><strong>\u00a0\u00bb Contre la politique du chiffre \u00a0\u00bb<\/strong><\/p>\n<p style=\"text-align: justify\">Au rythme des djemb\u00e9s, ils ont d\u00e9fil\u00e9, se couchant r\u00e9guli\u00e8rement par terre. Jusqu&rsquo;\u00e0 ce que l&rsquo;un d&rsquo;entre-eux ne donne l&rsquo;alerte en criant <em>\u00ab police ! \u00bb <\/em>: alerte \u00e9videmment fictive, pr\u00e9c\u00e9dant une dispersion des troupes dans une cohue bon-enfant&#8230; <em>\u00ab Nous d\u00e9non\u00e7ons la politique du chiffre qui caract\u00e9rise l&rsquo;action du gouvernement en mati\u00e8re d&rsquo;immigration mais aussi les derni\u00e8res d\u00e9clarations terriblement inqui\u00e9tantes du ministre de l&rsquo;Int\u00e9rieur<\/em>, expliquait Yves Judde, l&rsquo;un des porte-parole de la coordination r\u00e9gionale. <em>Claude Gu\u00e9ant veut baisser de 10 % le nombre d&rsquo;\u00e9trangers en situation r\u00e9guli\u00e8re ! Cela signifie que l&rsquo;on va retirer des titres de s\u00e9jours ! \u00bb <\/em>Au plan r\u00e9gional, les associations disent constater des contradictions entre les missions d&rsquo;accueil et d&rsquo;orientation de l&rsquo;Office Fran\u00e7ais de l&rsquo;Immigration et de l&rsquo;Int\u00e9gration, et les difficult\u00e9s croissantes rencontr\u00e9es par les migrants pour simplement faire valoir leurs droits.<\/p>\n<p><em>(1) La coordination regroupe une douzaine d&rsquo;organisations des quatre d\u00e9partements de la r\u00e9gion, dont la Cimade 86, RESF Poitiers ou le collectif contre les expulsions.<\/em><\/p>\n<p style=\"text-align: justify\"><em>Nouvelle R\u00e9publique, Fr\u00e9d\u00e9ric Del\u00e2ge, 18 d\u00e9cembre 2011<\/em><\/p>\n<p style=\"text-align: justify\"><em>ndPN : pr\u00e9sence polici\u00e8re bien visible\u00a0; \u00e0 c\u00f4t\u00e9 de cette manifestation, a aussi \u00e9t\u00e9 diffus\u00e9 place d&rsquo;armes un tract :<\/em><\/p>\n<p style=\"text-align: justify\"><a href=\"https:\/\/fa86.noblogs.org\/?p=1774\">http:\/\/fa86.noblogs.org\/?p=1774<\/a><\/p>\n<\/div>\n<\/div>\n","protected":false},"excerpt":{"rendered":"<p>Des valises pour d\u00e9fendre le droit d&rsquo;asile \u00a0 Hier apr\u00e8s-midi dans le centre-ville de Poitiers, c&rsquo;est en portant des valises que des militants ont d\u00e9nonc\u00e9 la politique du minist\u00e8re de l&rsquo;Int\u00e9rieur. \u00a0 Des valises porteuses de slogans d\u00e9non\u00e7ant le sort r\u00e9serv\u00e9 aux \u00e9trangers par la politique du minist\u00e8re de l&rsquo;Int\u00e9rieur.\u00a0&#8211;\u00a0(dr) Des valises sur leurs \u00e9paules &hellip; <a href=\"https:\/\/fa86.noblogs.org\/?p=1826\" class=\"more-link\">Continuer la lecture de <span class=\"screen-reader-text\">[Poitiers] Des valises pour d\u00e9fendre le droit d&rsquo;asile<\/span> <span class=\"meta-nav\">&rarr;<\/span><\/a><\/p>\n","protected":false},"author":2691,"featured_media":0,"comment_status":"open","ping_status":"open","sticky":false,"template":"","format":"standard","meta":{"footnotes":""},"categories":[9,11],"tags":[],"class_list":["post-1826","post","type-post","status-publish","format-standard","hentry","category-la-rue-grogne","category-ni-patrie-ni-frontiere"],"_links":{"self":[{"href":"https:\/\/fa86.noblogs.org\/index.php?rest_route=\/wp\/v2\/posts\/1826","targetHints":{"allow":["GET"]}}],"collection":[{"href":"https:\/\/fa86.noblogs.org\/index.php?rest_route=\/wp\/v2\/posts"}],"about":[{"href":"https:\/\/fa86.noblogs.org\/index.php?rest_route=\/wp\/v2\/types\/post"}],"author":[{"embeddable":true,"href":"https:\/\/fa86.noblogs.org\/index.php?rest_route=\/wp\/v2\/users\/2691"}],"replies":[{"embeddable":true,"href":"https:\/\/fa86.noblogs.org\/index.php?rest_route=%2Fwp%2Fv2%2Fcomments&post=1826"}],"version-history":[{"count":2,"href":"https:\/\/fa86.noblogs.org\/index.php?rest_route=\/wp\/v2\/posts\/1826\/revisions"}],"predecessor-version":[{"id":1828,"href":"https:\/\/fa86.noblogs.org\/index.php?rest_route=\/wp\/v2\/posts\/1826\/revisions\/1828"}],"wp:attachment":[{"href":"https:\/\/fa86.noblogs.org\/index.php?rest_route=%2Fwp%2Fv2%2Fmedia&parent=1826"}],"wp:term":[{"taxonomy":"category","embeddable":true,"href":"https:\/\/fa86.noblogs.org\/index.php?rest_route=%2Fwp%2Fv2%2Fcategories&post=1826"},{"taxonomy":"post_tag","embeddable":true,"href":"https:\/\/fa86.noblogs.org\/index.php?rest_route=%2Fwp%2Fv2%2Ftags&post=1826"}],"curies":[{"name":"wp","href":"https:\/\/api.w.org\/{rel}","templated":true}]}}