{"id":1844,"date":"2011-12-18T12:19:56","date_gmt":"2011-12-18T11:19:56","guid":{"rendered":"http:\/\/fa86.noblogs.org\/?p=1844"},"modified":"2011-12-18T12:20:14","modified_gmt":"2011-12-18T11:20:14","slug":"toulouse-%c2%ab-le-pere-noel-n%e2%80%99existe-pas-et-vous-irez-en-prison-a-12-ans-%c2%bb","status":"publish","type":"post","link":"https:\/\/fa86.noblogs.org\/?p=1844","title":{"rendered":"[Toulouse] \u00ab Le P\u00e8re No\u00ebl n\u2019existe pas et vous irez en prison \u00e0 12 ans \u00bb"},"content":{"rendered":"<h2 style=\"text-align: justify\"><a href=\"https:\/\/juralib.noblogs.org\/2011\/12\/18\/toulouse-%c2%ab-le-pere-noel-nexiste-pas-et-vous-irez-en-prison-a-12-ans-%c2%bb\/\" target=\"_blank\">[Toulouse] \u00ab Le P\u00e8re No\u00ebl n\u2019existe pas et vous irez en prison \u00e0 12 ans \u00bb<\/a><\/h2>\n<div style=\"text-align: justify\">Posted on <a title=\"10:57\" href=\"https:\/\/juralib.noblogs.org\/2011\/12\/18\/toulouse-%c2%ab-le-pere-noel-nexiste-pas-et-vous-irez-en-prison-a-12-ans-%c2%bb\/\" rel=\"bookmark\">18 d\u00e9cembre 2011<\/a> by <a title=\"View all posts by juralib\" href=\"https:\/\/juralib.noblogs.org\/author\/juralib\/\">juralib<\/a><\/div>\n<p>&nbsp;<\/p>\n<div>\n<p style=\"text-align: justify\"><strong>Manifestation. Face \u00e0 face tendu au c\u0153ur de Toulouse<\/strong><\/p>\n<p style=\"text-align: justify\"><em>D\u2019un c\u00f4t\u00e9, une centaine de <a href=\"https:\/\/pourlaliberte.noblogs.org\/\" target=\"_blank\">soutiens aux \u00ab inculp\u00e9-e-s \u00bb de Toulouse<\/a>. De l\u2019autre, un fort contingent de policiers et de gendarmes mobiles. Entre les deux groupes, r\u00e9unis \u00e0 partir de 14 heures hier sur les all\u00e9es Roosevelt, \u00e0 deux pas de la place Wilson, \u00e0 Toulouse, le face \u00e0 face n\u2019a pas tard\u00e9 \u00e0 se tendre hier en apr\u00e8s-midi. Les policiers, sous la direction du directeur de la s\u00e9curit\u00e9 publique Lucien Pourailly, pr\u00e9sent sur place, voulaient r\u00e9aliser des contr\u00f4les d\u2019identit\u00e9. Les manifestants, eux, n\u2019avaient aucune intention de pr\u00e9senter leurs papiers. Les policiers ont proc\u00e9d\u00e9 \u00e0 des interpellations d\u00e9crites par de nombreux t\u00e9moins comme \u00ab tr\u00e8s muscl\u00e9es \u00bb.<\/em><\/p>\n<p style=\"text-align: justify\"><img loading=\"lazy\" decoding=\"async\" src=\"http:\/\/pix.toile-libre.org\/upload\/original\/1324202054.jpg\" alt=\"http:\/\/pix.toile-libre.org\/upload\/original\/1324202054.jpg\" width=\"600\" height=\"592\" \/><\/p>\n<p style=\"text-align: justify\">\u00ab Cette manifestation se d\u00e9roule sans aucune autorisation, indique le directeur de la s\u00e9curit\u00e9 publique. Quand nous demandons leurs identit\u00e9s aux manifestants, comme nous le permet une r\u00e9quisition du procureur de la R\u00e9publique, ils refusent. D\u2019o\u00f9 les contr\u00f4les. \u00bb Aucune des personnes contr\u00f4l\u00e9es, sorties manu militari du groupe des protestataires apr\u00e8s avoir \u00e9t\u00e9 menott\u00e9es, n\u2019a \u00e9t\u00e9 interpell\u00e9e. Apr\u00e8s les v\u00e9rifications \u00ab d\u2019usage \u00bb, elles ont retrouv\u00e9 le groupe.<\/p>\n<p style=\"text-align: justify\"><strong>Au march\u00e9 de No\u00ebl<\/strong><\/p>\n<p style=\"text-align: justify\">Les manifestants ont r\u00e9alis\u00e9 un petit tour en cort\u00e8ge avant de revenir place Wilson o\u00f9 la tension est remont\u00e9e quand les gendarmes mobiles sont intervenus pour les obliger \u00e0 d\u00e9gager la chauss\u00e9e. La confrontation, sous le regard de nombreux passants, a tourn\u00e9 court quand les manifestants se sont dispers\u00e9s. Une quarantaine d\u2019entre eux s\u2019est retrouv\u00e9e place du Capitole, au milieu du march\u00e9 de No\u00ebl. \u00ab Comme \u00e7a, on \u00e9vite de se faire taper dessus \u00bb, explique un participant \u00e0 une commer\u00e7ante pas contente.<\/p>\n<p style=\"text-align: justify\">Un manifestant en \u00e9chasse a accroch\u00e9 des slogans sous les vivats : \u00ab PJJ en boxon, No\u00ebl en prison \u00bb, \u00ab D\u00e9truisons les prisons avec rage et joie \u00bb, \u00ab Beau comme une prison qui br\u00fble \u00bb ou encore \u00ab Le P\u00e8re No\u00ebl n\u2019existe pas et vous irez en prison \u00e0 12 ans \u00bb. Un dernier slogan tr\u00e8s comment\u00e9 par les visiteurs du march\u00e9 de No\u00ebl, un peu surpris. Finalement, les manifestants se sont dispers\u00e9s sans incident.<\/p>\n<p style=\"text-align: justify\">Parfois venus de loin, les manifestants soutenaient quatre \u00ab amis \u00bb interpell\u00e9s mi-novembre par les gendarmes. Actuellement incarc\u00e9r\u00e9s, ces deux filles et deux hommes sont soup\u00e7onn\u00e9s d\u2019avoir particip\u00e9 \u00e0 une descente d\u00e9but juillet dans les locaux de la Protection judiciaire de la jeunesse (PJJ) \u00e0 Lab\u00e8ge. Ils nient leur implication \u00ab et le dossier est vide \u00bb, protestent leurs avocats. Mais jusqu\u2019\u00e0 pr\u00e9sent, la justice a refus\u00e9 de les remettre en libert\u00e9.<\/p>\n<p style=\"text-align: justify\"><em>Leur presse (Jean Cohadon, La D\u00e9p\u00eache), 18 d\u00e9cembre 2011.<\/em><\/p>\n<\/div>\n","protected":false},"excerpt":{"rendered":"<p>[Toulouse] \u00ab Le P\u00e8re No\u00ebl n\u2019existe pas et vous irez en prison \u00e0 12 ans \u00bb Posted on 18 d\u00e9cembre 2011 by juralib &nbsp; Manifestation. Face \u00e0 face tendu au c\u0153ur de Toulouse D\u2019un c\u00f4t\u00e9, une centaine de soutiens aux \u00ab inculp\u00e9-e-s \u00bb de Toulouse. De l\u2019autre, un fort contingent de policiers et de gendarmes &hellip; <a href=\"https:\/\/fa86.noblogs.org\/?p=1844\" class=\"more-link\">Continuer la lecture de <span class=\"screen-reader-text\">[Toulouse] \u00ab Le P\u00e8re No\u00ebl n\u2019existe pas et vous irez en prison \u00e0 12 ans \u00bb<\/span> <span class=\"meta-nav\">&rarr;<\/span><\/a><\/p>\n","protected":false},"author":2691,"featured_media":0,"comment_status":"open","ping_status":"open","sticky":false,"template":"","format":"standard","meta":{"footnotes":""},"categories":[20,9,16],"tags":[],"class_list":["post-1844","post","type-post","status-publish","format-standard","hentry","category-feu-aux-prisons","category-la-rue-grogne","category-repression"],"_links":{"self":[{"href":"https:\/\/fa86.noblogs.org\/index.php?rest_route=\/wp\/v2\/posts\/1844","targetHints":{"allow":["GET"]}}],"collection":[{"href":"https:\/\/fa86.noblogs.org\/index.php?rest_route=\/wp\/v2\/posts"}],"about":[{"href":"https:\/\/fa86.noblogs.org\/index.php?rest_route=\/wp\/v2\/types\/post"}],"author":[{"embeddable":true,"href":"https:\/\/fa86.noblogs.org\/index.php?rest_route=\/wp\/v2\/users\/2691"}],"replies":[{"embeddable":true,"href":"https:\/\/fa86.noblogs.org\/index.php?rest_route=%2Fwp%2Fv2%2Fcomments&post=1844"}],"version-history":[{"count":2,"href":"https:\/\/fa86.noblogs.org\/index.php?rest_route=\/wp\/v2\/posts\/1844\/revisions"}],"predecessor-version":[{"id":1846,"href":"https:\/\/fa86.noblogs.org\/index.php?rest_route=\/wp\/v2\/posts\/1844\/revisions\/1846"}],"wp:attachment":[{"href":"https:\/\/fa86.noblogs.org\/index.php?rest_route=%2Fwp%2Fv2%2Fmedia&parent=1844"}],"wp:term":[{"taxonomy":"category","embeddable":true,"href":"https:\/\/fa86.noblogs.org\/index.php?rest_route=%2Fwp%2Fv2%2Fcategories&post=1844"},{"taxonomy":"post_tag","embeddable":true,"href":"https:\/\/fa86.noblogs.org\/index.php?rest_route=%2Fwp%2Fv2%2Ftags&post=1844"}],"curies":[{"name":"wp","href":"https:\/\/api.w.org\/{rel}","templated":true}]}}