{"id":1847,"date":"2011-12-18T22:14:14","date_gmt":"2011-12-18T21:14:14","guid":{"rendered":"http:\/\/fa86.noblogs.org\/?p=1847"},"modified":"2011-12-18T22:14:14","modified_gmt":"2011-12-18T21:14:14","slug":"etel-pour-noel-je-voulais-de-la-neige-pas-du-mazout","status":"publish","type":"post","link":"https:\/\/fa86.noblogs.org\/?p=1847","title":{"rendered":"[Etel] Pour No\u00ebl je voulais de la neige, pas du mazout"},"content":{"rendered":"<h2 style=\"text-align: justify\"><a href=\"http:\/\/anars56.over-blog.org\/article-pour-noel-je-voulais-de-la-neige-pas-du-mazout-93189473.html\" target=\"_blank\">Pour No\u00ebl je voulais de la neige, pas du mazout * <\/a><\/h2>\n<div>\n<p style=\"text-align: justify\">* <em>Slogan peint<\/em> <em>la nuit de vendredi \u00e0 samedi<\/em> <em>par un ou une anonyme sur la coque du cargo \u00e9chou\u00e9<br \/>\n<\/em><\/p>\n<p style=\"text-align: justify\">\u00a0<strong>R\u00e9cit de la manifestation<\/strong><\/p>\n<p style=\"text-align: justify\">\u00a0Samedi apr\u00e8s-midi, route vers Etel pour d\u00e9noncer les aberrations du transport maritime, pilier de la circulation des marchandises dans le cadre du capitalisme, et pour manifester notre col\u00e8re face \u00e0 l&rsquo;\u00e9chouement du cargo battant pavillon maltais. <strong>Un pavillon de complaisance parmi d&rsquo;autres<\/strong>. La France a le sien, pas de quoi faire la le\u00e7on !<\/p>\n<p style=\"text-align: justify\">Les affiches de la <a href=\"http:\/\/www.federation-anarchiste.org\/\"><strong>f\u00e9d\u00e9ration anarchiste<\/strong><\/a> de 2000 \u00e9dit\u00e9es au moment du naufrage de l&rsquo;Erika, \u00ab\u00a0<strong>logique de profit : logique de mort<\/strong>\u00ab\u00a0, sont ressorties. Rien n&rsquo;a donc chang\u00e9 ? A l&rsquo;\u00e9poque, nous criions r\u00e9volution, face aux incuries du capitalisme et de l&rsquo;Etat, nous mettions en avant l&rsquo;autogestion&#8230; L&rsquo;id\u00e9e n&rsquo;a pas pris. Alors les m\u00eames causes produisent les m\u00eames effets.<\/p>\n<p>Pas encore arriv\u00e9 sur le lieu du rassemblement, qu&rsquo;au bord de la route, des hommes v\u00eatus de kaki et gilets jaunes sont en armes&#8230; Des chasseurs en battue ! A quelques kilom\u00e8tres de l\u00e0, un immense navire laisse \u00e9chapper son fioul dans la mer et sur la plage. Ne pouvant \u00eatre remis en mer, il faudra plusieurs mois pour d\u00e9manteler les dizaines de milliers de tonnes de m\u00e9tal&#8230; Et des humains en sont encore \u00e0 traquer les quelques mammif\u00e8res sauvages qui restent dans les petits bois d&rsquo;\u00e0 c\u00f4t\u00e9&#8230; Pffff !<\/p>\n<p>Il fait beau. Dans le bourg d&rsquo;Etel, parmi les dizaines de personnes d\u00e9j\u00e0 pr\u00e9sentes, quelques t\u00eates connues&#8230; Des militantes et militants \u00e9colos, de gauche. Les copains du groupe libertaire qui ont pu se rendre disponibles arrivent. Les drapeaux noirs sont de sortie, les poussettes pour les enfants aussi. Nous partageons ce sentiment de L\u00e9o Ferr\u00e9, \u00ab\u00a0<em>je pr\u00e9f\u00e9rerai toujours le drapeau noir \u00e0 la mar\u00e9e en robe noire.<\/em>\u00a0\u00bb<\/p>\n<p>Nous sommes maintenant pr\u00e8s de 400 \u00e0 partir en cort\u00e8ge, vers la barre d&rsquo;Etel, o\u00f9 se trouve le bateau. On sort le m\u00e9gaphone, on scande de temps \u00e0 autre, \u00ab\u00a0<strong>le capitalisme : \u00e7a tue, \u00e7a pue et \u00e7a pollue<\/strong>\u00ab\u00a0, \u00ab\u00a0<strong>Fukushima irradi\u00e9, Erdeven mazout\u00e9, c&rsquo;est le capitalisme qu&rsquo;il faut \u00e9liminer<\/strong>\u00ab\u00a0, \u00ab\u00a0<strong>ce n&rsquo;est pas les immigr\u00e9s qu&rsquo;il faut expulser, mais le capitalisme et les autorit\u00e9s<\/strong>\u00ab\u00a0&#8230; Gr\u00e2ce aux mobilisations populaires, Erdeven a d\u00e9j\u00e0 \u00e9chapp\u00e9 \u00e0 une <a href=\"http:\/\/anars56.over-blog.org\/article-30163724.html\">centrale nucl\u00e9aire en 1975<\/a>, \u00e0 l&rsquo;<a href=\"http:\/\/anars56.over-blog.org\/article-26190167.html\">extraction de granulats marins par le cimentier Lafarge<\/a> en 2009&#8230; <a href=\"http:\/\/le-peuple-des-dunes.org\/\"><strong>Le Peuple des dunes<\/strong><\/a> sait r\u00e9agir. Pourtant, en 1999-2000, les plages avaient \u00e9t\u00e9 souill\u00e9es par le p\u00e9trole de l&rsquo;Erika. En 2011, du fioul \u00e0 nouveau, certes en moins grande quantit\u00e9, se r\u00e9pand mais le bateau (poubelle ?) restera immobilis\u00e9 sur la plage durant un paquet de temps&#8230;<\/p>\n<p>Alors que l&rsquo;on marche, tel dans un d\u00e9cor de cin\u00e9ma d&rsquo;anticipation, ou dans une BD de fiction, le haut du cargo \u00e9chou\u00e9 surgit par dessus les dunes&#8230; Etrange, on dirait que c&rsquo;est faux, qu&rsquo;il a \u00e9t\u00e9 ajout\u00e9. Mais non, on s&rsquo;approche, il est bien r\u00e9el : horreur ! Un h\u00e9licopt\u00e8re de gendarmerie survole la marche, sans doute en nous filmant copieusement&#8230;<\/p>\n<p><img loading=\"lazy\" decoding=\"async\" src=\"http:\/\/img.over-blog.com\/300x225\/2\/40\/14\/97\/ecologie\/gendarmes-et-manifestants.JPG\" alt=\"gendarmes et manifestants\" width=\"300\" height=\"225\" \/>On retrouve d&rsquo;autres manifestant-e-s sur la plage et c&rsquo;est un demi millier de personnes qui convergent vers la masse m\u00e9tallique o\u00f9 s&rsquo;agitent quelques hommes en blanc, personnels de nettoyage.<\/p>\n<p>Alors qu&rsquo;elle avait en principe \u00e9t\u00e9 n\u00e9goci\u00e9e par le Pr\u00e9fet, l&rsquo;autorisation d&rsquo;inscrire \u00ab\u00a0<strong>Joyeux No\u00ebl, les arma-tueurs<\/strong>\u00a0\u00bb sur la coque nous est refus\u00e9e. Une premi\u00e8re haie de gendarmes (pas agressifs, ni casqu\u00e9s&#8230; mais quand m\u00eame !) nous barre la route. Des n\u00e9gociations \/ tergiversations sont entam\u00e9es avec le chef des gendarmes. Le Pr\u00e9fet a reni\u00e9 sa parole&#8230; (de la part de \u00ab\u00a0l&rsquo;autorit\u00e9 d\u00e9concentr\u00e9e de l&rsquo;Etat\u00a0\u00bb (comme cela s&rsquo;appelle !), sont surpris ceux et celles qui veulent bien l&rsquo;\u00eatre&#8230;). On se masse devant cette haie. Les flics discutent aussi avec nous. Ils savent que la d\u00e9marche est pacifique&#8230; Ca traine un peu. Des slogans fusent par intermittence. Une 2\u00e8me haie de gendarmes se met en place, puis une troisi\u00e8me. Ca fait une heure que l&rsquo;on poireaute, on sait que l&rsquo;on ne nous laissera pas passer.<\/p>\n<p style=\"text-align: justify\">\u00a0<img loading=\"lazy\" decoding=\"async\" src=\"http:\/\/img.over-blog.com\/300x225\/2\/40\/14\/97\/ecologie\/gendarmes.JPG\" alt=\"gendarmes.JPG\" width=\"300\" height=\"225\" \/> Il fait froid au bord de mer. Des familles ont d\u00e9j\u00e0 d\u00e9camp\u00e9. On d\u00e9cide de forcer tranquillement la premi\u00e8re haie. Une sorte de m\u00eal\u00e9e de rugby se forme, sans coups port\u00e9s, la 2\u00e8me ligne de gendarmes vient renforcer la premi\u00e8re. Ils nous contiennent. Tel un ailier, un copain, drapeau noir en main, tente une sortie en rasant les vagues. Il se fait prendre, tombant m\u00eame \u00e0 l&rsquo;eau ! Pour ce qu&rsquo;on en a vu, il semble que les flics un peu plus anciens aient pris notre tentative de forcer le barrage, sans trop s&rsquo;\u00e9nerver ; d&rsquo;autres, plus jeunes, nous ont pouss\u00e9s sans m\u00e9nagement, les gazeuses \u00e0 port\u00e9e de main. Il n&rsquo;en sera pas fait usage, ni de matraques&#8230; heureusement !<\/p>\n<p style=\"text-align: justify\">Le copain arr\u00eat\u00e9 est rel\u00e2ch\u00e9 au bout de 10 minutes par un autre chemin. Les gendarmes lui ont m\u00eame dit \u00ab\u00a0<em>vous avez raison de faire ce que vous faites<\/em>\u00ab\u00a0&#8230; !! Ce n&rsquo;est pas sans rappeler un sketch de <strong>Coluche<\/strong> :<br \/>\nDans une dictature, <em>\u00ab\u00a0un flic interroge un passant :<\/em><br \/>\n<em>&#8211; Qu&rsquo;est-ce t&rsquo;en penses, toi ?<\/em><br \/>\n<em>&#8211; Eh bien, comme vous !<\/em><br \/>\n<em>&#8211; Je t&rsquo;arr\u00eate alors !\u00a0\u00bb<\/em><\/p>\n<p>Il est quand m\u00eame remarquable qu&rsquo;il n&rsquo;y ait aucune autorit\u00e9 \u00e9tatique pour emp\u00eacher un immense et vieux bateau de prendre la mer depuis le port de Lorient, alors qu&rsquo;une puissante temp\u00eate se d\u00e9cha\u00eene&#8230; En revanche, l&rsquo;Etat retrouve l&rsquo;usage de sa force l\u00e9gale pour retenir des manifestant-e-s qui voulaient juste faire un tag sur la coque&#8230;<br \/>\nEt on s&rsquo;\u00e9tonne qu&rsquo;on soit anarchiste !<br \/>\nOn aimerait aussi que la facture de cette mobilisation des forces gendarmesques soit adress\u00e9e aux groupes priv\u00e9s affr\u00eateurs du bateau et\/ou \u00e0 l&rsquo;armateur&#8230; Mais, ne nous racontons pas d&rsquo;histoires, c&rsquo;est bien la collectivit\u00e9 qui assumera ces d\u00e9penses.<\/p>\n<p>Une enqu\u00eate va \u00eatre men\u00e9e pour d\u00e9finir la cha\u00eene des responsabilit\u00e9s. Le commandant de bord est apparemment seul ma\u00eetre \u00e0 bord, selon la Loi. L&rsquo;autorit\u00e9 maritime n&rsquo;est pas en mesure de l&#8217;emp\u00eacher de partir&#8230; Il restera \u00e0 voir s&rsquo;il n&rsquo;a pas eu d&rsquo;ordre de l&rsquo;armateur (bas\u00e9 en Turquie) ou de l&rsquo;affr\u00eateur qui voulait que sa cargaison soit rapidement r\u00e9cup\u00e9r\u00e9e. C&rsquo;est que la rotation du capital est en mode acc\u00e9l\u00e9r\u00e9 en ce d\u00e9but du XXI\u00e8me si\u00e8cle.<\/p>\n<p>Les politiciens parlent de l\u00e9gif\u00e9rer plus drastiquement. N&rsquo;est-ce pas le simple bon sens qui aurait du faire en sorte que le navire reste \u00e0 quai ? Mais la logique de profit s&rsquo;asseoit sur ce simple bon sens.<\/p>\n<p>En soci\u00e9t\u00e9 autog\u00e9r\u00e9e, sans classes ni Etat, parce qu&rsquo;il n&rsquo;y aurait pas de capital \u00e0 accumuler, une bonne partie de la production \/ consommation serait relocalis\u00e9e et des marchandises-gadgets m\u00eame pas fabriqu\u00e9s ! Le transport de fret maritime serait ainsi r\u00e9duit.<\/p>\n<p style=\"text-align: justify\">D&rsquo;ailleurs, il en serait fini de la propri\u00e9t\u00e9 priv\u00e9e des navires et cargaisons : bien commun de l&rsquo;Humanit\u00e9. Les navires seraient uniquement command\u00e9s par le collectif des marins, en autogestion, qui y travaillent et qui s&rsquo;assureraient de leur fiabilit\u00e9 &#8230;<\/p>\n<p style=\"text-align: justify\">En attendant la rupture r\u00e9volutionnaire, nous plaidons pour le contr\u00f4le syndical des navires, pour des normes internationales d\u00e9finies par les organisations de travailleurs-marins et la r\u00e9appropriation du transport maritime par la population (s\u00e9curit\u00e9, \u00e9cologie, conditions de travail&#8230;).<\/p>\n<p style=\"text-align: justify\"><em>Blog des Groupes Lochu-Ferrer (F\u00e9d\u00e9ration Anarchiste 56)<\/em><\/p>\n<\/div>\n","protected":false},"excerpt":{"rendered":"<p>Pour No\u00ebl je voulais de la neige, pas du mazout * * Slogan peint la nuit de vendredi \u00e0 samedi par un ou une anonyme sur la coque du cargo \u00e9chou\u00e9 \u00a0R\u00e9cit de la manifestation \u00a0Samedi apr\u00e8s-midi, route vers Etel pour d\u00e9noncer les aberrations du transport maritime, pilier de la circulation des marchandises dans le &hellip; <a href=\"https:\/\/fa86.noblogs.org\/?p=1847\" class=\"more-link\">Continuer la lecture de <span class=\"screen-reader-text\">[Etel] Pour No\u00ebl je voulais de la neige, pas du mazout<\/span> <span class=\"meta-nav\">&rarr;<\/span><\/a><\/p>\n","protected":false},"author":2691,"featured_media":0,"comment_status":"open","ping_status":"open","sticky":false,"template":"","format":"standard","meta":{"footnotes":""},"categories":[18,9],"tags":[],"class_list":["post-1847","post","type-post","status-publish","format-standard","hentry","category-decroissance-libertaire","category-la-rue-grogne"],"_links":{"self":[{"href":"https:\/\/fa86.noblogs.org\/index.php?rest_route=\/wp\/v2\/posts\/1847","targetHints":{"allow":["GET"]}}],"collection":[{"href":"https:\/\/fa86.noblogs.org\/index.php?rest_route=\/wp\/v2\/posts"}],"about":[{"href":"https:\/\/fa86.noblogs.org\/index.php?rest_route=\/wp\/v2\/types\/post"}],"author":[{"embeddable":true,"href":"https:\/\/fa86.noblogs.org\/index.php?rest_route=\/wp\/v2\/users\/2691"}],"replies":[{"embeddable":true,"href":"https:\/\/fa86.noblogs.org\/index.php?rest_route=%2Fwp%2Fv2%2Fcomments&post=1847"}],"version-history":[{"count":2,"href":"https:\/\/fa86.noblogs.org\/index.php?rest_route=\/wp\/v2\/posts\/1847\/revisions"}],"predecessor-version":[{"id":1849,"href":"https:\/\/fa86.noblogs.org\/index.php?rest_route=\/wp\/v2\/posts\/1847\/revisions\/1849"}],"wp:attachment":[{"href":"https:\/\/fa86.noblogs.org\/index.php?rest_route=%2Fwp%2Fv2%2Fmedia&parent=1847"}],"wp:term":[{"taxonomy":"category","embeddable":true,"href":"https:\/\/fa86.noblogs.org\/index.php?rest_route=%2Fwp%2Fv2%2Fcategories&post=1847"},{"taxonomy":"post_tag","embeddable":true,"href":"https:\/\/fa86.noblogs.org\/index.php?rest_route=%2Fwp%2Fv2%2Ftags&post=1847"}],"curies":[{"name":"wp","href":"https:\/\/api.w.org\/{rel}","templated":true}]}}