{"id":1850,"date":"2011-12-18T22:22:14","date_gmt":"2011-12-18T21:22:14","guid":{"rendered":"http:\/\/fa86.noblogs.org\/?p=1850"},"modified":"2011-12-18T22:23:18","modified_gmt":"2011-12-18T21:23:18","slug":"israel-liberation-de-550-palestiniens-dont-salah-hamouri","status":"publish","type":"post","link":"https:\/\/fa86.noblogs.org\/?p=1850","title":{"rendered":"[Isra\u00ebl] Lib\u00e9ration de 550 Palestiniens, dont Salah Hamouri"},"content":{"rendered":"<h2 style=\"text-align: justify\"><a href=\"http:\/\/actu.voila.fr\/actualites\/monde\/2011\/12\/18\/israel-libere-550-palestiniens-dont-le-franco-palestinien-salah-hamouri_1504929.html\" target=\"_blank\">Isra\u00ebl lib\u00e8re 550 Palestiniens, dont le Franco-Palestinien Salah Hamouri<\/a><\/h2>\n<p style=\"text-align: justify\"><strong>Isra\u00ebl a rel\u00e2ch\u00e9 dimanche 550 d\u00e9tenus palestiniens, dont le Franco-Palestinien Salah Hamouri, dans le cadre de la derni\u00e8re phase d&rsquo;un \u00e9change qui a permis la lib\u00e9ration du soldat franco-isra\u00e9lien Gilad Shalit, selon des sources palestiniennes et des t\u00e9moins.<\/strong><\/p>\n<p style=\"text-align: justify\"><a title=\"La m\u00e8re du Franco-Palestinien Salah Hamouri, tient la photo de son fils, le 15 d\u00e9cembre 2011 \u00e0 J\u00e9rusalem\" href=\"http:\/\/media.voila.fr\/content\/medias_85\/2011\/12\/18\/photo_1324240456129-2-0.jpg\"><img loading=\"lazy\" decoding=\"async\" src=\"http:\/\/actu.voila.fr\/images\/356x200\/2011\/12\/18\/85_photo_1324240456129-2-0.jpg\" alt=\"La m\u00e8re du Franco-Palestinien Salah Hamouri, tient la photo de son fils, le 15 d\u00e9cembre 2011 \u00e0 J\u00e9rusalem\" width=\"360\" height=\"200\" \/><\/a><\/p>\n<div style=\"text-align: justify\">\n<div>La m\u00e8re du Franco-Palestinien Salah Hamouri, tient la photo de son fils, le 15 d\u00e9cembre 2011 \u00e0 J\u00e9rusalem<\/div>\n<\/div>\n<p style=\"text-align: justify\">Le principal contingent de prisonniers (505) est arriv\u00e9 tard dans la soir\u00e9e \u00e0 Ramallah, le si\u00e8ge de l&rsquo;Autorit\u00e9 palestinienne en Cisjordanie, tandis qu&rsquo;un plus petit groupe de 41 d\u00e9tenus entrait au m\u00eame moment dans la bande de Gaza, selon des photographes de l&rsquo;AFP.<\/p>\n<p style=\"text-align: justify\"><em>AFP, 18 d\u00e9cembre 2011<\/em><\/p>\n","protected":false},"excerpt":{"rendered":"<p>Isra\u00ebl lib\u00e8re 550 Palestiniens, dont le Franco-Palestinien Salah Hamouri Isra\u00ebl a rel\u00e2ch\u00e9 dimanche 550 d\u00e9tenus palestiniens, dont le Franco-Palestinien Salah Hamouri, dans le cadre de la derni\u00e8re phase d&rsquo;un \u00e9change qui a permis la lib\u00e9ration du soldat franco-isra\u00e9lien Gilad Shalit, selon des sources palestiniennes et des t\u00e9moins. La m\u00e8re du Franco-Palestinien Salah Hamouri, tient la &hellip; <a href=\"https:\/\/fa86.noblogs.org\/?p=1850\" class=\"more-link\">Continuer la lecture de <span class=\"screen-reader-text\">[Isra\u00ebl] Lib\u00e9ration de 550 Palestiniens, dont Salah Hamouri<\/span> <span class=\"meta-nav\">&rarr;<\/span><\/a><\/p>\n","protected":false},"author":2691,"featured_media":0,"comment_status":"open","ping_status":"open","sticky":false,"template":"","format":"standard","meta":{"footnotes":""},"categories":[20,11,16],"tags":[],"class_list":["post-1850","post","type-post","status-publish","format-standard","hentry","category-feu-aux-prisons","category-ni-patrie-ni-frontiere","category-repression"],"_links":{"self":[{"href":"https:\/\/fa86.noblogs.org\/index.php?rest_route=\/wp\/v2\/posts\/1850","targetHints":{"allow":["GET"]}}],"collection":[{"href":"https:\/\/fa86.noblogs.org\/index.php?rest_route=\/wp\/v2\/posts"}],"about":[{"href":"https:\/\/fa86.noblogs.org\/index.php?rest_route=\/wp\/v2\/types\/post"}],"author":[{"embeddable":true,"href":"https:\/\/fa86.noblogs.org\/index.php?rest_route=\/wp\/v2\/users\/2691"}],"replies":[{"embeddable":true,"href":"https:\/\/fa86.noblogs.org\/index.php?rest_route=%2Fwp%2Fv2%2Fcomments&post=1850"}],"version-history":[{"count":3,"href":"https:\/\/fa86.noblogs.org\/index.php?rest_route=\/wp\/v2\/posts\/1850\/revisions"}],"predecessor-version":[{"id":1853,"href":"https:\/\/fa86.noblogs.org\/index.php?rest_route=\/wp\/v2\/posts\/1850\/revisions\/1853"}],"wp:attachment":[{"href":"https:\/\/fa86.noblogs.org\/index.php?rest_route=%2Fwp%2Fv2%2Fmedia&parent=1850"}],"wp:term":[{"taxonomy":"category","embeddable":true,"href":"https:\/\/fa86.noblogs.org\/index.php?rest_route=%2Fwp%2Fv2%2Fcategories&post=1850"},{"taxonomy":"post_tag","embeddable":true,"href":"https:\/\/fa86.noblogs.org\/index.php?rest_route=%2Fwp%2Fv2%2Ftags&post=1850"}],"curies":[{"name":"wp","href":"https:\/\/api.w.org\/{rel}","templated":true}]}}