{"id":2560,"date":"2012-01-08T22:10:07","date_gmt":"2012-01-08T21:10:07","guid":{"rendered":"http:\/\/fa86.noblogs.org\/?p=2560"},"modified":"2012-01-08T22:14:00","modified_gmt":"2012-01-08T21:14:00","slug":"poitiers-b-a-c-a-poubelle-appel-a-soutien-au-proces-dune-recup","status":"publish","type":"post","link":"https:\/\/fa86.noblogs.org\/?p=2560","title":{"rendered":"[Poitiers] B.A.C \u00e0 poubelle ! &#8211; Appel \u00e0 soutien au proc\u00e8s d&rsquo;une r\u00e9cup"},"content":{"rendered":"<div>\n<div>\n<p style=\"text-align: justify\"><em>Les 2 inculp\u00e9-e dans l&rsquo;affaire de la r\u00e9cup&rsquo; au spar de Saint-Beno\u00eet \u00e0 la fin du mois dernier ont produit un petit texte en vue de leur proc\u00e8s qui aura lieu le 23 janvier prochain.<\/em><\/p>\n<p style=\"text-align: justify\"><em><a href=\"https:\/\/fa86.noblogs.org\/files\/2012\/01\/poubelle-la-vie.jpg\"><img loading=\"lazy\" decoding=\"async\" class=\"alignleft size-medium wp-image-2561\" src=\"https:\/\/fa86.noblogs.org\/files\/2012\/01\/poubelle-la-vie-263x300.jpg\" alt=\"\" width=\"263\" height=\"300\" srcset=\"https:\/\/fa86.noblogs.org\/files\/2012\/01\/poubelle-la-vie-263x300.jpg 263w, https:\/\/fa86.noblogs.org\/files\/2012\/01\/poubelle-la-vie.jpg 800w\" sizes=\"auto, (max-width: 263px) 100vw, 263px\" \/><\/a>Rappelons que l&rsquo;affaire avait \u00e9t\u00e9 <a href=\"https:\/\/fa86.noblogs.org\/?p=2182\" target=\"_blank\">relat\u00e9e<\/a>\u00a0de fa\u00e7on lamentable par le torchon local qui, en plus de r\u00e9p\u00e9ter la version volaill\u00e8re, en profitait pour r\u00e9it\u00e9rer des salades sur l&rsquo;un des inculp\u00e9-e : la personne en question n&rsquo;ayant \u00e9t\u00e9 condamn\u00e9e ni \u00e0 un mois de sursis ni \u00e0 des TIG dans l&rsquo;affaire cit\u00e9e par le journal&#8230;<\/em><\/p>\n<p style=\"text-align: justify\"><em>Face \u00e0 la r\u00e9pression polici\u00e8re, judiciaire et merdiatique, soyons nombreux-ses le jour du proc\u00e8s !<\/em><\/p>\n<p style=\"text-align: justify\">\u00a0<\/p>\n<h2 style=\"text-align: justify\">B.A.C \u00e0 poubelle !<\/h2>\n<p style=\"text-align: justify\">Il est environ 23h le 28 d\u00e9cembre, nous nous trouvons sur le parking du nouveau Spar de Saint-Beno\u00eet. Ces poubelles ne nous ont jamais trahi sur l\u2019abondance de nourriture, encore tout \u00e0 fait consommable, qu\u2019elles contiennent. Triste constat du consum\u00e9risme ambiant, mais grande r\u00e9jouissance face \u00e0 la semaine de survie qu\u2019elles nous offrent.<\/p>\n<p style=\"text-align: justify\">Un seul d\u00e9tail nous \u00e9chappe : ces poubelles sont priv\u00e9es. Alors, au m\u00eame titre que de se servir dans les rayons sans payer, se servir dans les poubelles, c\u2019est du vol. On ne voulait pas y croire, mais les flics, eux, ont bien profit\u00e9 de l\u2019occasion. Une voiture de la BAC (Brigade Anti Criminalit\u00e9) nous intercepte donc sur le parking nous ayant vu, de loin, gar\u00e9s pr\u00e8s du local \u00e0 poubelle. \u00ab Surveiller les zones \u00e9conomiques, \u00e7a fait partie de notre travail \u00bb. Nous n\u2019avons pas nos papiers sur nous, mais ce n\u2019est plus qu\u2019un d\u00e9tail. Ils nous connaissent bien ce qui suffit largement pour nous emmener au poste apr\u00e8s recherche d\u2019\u00e9ventuelles traces d\u2019effraction de notre soi-disant introduction dans le local. La voiture est emmen\u00e9e au commissariat, le chien \u00e0 la SPA et nous deux en cellule.<\/p>\n<p style=\"text-align: justify\">Pas d\u2019effraction. Mais ils ne nous l\u00e2cheront pas comme \u00e7a. C\u2019est un beau d\u00e9lit qu\u2019ils ont intercept\u00e9 ce soir-l\u00e0 : vol en r\u00e9union avec ruse ! Les flics ne manquent pas de nous le mentionner : \u00ab votre physique le permet\u2026\u00bb. On se serait donc faufil\u00e9s, mais quelle ruse !<\/p>\n<p style=\"text-align: justify\">Apr\u00e8s une quinzaine d\u2019heures de garde \u00e0 vue, nous sommes pr\u00e9sent\u00e9s au tribunal. Comparution imm\u00e9diate, nous la refusons. Le procureur, M. CASASSUS-BUILHE, demande notre placement en d\u00e9tention provisoire. Est-ce encore une ruse pour nous emp\u00eacher de r\u00e9it\u00e9rer cet abominable d\u00e9lit ? Apr\u00e8s 20 minutes de d\u00e9lib\u00e9r\u00e9, le juge nous laisse libre avec une convocation au tribunal le 23 janvier 2012 \u00e0 14h. Un peu plus et une poubelle nous emmenait \u00e0 Vivonne !<\/p>\n<p style=\"text-align: justify\">La d\u00e9mesure de cette affaire nous laisse sans voix. Mais nous en tirons une bonne le\u00e7on : certaines ordures ne se trouvent pas dans les poubelles\u2026<\/p>\n<p style=\"text-align: justify\">Si comme nous vous trouvez cette r\u00e9pression totalement injustifi\u00e9e, venez nous soutenir le 23 janvier 2012 \u00e0 14h au palais de justice \u00e0 Poitiers.<\/p>\n<\/div>\n<\/div>\n","protected":false},"excerpt":{"rendered":"<p>Les 2 inculp\u00e9-e dans l&rsquo;affaire de la r\u00e9cup&rsquo; au spar de Saint-Beno\u00eet \u00e0 la fin du mois dernier ont produit un petit texte en vue de leur proc\u00e8s qui aura lieu le 23 janvier prochain. Rappelons que l&rsquo;affaire avait \u00e9t\u00e9 relat\u00e9e\u00a0de fa\u00e7on lamentable par le torchon local qui, en plus de r\u00e9p\u00e9ter la version volaill\u00e8re, &hellip; <a href=\"https:\/\/fa86.noblogs.org\/?p=2560\" class=\"more-link\">Continuer la lecture de <span class=\"screen-reader-text\">[Poitiers] B.A.C \u00e0 poubelle ! &#8211; Appel \u00e0 soutien au proc\u00e8s d&rsquo;une r\u00e9cup<\/span> <span class=\"meta-nav\">&rarr;<\/span><\/a><\/p>\n","protected":false},"author":2691,"featured_media":0,"comment_status":"open","ping_status":"open","sticky":false,"template":"","format":"standard","meta":{"footnotes":""},"categories":[21,9,16,4],"tags":[],"class_list":["post-2560","post","type-post","status-publish","format-standard","hentry","category-desinformation-bourgeoise","category-la-rue-grogne","category-repression","category-se-trouver"],"_links":{"self":[{"href":"https:\/\/fa86.noblogs.org\/index.php?rest_route=\/wp\/v2\/posts\/2560","targetHints":{"allow":["GET"]}}],"collection":[{"href":"https:\/\/fa86.noblogs.org\/index.php?rest_route=\/wp\/v2\/posts"}],"about":[{"href":"https:\/\/fa86.noblogs.org\/index.php?rest_route=\/wp\/v2\/types\/post"}],"author":[{"embeddable":true,"href":"https:\/\/fa86.noblogs.org\/index.php?rest_route=\/wp\/v2\/users\/2691"}],"replies":[{"embeddable":true,"href":"https:\/\/fa86.noblogs.org\/index.php?rest_route=%2Fwp%2Fv2%2Fcomments&post=2560"}],"version-history":[{"count":3,"href":"https:\/\/fa86.noblogs.org\/index.php?rest_route=\/wp\/v2\/posts\/2560\/revisions"}],"predecessor-version":[{"id":2563,"href":"https:\/\/fa86.noblogs.org\/index.php?rest_route=\/wp\/v2\/posts\/2560\/revisions\/2563"}],"wp:attachment":[{"href":"https:\/\/fa86.noblogs.org\/index.php?rest_route=%2Fwp%2Fv2%2Fmedia&parent=2560"}],"wp:term":[{"taxonomy":"category","embeddable":true,"href":"https:\/\/fa86.noblogs.org\/index.php?rest_route=%2Fwp%2Fv2%2Fcategories&post=2560"},{"taxonomy":"post_tag","embeddable":true,"href":"https:\/\/fa86.noblogs.org\/index.php?rest_route=%2Fwp%2Fv2%2Ftags&post=2560"}],"curies":[{"name":"wp","href":"https:\/\/api.w.org\/{rel}","templated":true}]}}