{"id":3069,"date":"2012-01-23T18:18:22","date_gmt":"2012-01-23T17:18:22","guid":{"rendered":"http:\/\/fa86.noblogs.org\/?p=3069"},"modified":"2012-01-26T20:51:04","modified_gmt":"2012-01-26T19:51:04","slug":"poitiers-relaxe-pour-les-2-personnes-en-proces-pour-une-recup","status":"publish","type":"post","link":"https:\/\/fa86.noblogs.org\/?p=3069","title":{"rendered":"[Poitiers] Relaxe pour les 2 personnes en proc\u00e8s pour une r\u00e9cup&rsquo;"},"content":{"rendered":"<p style=\"text-align: justify\">Deux personnes passaient aujourd&rsquo;hui \u00e0 14H\u00a0<a href=\"https:\/\/fa86.noblogs.org\/?p=2560\" target=\"_blank\">en proc\u00e8s pour de la r\u00e9cup <\/a>dans la poubelle d&rsquo;un spar de Saint-Beno\u00eet (sans plainte du proprio). Pour l&rsquo;occasion et en solidarit\u00e9, un rassemblement-tractage d&rsquo;une trentaine de personnes devant le palais d&rsquo;injustice. Ainsi qu&rsquo;un march\u00e9 gratuit sur un \u00e9tal, toujours bien en face du TGI, avec des fruits et l\u00e9gumes r\u00e9cup\u00e9r\u00e9s au march\u00e9 des Couronneries la veille.<\/p>\n<p style=\"text-align: justify\"><a href=\"https:\/\/fa86.noblogs.org\/files\/2012\/01\/march\u00e9-gratuit-soutien-recup-23-01-2011.jpg\"><img loading=\"lazy\" decoding=\"async\" class=\"aligncenter size-large wp-image-3080\" src=\"https:\/\/fa86.noblogs.org\/files\/2012\/01\/march\u00e9-gratuit-soutien-recup-23-01-2011-1024x768.jpg\" alt=\"\" width=\"640\" height=\"480\" srcset=\"https:\/\/fa86.noblogs.org\/files\/2012\/01\/march\u00e9-gratuit-soutien-recup-23-01-2011-1024x768.jpg 1024w, https:\/\/fa86.noblogs.org\/files\/2012\/01\/march\u00e9-gratuit-soutien-recup-23-01-2011-300x225.jpg 300w\" sizes=\"auto, (max-width: 640px) 100vw, 640px\" \/><\/a><\/p>\n<p style=\"text-align: justify\">On aura rarement vu spectacle aussi grotesque au tribunal &#8211; et pourtant fichtre, on a l&rsquo;habitude. Pas moins d&rsquo;une heure et quart \u00e0 discuter autour du fait que deux personnes se soient servies dans une poubelle, pour r\u00e9cup\u00e9rer des produits alimentaires p\u00e9rim\u00e9s !\u00a0Le tout transform\u00e9 en \u00ab\u00a0vol en r\u00e9union avec effraction et ruse\u00a0\u00bb &#8211; pri\u00e8re de ne pas rire (\u00e7a ne pla\u00eet pas trop au juge).<\/p>\n<p style=\"text-align: justify\">On comprend mieux le pourquoi d&rsquo;un tel acharnement, \u00e0 l&rsquo;\u00e9coute du r\u00e9quisitoire de la proc&rsquo; : n&rsquo;ayant aucune preuve sous la main, puisqu&rsquo;il n&rsquo;y a rien dans ce dossier, les trois quarts de ses propos ont tourn\u00e9 autour du fait que ces deux personnes soient\u00a0\u00ab\u00a0militantes\u00a0\u00bb. La proc&rsquo; a ainsi parl\u00e9 un bon moment du tract\u00a0<a href=\"https:\/\/fa86.noblogs.org\/?p=2560\" target=\"_blank\">r\u00e9dig\u00e9 pour l&rsquo;occasion<\/a> par les deux inculp\u00e9-e. A aucun moment la preuve d&rsquo;un vol n&rsquo;est \u00e9tabli, on fait donc avec ce qu&rsquo;on peut : la proc parle du casier militant des deux personnes, leur reproche de n&rsquo;avoir rien dit en gardav&rsquo;&#8230;\u00a0<\/p>\n<p style=\"text-align: justify\">On culmine dans le cocasse, \u00e0 l&rsquo;\u00e9coute de la peine finalement requise : <strong>huit mois de prison, dont deux fermes, pour chaque pr\u00e9venu-e ! <\/strong>Pri\u00e8re de ne pas s&rsquo;esclaffer ni d&rsquo;applaudir cette prestation :\u00a0le juge rousp\u00e8te ce qu&rsquo;il nomme une manifestation d&rsquo;un \u00ab\u00a0fan-club\u00a0\u00bb, et menace d&rsquo;interrompre la s\u00e9ance si \u00e7a se reproduit encore.<\/p>\n<p style=\"text-align: justify\">L&rsquo;avocate des deux personnes inculp\u00e9es prend la parole. Elle trouve \u00ab\u00a0extraordinaire\u00a0\u00bb le fait qu&rsquo;on leur reproche d&rsquo;exercer leur droit au silence en garde \u00e0 vue. Qu&rsquo;on parle de militantisme pour cet acte si cruellement banal, pour ces deux personnes qui survivent avec peu de ressources comme pour tant d&rsquo;autres. Elle d\u00e9montre ensuite\u00a0que le \u00ab\u00a0vol\u00a0\u00bb n&rsquo;est constitu\u00e9 ni mat\u00e9riellement ni moralement, et encore moins \u00ab\u00a0l&rsquo;effraction\u00a0\u00bb dont on ne trouve aucune trace. Que m\u00eame s&rsquo;il y avait eu entr\u00e9e dans le local, cela ne pourrait constituer une infraction puisque la jurisprudence consid\u00e8re que la nourriture p\u00e9rim\u00e9e abandonn\u00e9e dans une poubelle n&rsquo;est ni une \u00ab\u00a0propri\u00e9t\u00e9\u00a0\u00bb ni une \u00ab\u00a0marchandise\u00a0\u00bb, et cite \u00e0 l&rsquo;appui une d\u00e9cision de justice de 2002, o\u00f9 quelqu&rsquo;un\u00a0avait \u00e9t\u00e9 relax\u00e9 pour les m\u00eames faits ( commis qui plus est \u00e0 l&rsquo;int\u00e9rieur d&rsquo;un magasin).\u00a0Qu&rsquo;il n&rsquo;y a d&rsquo;ailleurs m\u00eame pas d&rsquo;effraction du local, mais que la nourriture r\u00e9cup\u00e9r\u00e9e l&rsquo;a \u00e9t\u00e9 dans les poubelles&#8230; sorties du local pour l&rsquo;occasion et d\u00e9pos\u00e9es sur le parking public, \u00e0 destination des \u00e9boueurs sur le bord de la rocade.\u00a0 Elle raille ensuite l&rsquo;accusation de vol \u00ab\u00a0avec ruse\u00a0\u00bb, vocable juridique compl\u00e8tement inad\u00e9quat\u00a0puisqu&rsquo;aucun \u00ab\u00a0subterfuge\u00a0\u00bb n&rsquo;a \u00e9t\u00e9 utilis\u00e9.<\/p>\n<p style=\"text-align: justify\">Apr\u00e8s un quart d&rsquo;heure de d\u00e9lib\u00e9ration, le tribunal rend un verdict d&rsquo;\u00e9vidence : <strong>RELAXE<\/strong>.<\/p>\n<p style=\"text-align: justify\">N\u00e9anmoins, chaque inculp\u00e9-e devra tout de m\u00eame s&rsquo;acquiter d&rsquo;une amende de 100 euros pour refus de pr\u00e9l\u00e8vement ADN ; alors m\u00eame que le d\u00e9lit n&rsquo;a pas \u00e9t\u00e9 constitu\u00e9.<\/p>\n<p style=\"text-align: justify\">Mais de \u00e7a aussi, h\u00e9las, on a l&rsquo;habitude.<\/p>\n<p style=\"text-align: justify\"><em>Juanito, groupe Pavillon Noir (F\u00e9d\u00e9ration Anarchiste 86) 23 janvier 2012<\/em><\/p>\n<p style=\"text-align: justify\"><strong><em>mise \u00e0 jour : <a href=\"http:\/\/www.lanouvellerepublique.fr\/Vienne\/Actualite\/Faits-divers-justice\/n\/Contenus\/Articles\/2012\/01\/24\/L-affaire-des-poubelles-finit-en-relaxe\" target=\"_blank\">un article de la presse locale<\/a><\/em><\/strong><\/p>\n<p style=\"text-align: justify\"><strong><em>Mise \u00e0 jour 2 : <a href=\"http:\/\/www.antirep86.fr\/2012\/01\/25\/compte-rendu-proces-n-et-jb-lundi-23012012-14h-poitiers\/\" target=\"_blank\">un autre compte-rendu<\/a><\/em><\/strong><\/p>\n<p style=\"text-align: justify\"><strong><em>Mise \u00e0 jour 3 : <a href=\"http:\/\/www.rennestv.fr\/RennesTV_BETA\/MAGAZINE\/Entrees\/2012\/1\/25_Deux_militants_en_proces_pour_avoir_fait_les_poubelles.html\" target=\"_blank\">un article sur l&rsquo;action de solidarit\u00e9 \u00e0 Rennes<\/a><\/em><\/strong><\/p>\n","protected":false},"excerpt":{"rendered":"<p>Deux personnes passaient aujourd&rsquo;hui \u00e0 14H\u00a0en proc\u00e8s pour de la r\u00e9cup dans la poubelle d&rsquo;un spar de Saint-Beno\u00eet (sans plainte du proprio). Pour l&rsquo;occasion et en solidarit\u00e9, un rassemblement-tractage d&rsquo;une trentaine de personnes devant le palais d&rsquo;injustice. Ainsi qu&rsquo;un march\u00e9 gratuit sur un \u00e9tal, toujours bien en face du TGI, avec des fruits et l\u00e9gumes &hellip; <a href=\"https:\/\/fa86.noblogs.org\/?p=3069\" class=\"more-link\">Continuer la lecture de <span class=\"screen-reader-text\">[Poitiers] Relaxe pour les 2 personnes en proc\u00e8s pour une r\u00e9cup&rsquo;<\/span> <span class=\"meta-nav\">&rarr;<\/span><\/a><\/p>\n","protected":false},"author":2691,"featured_media":0,"comment_status":"open","ping_status":"open","sticky":false,"template":"","format":"standard","meta":{"footnotes":""},"categories":[18,9,16],"tags":[],"class_list":["post-3069","post","type-post","status-publish","format-standard","hentry","category-decroissance-libertaire","category-la-rue-grogne","category-repression"],"_links":{"self":[{"href":"https:\/\/fa86.noblogs.org\/index.php?rest_route=\/wp\/v2\/posts\/3069","targetHints":{"allow":["GET"]}}],"collection":[{"href":"https:\/\/fa86.noblogs.org\/index.php?rest_route=\/wp\/v2\/posts"}],"about":[{"href":"https:\/\/fa86.noblogs.org\/index.php?rest_route=\/wp\/v2\/types\/post"}],"author":[{"embeddable":true,"href":"https:\/\/fa86.noblogs.org\/index.php?rest_route=\/wp\/v2\/users\/2691"}],"replies":[{"embeddable":true,"href":"https:\/\/fa86.noblogs.org\/index.php?rest_route=%2Fwp%2Fv2%2Fcomments&post=3069"}],"version-history":[{"count":16,"href":"https:\/\/fa86.noblogs.org\/index.php?rest_route=\/wp\/v2\/posts\/3069\/revisions"}],"predecessor-version":[{"id":3075,"href":"https:\/\/fa86.noblogs.org\/index.php?rest_route=\/wp\/v2\/posts\/3069\/revisions\/3075"}],"wp:attachment":[{"href":"https:\/\/fa86.noblogs.org\/index.php?rest_route=%2Fwp%2Fv2%2Fmedia&parent=3069"}],"wp:term":[{"taxonomy":"category","embeddable":true,"href":"https:\/\/fa86.noblogs.org\/index.php?rest_route=%2Fwp%2Fv2%2Fcategories&post=3069"},{"taxonomy":"post_tag","embeddable":true,"href":"https:\/\/fa86.noblogs.org\/index.php?rest_route=%2Fwp%2Fv2%2Ftags&post=3069"}],"curies":[{"name":"wp","href":"https:\/\/api.w.org\/{rel}","templated":true}]}}