{"id":3396,"date":"2012-01-30T10:27:57","date_gmt":"2012-01-30T09:27:57","guid":{"rendered":"http:\/\/fa86.noblogs.org\/?p=3396"},"modified":"2012-01-30T10:27:57","modified_gmt":"2012-01-30T09:27:57","slug":"a-bas-toutes-les-armees","status":"publish","type":"post","link":"https:\/\/fa86.noblogs.org\/?p=3396","title":{"rendered":"A bas toutes les arm\u00e9es"},"content":{"rendered":"<div>\n<div>\n<h2 style=\"text-align: justify\"><a href=\"http:\/\/blog.mondediplo.net\/2012-01-29-Haditha-un-massacre-impuni-en-Irak\" target=\"_blank\">Haditha, un massacre impuni en Irak<\/a><\/h2>\n<\/div>\n<\/div>\n<div>\n<div>\n<p style=\"text-align: justify\">La nouvelle a \u00e9t\u00e9 r\u00e9duite \u00e0 quelques lignes dans <em>Le Monde<\/em> et \u00e0 peine \u00e9voqu\u00e9e ailleurs. Le quotidien du 27\u00a0janvier \u00e9crivait\u00a0: <em>\u00ab\u00a0L\u2019arrangement judiciaire qui a permis au sergent des marines am\u00e9ricain Frank Wuterich, accus\u00e9 de la mort de 24\u00a0civils irakiens (dont 10\u00a0femmes et enfants tu\u00e9s \u00e0 bout portant) en novembre 2005 \u00e0 Haditha, d\u2019\u00e9chapper \u00e0 la prison a provoqu\u00e9 l\u2019\u00e9c\u0153urement en Irak. En plaidant coupable devant une cour martiale de Camp Pendleton, M.\u00a0Wuterich n\u2019encourt que la d\u00e9gradation et une peine maximale de trois\u00a0mois aux arr\u00eats. Le pr\u00e9sident de la commission des droits de l\u2019homme du Parlement irakien, Salim Al-Joubouri a d\u00e9nonc\u00e9 une \u201catteinte \u00e0 la dignit\u00e9 des Irakiens\u201d.<\/em>\u00a0[<a id=\"nh1\" title=\"\u00ab Haditha : le scandale apr\u00e8s le massacre \u00bb.\" href=\"http:\/\/blog.mondediplo.net\/2012-01-29-Haditha-un-massacre-impuni-en-Irak#nb1\" rel=\"footnote\">1<\/a>]\u00a0<em>\u00a0\u00bb<\/em> Point final, aucun commentaire, aucun \u00e9ditorial indign\u00e9, ni dans <em>Le Monde,<\/em> ni dans les autres m\u00e9dias. Le porte-parole du Quai d\u2019Orsay, si prompt \u00e0 s\u2019\u00e9mouvoir de toute violation des droits humains, est rest\u00e9 silencieux.<\/p>\n<p style=\"text-align: justify\">Rappelons les faits. Le 19\u00a0novembre 2005 \u00e0 Haditha, une ville de la province d\u2019Al-Anbar, une mine artisanale explose sur le passage d\u2019un convoi am\u00e9ricain\u00a0; elle provoque la mort d\u2019un caporal. En repr\u00e9sailles, les marines tueront un grand nombre de civils et tenteront de camoufler le crime en pr\u00e9tendant que la grande majorit\u00e9 des morts avait \u00e9t\u00e9 provoqu\u00e9e par la bombe. Mais les incoh\u00e9rences de cette version et le travail de la presse, notamment du <em>Time Magazine<\/em>, am\u00e8neront l\u2019ouverture d\u2019une enqu\u00eate et la reconnaissance du fait que les troupes am\u00e9ricaines ont d\u00e9lib\u00e9r\u00e9ment tir\u00e9 sur des civils. En 2007, Hollywood produit m\u00eame un film, <em>Battle for Haditha<\/em> (Nick Broomfield), qui raconte le crime.<\/p>\n<p style=\"text-align: justify\">Pourtant, le proc\u00e8s qui s\u2019est d\u00e9roul\u00e9 il y a quelques jours et qui a abouti \u00e0 l\u2019abandon des poursuites contre six\u00a0marines et une peine l\u00e9g\u00e8re pour le dernier, montre \u00e0 quel point la justice des Etats-Unis est biais\u00e9e quand il s\u2019agit de crimes de guerre commis par ses propres citoyens. On comprend mieux pourquoi Washington, si empress\u00e9 de vouloir envoyer devant la Cour p\u00e9nale internationale tel ou tel dirigeant d\u2019un petit pays, refuse d\u2019en signer le statut, de peur d\u2019y voir tra\u00een\u00e9s ses propres responsables, dont ceux qui ont d\u00e9clench\u00e9 la guerre contre l\u2019Irak (lire \u00ab\u00a0<a href=\"http:\/\/blog.mondediplo.net\/2010-11-16-Du-Liban-a-l-Irak-juger-les-criminels\">Du Liban \u00e0 l\u2019Irak, juger les criminels\u00a0? <\/a>\u00a0\u00bb).<\/p>\n<p style=\"text-align: justify\">Dans un article du <em>New York Times<\/em> du 27\u00a0janvier, \u00ab\u00a0<a href=\"http:\/\/www.nytimes.com\/2012\/01\/28\/us\/an-iraqi-massacre-a-light-sentence-and-a-question-of-military-justice.html\" rel=\"external\">An Iraqi Massacre, a Light Sentence and a Question of Military Justice<\/a>\u00a0\u00bb, Charlie Savage et Eilsabeth Bumiller \u00e9crivent\u00a0: <em>\u00ab\u00a0Les informations limit\u00e9es disponibles montrent que m\u00eame quand les militaires ont essay\u00e9 de poursuivre des soldats pour meurtre ou massacre en zone de combat, le taux d\u2019acquittement a \u00e9t\u00e9 bien plus \u00e9lev\u00e9 que pour des cas civils.\u00a0\u00bb<\/em> Ce taux \u00e9lev\u00e9 d\u2019acquittement confirme, bien \u00e9videmment, aux yeux des Irakiens comme des peuples de la r\u00e9gion, que le discours d\u00e9mocratique et humanitaire tenu par l\u2019Occident est la couverture d\u2019une politique cynique.<\/p>\n<p style=\"text-align: justify\"><em>Monde diplo, Alain Gresh, 29 janvier 2012<\/em><\/p>\n<h2 style=\"text-align: justify\"><a href=\"http:\/\/balkans.courriers.info\/article19079.html\" target=\"_blank\">Crimes de guerre en Croatie\u00a0: des casques bleus danois ont ferm\u00e9 les yeux sur une tuerie \u00e0 Dvor<\/a><\/h2>\n<p style=\"text-align: justify\">Les justices serbe et croate vont pour la premi\u00e8re fois auditionner ensemble dans le cadre de deux enqu\u00eates distinctes concernant une tuerie \u00e0 Dvor-na-Uni, en ao\u00fbt 1995. Des casques bleus danois auraient assist\u00e9, sans r\u00e9agir, \u00e0 l\u2019ex\u00e9cution de neuf civils serbes handicap\u00e9s. Une affaire r\u00e9v\u00e9l\u00e9e au printemps 2011 par la t\u00e9l\u00e9vision danoise.<\/p>\n<div style=\"text-align: justify\">\n<p>Pour la premi\u00e8re fois, les justices serbe et croate vont \u00e9couter ensemble les t\u00e9moins d\u2019une tuerie perp\u00e9tr\u00e9e dans la ville de Dvor-na-Uni contre des civils serbes par les forces arm\u00e9es croates en ao\u00fbt 1995, au dernier jour de <a href=\"http:\/\/balkans.courriers.info\/spip.php?page=dossier&amp;id_article=15696\">l\u2019op\u00e9ration Oluja<\/a>.<\/p>\n<p>\u00ab\u00a0C\u2019est la premi\u00e8re fois que des repr\u00e9sentants du parquet serbe et du parquet croate vont entendre ensemble des t\u00e9moins pour d\u00e9terminer ce qui c\u2019est vraiment pass\u00e9 l\u00e0-bas.\u00a0\u00bb a d\u00e9clar\u00e9 Vladimir Vuk\u010devi\u0107, le procureur serbe pour les crimes de guerre, \u00e0 la radio-t\u00e9l\u00e9vision serbe (RTS).<\/p>\n<p>Les t\u00e9moignages de quatre casques bleus danois et d\u2019un journaliste ayant r\u00e9v\u00e9l\u00e9 les faits seront consid\u00e9r\u00e9s comme des preuves valides sur la base desquelles les justices serbe et croate pourraient ou non d\u00e9cider d\u2019une inculpation. Pour l\u2019instant, Zagreb et Belgrade ne ont d\u00e9sign\u00e9 des suspects dff\u00e9rents.<\/p>\n<p>Selon une enqu\u00eate men\u00e9e par le Centre de documentation et d\u2019information Veritas, une ONG qui cherche \u00e0 \u00e9tablir la v\u00e9rit\u00e9 sur les victimes serbes pendant la guerre en Croatie, neuf handicap\u00e9s serbes ont \u00e9t\u00e9 transf\u00e9r\u00e9s d\u2019une institution de la ville de Petrinja vers une \u00e9cole de Dvor o\u00f9 ils ont \u00e9t\u00e9 ex\u00e9cut\u00e9s le 8 ao\u00fbt 1995.<\/p>\n<p>Le journaliste danois qui doit \u00eatre auditionn\u00e9 a r\u00e9v\u00e9l\u00e9 le t\u00e9moignage de casques bleus danois qui avaient rapport\u00e9 que douze soldats, portant des uniformes sans insignes avaient tu\u00e9 de sang-froid plusieurs civils sans d\u00e9fense, dont certains en fauteuils roulants.<\/p>\n<p>La question de la responsabilit\u00e9 du crime avait \u00e9t\u00e9 soulev\u00e9e le 23 avril 2011 par <em>BT TV<\/em>, une cha\u00eene danoise. Selon ces informations, la tuerie a eu lieu devant 200 soldats des forces onusiennes de maintien de la paix, stationn\u00e9s \u00e0 quelques m\u00e8tres \u00e0 peine de l\u2019\u00e9cole. Ils ne l\u2019ont pas emp\u00each\u00e9e parce qu\u2019ils avaient re\u00e7u l\u2019ordre de ne pas intervenir.<\/p>\n<p><em>Balkans courrier info, traduit par Jacqueline D\u00e9rens,\u00a028 janvier 2012<\/em><\/p>\n<\/div>\n<\/div>\n<\/div>\n","protected":false},"excerpt":{"rendered":"<p>Haditha, un massacre impuni en Irak La nouvelle a \u00e9t\u00e9 r\u00e9duite \u00e0 quelques lignes dans Le Monde et \u00e0 peine \u00e9voqu\u00e9e ailleurs. Le quotidien du 27\u00a0janvier \u00e9crivait\u00a0: \u00ab\u00a0L\u2019arrangement judiciaire qui a permis au sergent des marines am\u00e9ricain Frank Wuterich, accus\u00e9 de la mort de 24\u00a0civils irakiens (dont 10\u00a0femmes et enfants tu\u00e9s \u00e0 bout portant) en &hellip; <a href=\"https:\/\/fa86.noblogs.org\/?p=3396\" class=\"more-link\">Continuer la lecture de <span class=\"screen-reader-text\">A bas toutes les arm\u00e9es<\/span> <span class=\"meta-nav\">&rarr;<\/span><\/a><\/p>\n","protected":false},"author":2691,"featured_media":0,"comment_status":"open","ping_status":"open","sticky":false,"template":"","format":"standard","meta":{"footnotes":""},"categories":[11,16],"tags":[],"class_list":["post-3396","post","type-post","status-publish","format-standard","hentry","category-ni-patrie-ni-frontiere","category-repression"],"_links":{"self":[{"href":"https:\/\/fa86.noblogs.org\/index.php?rest_route=\/wp\/v2\/posts\/3396","targetHints":{"allow":["GET"]}}],"collection":[{"href":"https:\/\/fa86.noblogs.org\/index.php?rest_route=\/wp\/v2\/posts"}],"about":[{"href":"https:\/\/fa86.noblogs.org\/index.php?rest_route=\/wp\/v2\/types\/post"}],"author":[{"embeddable":true,"href":"https:\/\/fa86.noblogs.org\/index.php?rest_route=\/wp\/v2\/users\/2691"}],"replies":[{"embeddable":true,"href":"https:\/\/fa86.noblogs.org\/index.php?rest_route=%2Fwp%2Fv2%2Fcomments&post=3396"}],"version-history":[{"count":2,"href":"https:\/\/fa86.noblogs.org\/index.php?rest_route=\/wp\/v2\/posts\/3396\/revisions"}],"predecessor-version":[{"id":3398,"href":"https:\/\/fa86.noblogs.org\/index.php?rest_route=\/wp\/v2\/posts\/3396\/revisions\/3398"}],"wp:attachment":[{"href":"https:\/\/fa86.noblogs.org\/index.php?rest_route=%2Fwp%2Fv2%2Fmedia&parent=3396"}],"wp:term":[{"taxonomy":"category","embeddable":true,"href":"https:\/\/fa86.noblogs.org\/index.php?rest_route=%2Fwp%2Fv2%2Fcategories&post=3396"},{"taxonomy":"post_tag","embeddable":true,"href":"https:\/\/fa86.noblogs.org\/index.php?rest_route=%2Fwp%2Fv2%2Ftags&post=3396"}],"curies":[{"name":"wp","href":"https:\/\/api.w.org\/{rel}","templated":true}]}}