{"id":3399,"date":"2012-01-30T16:19:34","date_gmt":"2012-01-30T15:19:34","guid":{"rendered":"http:\/\/fa86.noblogs.org\/?p=3399"},"modified":"2012-01-30T16:38:10","modified_gmt":"2012-01-30T15:38:10","slug":"cest-le-froid-social-qui-tue","status":"publish","type":"post","link":"https:\/\/fa86.noblogs.org\/?p=3399","title":{"rendered":"C&rsquo;est le froid social qui tue"},"content":{"rendered":"<p style=\"text-align: justify\"><strong>C&rsquo;est le froid social qui tue<\/strong><\/p>\n<p style=\"text-align: justify\"><em>\u00ab\u00a0Je veux, si je suis \u00e9lu pr\u00e9sident de la R\u00e9publique, que d&rsquo;ici \u00e0 deux ans, plus personne ne soit oblig\u00e9 de dormir sur le trottoir et d&rsquo;y mourir de froid, parce que le droit \u00e0 l&rsquo;h\u00e9bergement, je vais vous le dire, c&rsquo;est une obligation humaine, mes chers amis, comprenez-le bien, si on n&rsquo;est plus choqu\u00e9, quand quelqu&rsquo;un n&rsquo;a pas un toit lorsqu&rsquo;il fait froid et qu&rsquo;il est oblig\u00e9 de dormir dehors, c&rsquo;est tout l&rsquo;\u00e9quilibre de la soci\u00e9t\u00e9 o\u00f9 vous voulez que vos enfants vivent en paix, qui s&rsquo;en trouvera remis en cause\u00a0\u00bb<\/em><\/p>\n<p style=\"text-align: justify\"><em><a href=\"http:\/\/www.dailymotion.com\/video\/x7p8s6_sarko-plus-de-sdf-dans-deux-ans_news\" target=\"_blank\">Discours de Sarkozy <\/a>, 18 d\u00e9cembre 2006, Charleville-M\u00e9zi\u00e8res<\/em><\/p>\n<p style=\"text-align: justify\">En France, l&rsquo;INSEE d\u00e9nombre 250.000 personnes priv\u00e9es de logement, et plus de 3 millions de personnes mal-log\u00e9es. Mais aussi 2,1 millions de logements vacants, et 3,2 millions\u00a0de r\u00e9sidences secondaires.<\/p>\n<p style=\"text-align: justify\">Plus de logements sont construits, plus encore augmente le nombre de sans-domicile. Le probl\u00e8me ne consiste donc pas \u00e0 offrir toujours plus de contrats juteux aux b\u00e9tonneurs pour fournir de nouveaux <em>parcs<\/em> de logements destin\u00e9s aux seuls esclaves capables de se les payer,\u00a0toujours plus d&rsquo;accaparement priv\u00e9 de l&rsquo;espace public, toujours plus de destruction \u00e9cologique et sociale. Le probl\u00e8me consiste \u00e0 construire une force r\u00e9volutionnaire, capable de se saisir des logements qui <em>existent<\/em>.<\/p>\n<p style=\"text-align: justify\">Voici la seule exigence raisonnable d&rsquo;un mouvement pour le droit au logement. De la m\u00eame fa\u00e7on,\u00a0quand\u00a0la plan\u00e8te produit de qui nourrir 12 milliards d&rsquo;\u00eatres humains, la r\u00e9quisition est le seul moyen de nourrir le milliard de personnes en sous-nutrition ou crevant de faim. Ce n&rsquo;est pas par erreur que les supermarch\u00e9s jettent 30 \u00e0 40% de leur nourriture. Ce n&rsquo;est pas par erreur que la justice demande huit mois de prison dont deux fermes pour deux personnes qui ont fait de la r\u00e9cup de bouffe p\u00e9rim\u00e9e dans une poubelle. Un enfant meurt de faim toutes les quatre secondes dans le monde, parce que <em>jeter<\/em> la nourriture est indissociable d&rsquo;un syst\u00e8me fond\u00e9 sur l&rsquo;exclusion sociale.<\/p>\n<p style=\"text-align: justify\">Le capitalisme, en tant que syst\u00e8me g\u00e9n\u00e9rateur de valorisation du capital, est fond\u00e9 sur la <em>privation<\/em>. Il suppose en effet (en plus de l&rsquo;exploitation de la force de travail et la d\u00e9possession des populations en mati\u00e8re de d\u00e9cisions r\u00e9elles sur les productions), l&rsquo;\u00e9tablissement d&rsquo;une certaine\u00a0<em>raret\u00e9,<\/em> pour toutes les marchandises<em>. C<\/em>&lsquo;est-\u00e0-dire, pour une partie des populations,\u00a0la <em>privation d\u00e9lib\u00e9r\u00e9e<\/em>\u00a0des produits de leurs activit\u00e9s, y compris les produits\u00a0de n\u00e9cessit\u00e9 vitale. Le prix conditionne la possibilit\u00e9 d&rsquo;acc\u00e8s, <em>en fonction<\/em> de cette privation.<\/p>\n<p style=\"text-align: justify\">Voici cette r\u00e9alit\u00e9 sordide, qui sous-tend les modes de production existants. Y\u00a0compris dans les pays dits\u00a0\u00ab\u00a0<em>d&rsquo;abondance<\/em>\u00ab\u00a0, comme la France. C&rsquo;est pourquoi aucune politique d&rsquo;am\u00e9nagement du capitalisme, aucune politique ne remettant pas en cause\u00a0l&rsquo;accaparement priv\u00e9 ou \u00e9tatique des biens existants, ne pourra jamais r\u00e9soudre ce probl\u00e8me dramatique du logement.<\/p>\n<p style=\"text-align: justify\">Entre\u00a0lib\u00e9rer les populations de l&rsquo;\u00e9tau des\u00a0loyers \u00e0 payer ou de cr\u00e9dits \u00e0 \u00ab\u00a0rembourser\u00a0\u00bb et ainsi sauver des vies, et la pr\u00e9servation de ses rentes juteuses, la bourgeoisie\u00a0pr\u00e9f\u00e9rera toujours\u00a0l&rsquo;esclavage et la mort des pauvres plut\u00f4t qu&rsquo;une vie d\u00e9cente pour tous. Dans ce syst\u00e8me odieux, les personnes qui meurent de froid ou\u00a0de faim sont\u00a0<em>n\u00e9cessaires<\/em> \u00e0 la mise sous coupe r\u00e9gl\u00e9e de l&rsquo;immense majorit\u00e9 de la population.<\/p>\n<p style=\"text-align: justify\">Alors que la loi de r\u00e9quisition des logements vides existe, elle n&rsquo;est jamais appliqu\u00e9e. Des associations grassement subventionn\u00e9es g\u00e8rent la charit\u00e9 publique, dont les limites sont d\u00e9finies par le seuil de tol\u00e9rance de l&rsquo;intol\u00e9rable, c&rsquo;est-\u00e0-dire par le seuil de r\u00e9sistance et d&rsquo;auto-organisation sociale des populations. La gauche au pouvoir au sein d&rsquo;un syst\u00e8me de domination capitaliste (priv\u00e9 et-ou d&rsquo;Etat), expulse les squats tout autant que la droite. Condamne le \u00ab\u00a0vol\u00a0\u00bb \u00e0 la prison tout autant que la droite. Il n&rsquo;y a rien \u00e0 attendre des promesses de gens dont le m\u00e9tier consiste \u00e0 pr\u00e9server la raret\u00e9 et la privatisation des biens communs.<\/p>\n<p style=\"text-align: justify\">L&rsquo;occupation, la r\u00e9quisition et la r\u00e9appropriation sociale\u00a0ne sont pas seulement l\u00e9gitimes, elles sont une urgence r\u00e9volutionnaire.\u00a0La r\u00e9pression bourgeoise frappe\u00a0les actes isol\u00e9s de survie. Seule une convergence collective, r\u00e9appropriatrice des biens communs existants, peut \u00e9viter l&rsquo;extension des drames humains.<\/p>\n<p style=\"text-align: justify\">PS : pour rappel <strong>samedi 4 f\u00e9vrier, Poitiers, Salle Timbaud (maison du peuple), 15 h<\/strong> : R\u00e9union publique pour la cr\u00e9ation du DAL86 avec Jean-Baptiste Eyraud, pr\u00e9sident du DAL national, le DAL17\u2026<\/p>\n<p style=\"text-align: justify\"><em>Juanito, groupe Pavillon Noir (F\u00e9d\u00e9ration Anarchiste 86), 30 janvier 2012<\/em><\/p>\n<h2 style=\"text-align: justify\"><a href=\"http:\/\/www.lanouvellerepublique.fr\/Vienne\/Actualite\/Faits-divers-justice\/n\/Contenus\/Articles\/2012\/01\/30\/De-quoi-le-sans-abri-du-parking-est-il-mort\" target=\"_blank\">De quoi le sans-abri du parking est-il mort ?<\/a><\/h2>\n<div>\u00a0<\/div>\n<p style=\"text-align: justify\">Poitiers. Un sans-abri a \u00e9t\u00e9 d\u00e9couvert sans vie, samedi matin, dans le parking Charles-de-Gaulle.<\/p>\n<div><a title=\"Ce recoin de parking servait d'abri pour la nuit.\" href=\"http:\/\/www.lanouvellerepublique.fr\/var\/nrv2\/storage\/images\/contenus\/articles\/2012\/01\/30\/de-quoi-le-sans-abri-du-parking-est-il-mort\/15513099-1-fre-FR\/De-quoi-le-sans-abri-du-parking-est-il-mort_reference.jpg\" target=\"_blank\"><img loading=\"lazy\" decoding=\"async\" src=\"http:\/\/www.lanouvellerepublique.fr\/var\/nrv2\/storage\/images\/contenus\/articles\/2012\/01\/30\/de-quoi-le-sans-abri-du-parking-est-il-mort\/15513099-1-fre-FR\/De-quoi-le-sans-abri-du-parking-est-il-mort_image_article_large.jpg\" alt=\"Ce recoin de parking servait d'abri pour la nuit.\" width=\"488\" height=\"475\" \/>\u00a0<\/a><\/p>\n<div><em>Ce recoin de parking servait d&rsquo;abri pour la nuit.<\/em><\/div>\n<\/div>\n<div><a href=\"http:\/\/memorix.sdv.fr\/5c\/www.lanouvellerepublique.fr\/actualite\/faits-divers-justice_articles\/86\/horszone\/484958464\/Position1\/SDV_LNRCO\/default\/empty.gif\/5575556e5555386d7057734141417278\" target=\"_blank\"><img loading=\"lazy\" decoding=\"async\" src=\"http:\/\/memorix.sdv.fr\/5\/www.lanouvellerepublique.fr\/actualite\/faits-divers-justice_articles\/86\/horszone\/484958464\/Position1\/SDV_LNRCO\/default\/empty.gif\/5575556e5555386d7057734141417278?\" alt=\"\" width=\"1\" height=\"1\" border=\"0\" \/><\/a><\/div>\n<div>\n<p style=\"text-align: justify\">Une enqu\u00eate a \u00e9t\u00e9 ouverte sur les circonstances de la mort d&rsquo;un sans-abri, retrouv\u00e9 sans vie, samedi matin, alors qu&rsquo;il venait de passer la nuit dans un recoin du 1<sup>er<\/sup> sous-sol du parking Charles-de-Gaulle, \u00e0 Poitiers (voir notre \u00e9dition du dimanche). Le parquet a ordonn\u00e9 qu&rsquo;un examen m\u00e9dico-l\u00e9gal du corps soit pratiqu\u00e9 afin de d\u00e9terminer les causes du d\u00e9c\u00e8s. L&rsquo;enqu\u00eate a d&rsquo;ores et d\u00e9j\u00e0 rejet\u00e9 l&rsquo;hypoth\u00e8se d&rsquo;une mort caus\u00e9e par le froid. Ce sans domicile fixe d&rsquo;une trentaine d&rsquo;ann\u00e9es avait contact\u00e9 le Samu social vendredi soir pour une aide alimentaire. La Croix Rouge lui avait fourni nourriture, boissons chaudes et couverture et l&rsquo;avait reconduit, \u00e0 sa demande semble-t-il, au parking o\u00f9 il avait l&rsquo;habitude de passer la nuit.<\/p>\n<p style=\"text-align: justify\"><em>Nouvelle R\u00e9publique, 30 janvier 2012<\/em><\/p>\n<h2 style=\"text-align: justify\"><a href=\"http:\/\/actu.voila.fr\/actualites\/monde\/2012\/01\/30\/vague-de-froid-en-europe-de-l-est-22-morts_1833951.html\" target=\"_blank\">Vague de froid en Europe de l&rsquo;Est: 22 morts<\/a><\/h2>\n<p style=\"text-align: justify\"><strong>Une vague de froid qui s\u00e9vit depuis quelques jours en Europe de l&rsquo;Est a entrain\u00e9 la mort de quelque 22 personnes, a-t-on appris lundi des autorit\u00e9s de ces pays o\u00f9 les basses temp\u00e9ratures devraient se maintenir dans les prochains jours.<\/strong><\/p>\n<p style=\"text-align: justify\">En Pologne o\u00f9 il a fait jusqu&rsquo;\u00e0 moins 27 centigrades dans le sud-est du pays dix personnes sont mortes de froid au cours du weekend, a annonc\u00e9 lundi la police polonaise.<\/p>\n<p style=\"text-align: justify\">Au total dans ce pays depuis le d\u00e9but de l&rsquo;hiver, 46 personnes sont mortes de froid (22 en janvier, 19 en d\u00e9cembre et 7 en novembre). Mais ces chiffres selon une porte-parole de la police nationale, sont nettement moins \u00e9lev\u00e9s que les ann\u00e9es pr\u00e9c\u00e9dentes, \u00e0 cause d'\u00a0\u00bbun hiver particuli\u00e8rement doux \u00e0 ses d\u00e9buts\u00a0\u00bb.<\/p>\n<p style=\"text-align: justify\">\u00ab\u00a0Les victimes du froid sont souvent des personnes sans abri, celles ayant abus\u00e9 d&rsquo;alcool et des personnes \u00e2g\u00e9es\u00a0\u00bb, a-t-elle ajout\u00e9.<\/p>\n<p style=\"text-align: justify\">En Bulgarie un froid sib\u00e9rien s&rsquo;est abattu sur le pays lundi, o\u00f9 les temp\u00e9ratures sont descendues jusqu&rsquo;\u00e0 -24 degr\u00e9s Celsius et la presse a fait \u00e9tat de cinq morts dans les temp\u00eates de neige la semaine derni\u00e8re.<\/p>\n<p style=\"text-align: justify\">Les temp\u00e9ratures les plus basses ont \u00e9t\u00e9 relev\u00e9es lundi matin \u00e0 Tchirpan (sud) avec -24 degr\u00e9s Celsius, et \u00e0 Sevlievo (centre) avec -23,4 degr\u00e9s Celsius, a annonc\u00e9 le service m\u00e9t\u00e9orologique, qui pr\u00e9voit des temp\u00e9ratures encore plus basses dans les prochains jours.<\/p>\n<p style=\"text-align: justify\">En l&rsquo;absence de bilan officiel, la presse faisait \u00e9tat lundi de cinq morts au total dans les temp\u00eates de neige de la semaine derni\u00e8re. La plupart des victimes cit\u00e9es \u00e9taient des personnes \u00e2g\u00e9es, perdues sur une route \u00e0 proximit\u00e9 de leur village.<\/p>\n<p style=\"text-align: justify\">Les hospitalisations pour des fractures \u00e9taient en forte hausse et plus de 170 \u00e9coles ont \u00e9t\u00e9 ferm\u00e9es.<\/p>\n<p style=\"text-align: justify\">Le vent qui souffle notamment dans la Plaine du Danube dans le Nord du pays, renfor\u00e7ait la sensation de froid. Le port de Varna (nord-est), sur la mer Noire, \u00e9tait ferm\u00e9 en raison d&rsquo;un vent violent.<\/p>\n<p style=\"text-align: justify\">En Serbie trois personnes sont mortes samedi et dimanche dans l&rsquo;ouest du pays en raison de fortes chutes de neige qui ont \u00e9galement perturb\u00e9 le trafic routier dans le sud du pays, a rapport\u00e9 lundi l&rsquo;agence Tanjug.<\/p>\n<p style=\"text-align: justify\">Une femme de 49 ans a \u00e9t\u00e9 retrouv\u00e9e morte d&rsquo;hypothermie dans la r\u00e9gion de Valjevo, ville \u00e0 80 km au sud-ouest de Belgrade. Une homme de 52 ans a \u00e9t\u00e9 retrouv\u00e9 dimanche pr\u00e8s de sa maison dans le village de Bobovo dans cette m\u00eame r\u00e9gion. Dans le village de Taor, un vieillard de 81 ans est mort de froid dans sa maison.<\/p>\n<p style=\"text-align: justify\">Les chutes de neige en Serbie durant le week-end ont \u00e9galement s\u00e9rieusement perturb\u00e9 le trafic routier et l&rsquo;approvisionnement en \u00e9lectricit\u00e9 dans le sud du pays o\u00f9 un \u00e9tat d&rsquo;alerte a \u00e9t\u00e9 proclam\u00e9 dans 14 municipalit\u00e9s.<\/p>\n<p style=\"text-align: justify\">Les chutes de neige ont cess\u00e9 dimanche, mais le pays \u00e9tait en proie lundi matin \u00e0 une vague de froid sib\u00e9rien, les temp\u00e9ratures \u00e9tant descendues jusqu&rsquo;\u00e0 -20 degr\u00e9s celsius dans la nuit dans le centre de la Serbie.<\/p>\n<p style=\"text-align: justify\">En Lituanie, la police a annonc\u00e9 la mort due au froid de trois personnes, dont une femme de 91 ans, et un homme \u00e2g\u00e9 de 78 ans.<\/p>\n<p style=\"text-align: justify\">En R\u00e9publique tch\u00e8que, un homme de 26 ans a \u00e9t\u00e9 retrouv\u00e9 mort dans un champ pr\u00e8s de la ville d&rsquo;Opava dans l&rsquo;est du pays.<\/p>\n<p style=\"text-align: justify\"><em>AFP, 30 janvier 2012<\/em><\/p>\n<\/div>\n","protected":false},"excerpt":{"rendered":"<p>C&rsquo;est le froid social qui tue \u00ab\u00a0Je veux, si je suis \u00e9lu pr\u00e9sident de la R\u00e9publique, que d&rsquo;ici \u00e0 deux ans, plus personne ne soit oblig\u00e9 de dormir sur le trottoir et d&rsquo;y mourir de froid, parce que le droit \u00e0 l&rsquo;h\u00e9bergement, je vais vous le dire, c&rsquo;est une obligation humaine, mes chers amis, comprenez-le &hellip; <a href=\"https:\/\/fa86.noblogs.org\/?p=3399\" class=\"more-link\">Continuer la lecture de <span class=\"screen-reader-text\">C&rsquo;est le froid social qui tue<\/span> <span class=\"meta-nav\">&rarr;<\/span><\/a><\/p>\n","protected":false},"author":2691,"featured_media":0,"comment_status":"open","ping_status":"open","sticky":false,"template":"","format":"standard","meta":{"footnotes":""},"categories":[12],"tags":[],"class_list":["post-3399","post","type-post","status-publish","format-standard","hentry","category-okupa-y-resiste"],"_links":{"self":[{"href":"https:\/\/fa86.noblogs.org\/index.php?rest_route=\/wp\/v2\/posts\/3399","targetHints":{"allow":["GET"]}}],"collection":[{"href":"https:\/\/fa86.noblogs.org\/index.php?rest_route=\/wp\/v2\/posts"}],"about":[{"href":"https:\/\/fa86.noblogs.org\/index.php?rest_route=\/wp\/v2\/types\/post"}],"author":[{"embeddable":true,"href":"https:\/\/fa86.noblogs.org\/index.php?rest_route=\/wp\/v2\/users\/2691"}],"replies":[{"embeddable":true,"href":"https:\/\/fa86.noblogs.org\/index.php?rest_route=%2Fwp%2Fv2%2Fcomments&post=3399"}],"version-history":[{"count":3,"href":"https:\/\/fa86.noblogs.org\/index.php?rest_route=\/wp\/v2\/posts\/3399\/revisions"}],"predecessor-version":[{"id":3401,"href":"https:\/\/fa86.noblogs.org\/index.php?rest_route=\/wp\/v2\/posts\/3399\/revisions\/3401"}],"wp:attachment":[{"href":"https:\/\/fa86.noblogs.org\/index.php?rest_route=%2Fwp%2Fv2%2Fmedia&parent=3399"}],"wp:term":[{"taxonomy":"category","embeddable":true,"href":"https:\/\/fa86.noblogs.org\/index.php?rest_route=%2Fwp%2Fv2%2Fcategories&post=3399"},{"taxonomy":"post_tag","embeddable":true,"href":"https:\/\/fa86.noblogs.org\/index.php?rest_route=%2Fwp%2Fv2%2Ftags&post=3399"}],"curies":[{"name":"wp","href":"https:\/\/api.w.org\/{rel}","templated":true}]}}