{"id":3405,"date":"2012-01-30T18:51:07","date_gmt":"2012-01-30T17:51:07","guid":{"rendered":"http:\/\/fa86.noblogs.org\/?p=3405"},"modified":"2012-01-30T18:51:07","modified_gmt":"2012-01-30T17:51:07","slug":"geneve-la-chambre-genevoise-immobiliere-expulsee","status":"publish","type":"post","link":"https:\/\/fa86.noblogs.org\/?p=3405","title":{"rendered":"[Gen\u00e8ve] La chambre genevoise immobili\u00e8re \u00ab\u00a0expuls\u00e9e\u00a0\u00bb"},"content":{"rendered":"<h2 id=\"loc\" style=\"text-align: justify\"><a href=\"https:\/\/fa86.noblogs.org\/files\/2012\/01\/trouvez-votre-logement.jpg\"><img loading=\"lazy\" decoding=\"async\" class=\"aligncenter size-full wp-image-3406\" src=\"https:\/\/fa86.noblogs.org\/files\/2012\/01\/trouvez-votre-logement.jpg\" alt=\"\" width=\"666\" height=\"499\" srcset=\"https:\/\/fa86.noblogs.org\/files\/2012\/01\/trouvez-votre-logement.jpg 666w, https:\/\/fa86.noblogs.org\/files\/2012\/01\/trouvez-votre-logement-300x224.jpg 300w\" sizes=\"auto, (max-width: 666px) 100vw, 666px\" \/><\/a><\/h2>\n<h2 style=\"text-align: justify\"><a href=\"http:\/\/lereveil.ch\/une-gerance-immobiliere-expulsee-a\" target=\"_blank\">La chambre genevoise immobili\u00e8re \u00ab\u00a0expuls\u00e9e\u00a0\u00bb \u00e0 Gen\u00e8ve<\/a><\/h2>\n<p style=\"text-align: justify\">La Chambre Genevoise Immobili\u00e8re, situ\u00e9e sur la rue Chantepoulet \u00e0 Gen\u00e8ve, a \u00e9t\u00e9 \u00ab\u00a0expuls\u00e9e\u00a0\u00bb cet apr\u00e8s-midi vers 14h. Une dizaine de personnes se sont pr\u00e9sent\u00e9es avec de faux mandats d\u2019expulsion et ont entrepris de vider l\u2019arcade de ses meubles, pendant que d\u2019autres collaient des affiches d\u00e9non\u00e7ant les loyers abusifs et les expulsions de locataires, ou encore distribuaient des tracts aux passants. Nonobstant l\u2019hyst\u00e9rie du secr\u00e9taire g\u00e9n\u00e9ral de la CGI, Christophe Aumeunier (\u00e9galement d\u00e9put\u00e9 lib\u00e9ral-radical, tiens tiens&#8230;), et les menaces de plainte p\u00e9nale si les faux-huissiers ne rangeaient pas les meubles sur-le-champ, aucun contr\u00f4le d\u2019identit\u00e9 n\u2019est \u00e0 signaler.<\/p>\n<p style=\"text-align: justify\">\u00ab\u00a0Tous les loyers sont abusifs, contestez\u00a0!\u00a0\u00bb \u00ab\u00a0Le logement est un droit, pas un privil\u00e8ge\u00a0\u00bb<\/p>\n<p style=\"text-align: justify\"><em>Le R\u00e9veil,\u00a030 janvier 2012<\/em><\/p>\n","protected":false},"excerpt":{"rendered":"<p>La chambre genevoise immobili\u00e8re \u00ab\u00a0expuls\u00e9e\u00a0\u00bb \u00e0 Gen\u00e8ve La Chambre Genevoise Immobili\u00e8re, situ\u00e9e sur la rue Chantepoulet \u00e0 Gen\u00e8ve, a \u00e9t\u00e9 \u00ab\u00a0expuls\u00e9e\u00a0\u00bb cet apr\u00e8s-midi vers 14h. Une dizaine de personnes se sont pr\u00e9sent\u00e9es avec de faux mandats d\u2019expulsion et ont entrepris de vider l\u2019arcade de ses meubles, pendant que d\u2019autres collaient des affiches d\u00e9non\u00e7ant les loyers &hellip; <a href=\"https:\/\/fa86.noblogs.org\/?p=3405\" class=\"more-link\">Continuer la lecture de <span class=\"screen-reader-text\">[Gen\u00e8ve] La chambre genevoise immobili\u00e8re \u00ab\u00a0expuls\u00e9e\u00a0\u00bb<\/span> <span class=\"meta-nav\">&rarr;<\/span><\/a><\/p>\n","protected":false},"author":2691,"featured_media":0,"comment_status":"open","ping_status":"open","sticky":false,"template":"","format":"standard","meta":{"footnotes":""},"categories":[9,11,12],"tags":[],"class_list":["post-3405","post","type-post","status-publish","format-standard","hentry","category-la-rue-grogne","category-ni-patrie-ni-frontiere","category-okupa-y-resiste"],"_links":{"self":[{"href":"https:\/\/fa86.noblogs.org\/index.php?rest_route=\/wp\/v2\/posts\/3405","targetHints":{"allow":["GET"]}}],"collection":[{"href":"https:\/\/fa86.noblogs.org\/index.php?rest_route=\/wp\/v2\/posts"}],"about":[{"href":"https:\/\/fa86.noblogs.org\/index.php?rest_route=\/wp\/v2\/types\/post"}],"author":[{"embeddable":true,"href":"https:\/\/fa86.noblogs.org\/index.php?rest_route=\/wp\/v2\/users\/2691"}],"replies":[{"embeddable":true,"href":"https:\/\/fa86.noblogs.org\/index.php?rest_route=%2Fwp%2Fv2%2Fcomments&post=3405"}],"version-history":[{"count":1,"href":"https:\/\/fa86.noblogs.org\/index.php?rest_route=\/wp\/v2\/posts\/3405\/revisions"}],"predecessor-version":[{"id":3407,"href":"https:\/\/fa86.noblogs.org\/index.php?rest_route=\/wp\/v2\/posts\/3405\/revisions\/3407"}],"wp:attachment":[{"href":"https:\/\/fa86.noblogs.org\/index.php?rest_route=%2Fwp%2Fv2%2Fmedia&parent=3405"}],"wp:term":[{"taxonomy":"category","embeddable":true,"href":"https:\/\/fa86.noblogs.org\/index.php?rest_route=%2Fwp%2Fv2%2Fcategories&post=3405"},{"taxonomy":"post_tag","embeddable":true,"href":"https:\/\/fa86.noblogs.org\/index.php?rest_route=%2Fwp%2Fv2%2Ftags&post=3405"}],"curies":[{"name":"wp","href":"https:\/\/api.w.org\/{rel}","templated":true}]}}