{"id":3408,"date":"2012-01-30T21:27:04","date_gmt":"2012-01-30T20:27:04","guid":{"rendered":"http:\/\/fa86.noblogs.org\/?p=3408"},"modified":"2012-01-30T21:27:04","modified_gmt":"2012-01-30T20:27:04","slug":"senegal-pouvoir-psychopathe-police-assassine","status":"publish","type":"post","link":"https:\/\/fa86.noblogs.org\/?p=3408","title":{"rendered":"[S\u00e9n\u00e9gal] Pouvoir psychopathe, police assassine !"},"content":{"rendered":"<h2 style=\"text-align: justify\"><a href=\"https:\/\/juralib.noblogs.org\/2012\/01\/30\/wade-degage-un-jeune-de-17-ans-et-une-dame-de-60-ans-assassines-par-les-flics-a-podor-senegal\/\" target=\"_blank\">[Wade d\u00e9gage !] Un jeune de 17 ans et une dame de 60 ans assassin\u00e9s par les flics \u00e0 Podor (S\u00e9n\u00e9gal)<\/a><\/h2>\n<div style=\"text-align: justify\">Posted on <a title=\"18:46\" href=\"https:\/\/juralib.noblogs.org\/2012\/01\/30\/wade-degage-un-jeune-de-17-ans-et-une-dame-de-60-ans-assassines-par-les-flics-a-podor-senegal\/\" rel=\"bookmark\">30 janvier 2012<\/a> by <a title=\"View all posts by juralib\" href=\"https:\/\/juralib.noblogs.org\/author\/juralib\/\">juralib<\/a><\/div>\n<p><!-- .entry-meta --><\/p>\n<div>\n<p style=\"text-align: justify\"><strong>S\u00e9n\u00e9gal\/pr\u00e9sidentielle : deux morts lors de violences \u00e0 Podor<\/strong><\/p>\n<p style=\"text-align: justify\"><em>SAINT-LOUIS (S\u00e9n\u00e9gal) \u2013 Deux personnes ont \u00e9t\u00e9 tu\u00e9es lundi \u00e0 Podor, dans la r\u00e9gion de Saint-Louis (nord) dans des violences lors d\u2019une manifestation contre la candidature du pr\u00e9sident Abdoulaye Wade \u00e0 la pr\u00e9sidentielle de f\u00e9vrier, a appris l\u2019AFP de sources concordantes.<\/em><\/p>\n<p style=\"text-align: justify\">Des \u00e9chauffour\u00e9es ont oppos\u00e9 des partisans du Mouvement du 23 juin (M23, opposition politique et soci\u00e9t\u00e9 civile), qui protestaient contre la candidature de M. Wade, et des forces de l\u2019ordre, qui sont intervenues pour les disperser, faisant des bless\u00e9s dont deux sont d\u00e9c\u00e9d\u00e9s \u00e0 l\u2019h\u00f4pital, ont indiqu\u00e9 des t\u00e9moins, une source polici\u00e8re et une source hospitali\u00e8re joints depuis Saint-Louis.<\/p>\n<p style=\"text-align: justify\">Podor est situ\u00e9e \u00e0 215 km au nord-est de la ville de Saint-Louis.<\/p>\n<p style=\"text-align: justify\">Les morts sont un manifestant de 17 ans et une sexag\u00e9naire qui est tomb\u00e9e sur la manifestation alors qu\u2019elle revenait du march\u00e9, a affirm\u00e9 \u00e0 l\u2019AFP un des t\u00e9moins.<\/p>\n<p style=\"text-align: justify\">Leurs identit\u00e9s ont \u00e9t\u00e9 confirm\u00e9es \u00e0 l\u2019AFP par une source polici\u00e8re, qui a indiqu\u00e9 que les deux personnes figuraient parmi six bless\u00e9s, tous atteints par balle. Dans un premier temps, cette source avait fait \u00e9tat de sept bless\u00e9s, dont deux ont ensuite succomb\u00e9 \u00e0 leurs blessures.<\/p>\n<p style=\"text-align: justify\">Au total, ils \u00e9taient six bless\u00e9s, dont deux sont morts, tous atteints par balle. Les morts sont Mamadou Sy, 17 ans, atteint par balle \u00e0 la clavicule droite, et Banna Ndiaye, 60 ans, atteinte au dos, a pr\u00e9cis\u00e9 la m\u00eame source.<\/p>\n<p style=\"text-align: justify\">L\u2019adolescent est d\u00e9c\u00e9d\u00e9 \u00e0 l\u2019h\u00f4pital de Ndioum (environ 40 km \u00e0 l\u2019est de Podor), o\u00f9 il avait \u00e9t\u00e9 \u00e9vacu\u00e9. La sexag\u00e9naire est morte \u00e0 l\u2019h\u00f4pital de Podor, d\u2019apr\u00e8s la m\u00eame source.<\/p>\n<p style=\"text-align: justify\">Un des t\u00e9moins et une source hospitali\u00e8re ont fait \u00e9tat de sept bless\u00e9s, dont deux ont succomb\u00e9 \u00e0 leurs blessures. Les autres bless\u00e9s sont sous contr\u00f4le m\u00e9dical, a pr\u00e9cis\u00e9 la source hospitali\u00e8re, sans plus de d\u00e9tails.<\/p>\n<p style=\"text-align: justify\">Par ailleurs, un policier a \u00e9t\u00e9 bless\u00e9 <strong>\u00e0 Saint-Louis<\/strong> lors d\u2019\u00e9chauffourr\u00e9es entre la police et des \u00e9l\u00e8ves qui manifestaient contre la gr\u00e8ve de leurs professeurs, en cours depuis plusieurs semaines, a constat\u00e9 un journaliste de l\u2019AFP.<\/p>\n<p style=\"text-align: justify\">Les \u00e9l\u00e8ves s\u2019\u00e9taient rassembl\u00e9s lundi matin Place Faidherbe (centre-ville) pour d\u00e9noncer ce qu\u2019ils ont qualifi\u00e9 de p\u00e9rennisation de la gr\u00e8ve des enseignants. Des policiers sont intervenus pour les disperser, les \u00e9l\u00e8ves leur ont r\u00e9pondu par des jets de pierres. Un policier touch\u00e9 par une pierre a \u00e9t\u00e9 bless\u00e9 \u00e0 la t\u00eate.<\/p>\n<p style=\"text-align: justify\">Des enseignants des coll\u00e8ges, lyc\u00e9es et universit\u00e9s publics du S\u00e9n\u00e9gal sont en gr\u00e8ve depuis d\u00e9but d\u00e9cembre pour r\u00e9clamer de meilleures conditions de vie et de travail.<\/p>\n<p style=\"text-align: justify\">Ces violences surviennent au lendemain de la confirmation, dimanche soir, par le Conseil constitutionnel de la candidature \u00e0 la pr\u00e9sidentielle du pr\u00e9sident Wade, 85 ans, au pouvoir depuis 2000, qui se pr\u00e9sente pour la troisi\u00e8me fois.<\/p>\n<p style=\"text-align: justify\">Le M23 a appel\u00e9 \u00e0 la r\u00e9sistance active contre cette candidature, qu\u2019il qualifie de coup d\u2019\u00c9tat constitutionnel.<\/p>\n<p style=\"text-align: justify\">Le mouvement a appel\u00e9 \u00e0 un rassemblement pacifique mardi apr\u00e8s-midi \u00e0 Dakar, faisant craindre de nouveaux d\u00e9bordements apr\u00e8s <a href=\"https:\/\/juralib.noblogs.org\/2012\/01\/28\/senegal-wade-degage\/\" target=\"_blank\">des violences meurtri\u00e8res le soir du 27 janvier, ayant suivi l\u2019annonce de la validation de la candidature de M. Wade<\/a> et l\u2019invalidation de celle du chanteur-vedette Youssou Ndour.<\/p>\n<div style=\"text-align: justify\"><img loading=\"lazy\" decoding=\"async\" src=\"http:\/\/pix.toile-libre.org\/upload\/original\/1327919985.jpg\" alt=\"http:\/\/pix.toile-libre.org\/upload\/original\/1327919985.jpg\" width=\"500\" height=\"321\" \/>L&rsquo;auxiliaire de police Fod\u00e9 Ndiaye, tu\u00e9 vendredi soir \u00e0 Dakar<\/p>\n<\/div>\n<p style=\"text-align: justify\">Un policier a \u00e9t\u00e9 tu\u00e9 et plusieurs personnes bless\u00e9es au cours de ces violences marqu\u00e9es par des \u00e9meutes \u00e0 Dakar et dans d\u2019autres villes du pays. Aucun bilan pr\u00e9cis n\u2019\u00e9tait pour l\u2019heure disponible.<\/p>\n<p style=\"text-align: justify\">Leur presse (Agence Faut Payer, 30 janvier 2012)<\/p>\n<\/div>\n","protected":false},"excerpt":{"rendered":"<p>[Wade d\u00e9gage !] Un jeune de 17 ans et une dame de 60 ans assassin\u00e9s par les flics \u00e0 Podor (S\u00e9n\u00e9gal) Posted on 30 janvier 2012 by juralib S\u00e9n\u00e9gal\/pr\u00e9sidentielle : deux morts lors de violences \u00e0 Podor SAINT-LOUIS (S\u00e9n\u00e9gal) \u2013 Deux personnes ont \u00e9t\u00e9 tu\u00e9es lundi \u00e0 Podor, dans la r\u00e9gion de Saint-Louis (nord) dans &hellip; <a href=\"https:\/\/fa86.noblogs.org\/?p=3408\" class=\"more-link\">Continuer la lecture de <span class=\"screen-reader-text\">[S\u00e9n\u00e9gal] Pouvoir psychopathe, police assassine !<\/span> <span class=\"meta-nav\">&rarr;<\/span><\/a><\/p>\n","protected":false},"author":2691,"featured_media":0,"comment_status":"open","ping_status":"open","sticky":false,"template":"","format":"standard","meta":{"footnotes":""},"categories":[9,11,16],"tags":[],"class_list":["post-3408","post","type-post","status-publish","format-standard","hentry","category-la-rue-grogne","category-ni-patrie-ni-frontiere","category-repression"],"_links":{"self":[{"href":"https:\/\/fa86.noblogs.org\/index.php?rest_route=\/wp\/v2\/posts\/3408","targetHints":{"allow":["GET"]}}],"collection":[{"href":"https:\/\/fa86.noblogs.org\/index.php?rest_route=\/wp\/v2\/posts"}],"about":[{"href":"https:\/\/fa86.noblogs.org\/index.php?rest_route=\/wp\/v2\/types\/post"}],"author":[{"embeddable":true,"href":"https:\/\/fa86.noblogs.org\/index.php?rest_route=\/wp\/v2\/users\/2691"}],"replies":[{"embeddable":true,"href":"https:\/\/fa86.noblogs.org\/index.php?rest_route=%2Fwp%2Fv2%2Fcomments&post=3408"}],"version-history":[{"count":2,"href":"https:\/\/fa86.noblogs.org\/index.php?rest_route=\/wp\/v2\/posts\/3408\/revisions"}],"predecessor-version":[{"id":3410,"href":"https:\/\/fa86.noblogs.org\/index.php?rest_route=\/wp\/v2\/posts\/3408\/revisions\/3410"}],"wp:attachment":[{"href":"https:\/\/fa86.noblogs.org\/index.php?rest_route=%2Fwp%2Fv2%2Fmedia&parent=3408"}],"wp:term":[{"taxonomy":"category","embeddable":true,"href":"https:\/\/fa86.noblogs.org\/index.php?rest_route=%2Fwp%2Fv2%2Fcategories&post=3408"},{"taxonomy":"post_tag","embeddable":true,"href":"https:\/\/fa86.noblogs.org\/index.php?rest_route=%2Fwp%2Fv2%2Ftags&post=3408"}],"curies":[{"name":"wp","href":"https:\/\/api.w.org\/{rel}","templated":true}]}}