{"id":3411,"date":"2012-01-30T21:31:36","date_gmt":"2012-01-30T20:31:36","guid":{"rendered":"http:\/\/fa86.noblogs.org\/?p=3411"},"modified":"2012-01-30T21:31:36","modified_gmt":"2012-01-30T20:31:36","slug":"belgique-jour-de-greve-generale","status":"publish","type":"post","link":"https:\/\/fa86.noblogs.org\/?p=3411","title":{"rendered":"[Belgique] Jour de gr\u00e8ve g\u00e9n\u00e9rale"},"content":{"rendered":"<h2 style=\"text-align: justify\"><a title=\"La Belgique tourne au ralenti pour protester contre l'aust\u00e9rit\u00e9\" href=\"http:\/\/actu.voila.fr\/actualites\/economie\/2012\/01\/30\/la-belgique-tourne-au-ralenti-pour-protester-contre-l-austerite_1833722.html\" target=\"_blank\">La Belgique tourne au ralenti pour protester contre l&rsquo;aust\u00e9rit\u00e9<\/a><\/h2>\n<p style=\"text-align: justify\"><strong>Les syndicats belges ont salu\u00e9 la \u00ab\u00a0r\u00e9ussite\u00a0\u00bb de la gr\u00e8ve g\u00e9n\u00e9rale organis\u00e9e lundi en Belgique pour protester contre les mesures d&rsquo;aust\u00e9rit\u00e9 en Europe et r\u00e9clam\u00e9 une \u00ab\u00a0politique de relance\u00a0\u00bb aux dirigeants des 27 attendus plus tard dans la journ\u00e9e \u00e0 Bruxelles.<\/strong><\/p>\n<p style=\"text-align: justify\"><a title=\"Des membres des diff\u00e9rents syndicats belges bloquent l'entr\u00e9e d'une art\u00e8re  menant au port de Zeebrugge dans le cadre d'une gr\u00e8ve g\u00e9n\u00e9rale, le 30 janvier 2012\" href=\"http:\/\/media.voila.fr\/content\/medias_79\/2012\/01\/30\/photo_1327945419235-8-0.jpg\"><img loading=\"lazy\" decoding=\"async\" src=\"http:\/\/actu.voila.fr\/images\/356x200\/2012\/01\/30\/79_photo_1327945419235-8-0.jpg\" alt=\"Des membres des diff\u00e9rents syndicats belges bloquent l'entr\u00e9e d'une art\u00e8re  menant au port de Zeebrugge dans le cadre d'une gr\u00e8ve g\u00e9n\u00e9rale, le 30 janvier 2012\" width=\"360\" height=\"200\" \/><\/a><\/p>\n<p style=\"text-align: justify\"><em>Des membres des diff\u00e9rents syndicats belges bloquent l&rsquo;entr\u00e9e d&rsquo;une art\u00e8re menant au port de Zeebrugge dans le cadre d&rsquo;une gr\u00e8ve g\u00e9n\u00e9rale, le 30 janvier 2012<\/em><\/p>\n<p style=\"text-align: justify\">\u00ab\u00a0Cette gr\u00e8ve g\u00e9n\u00e9rale est manifestement une r\u00e9ussite\u00a0\u00bb, a d\u00e9clar\u00e9 \u00e0 la mi-journ\u00e9e le secr\u00e9taire g\u00e9n\u00e9ral de la centrale chr\u00e9tienne CSC, le premier syndicat du pays, Claude Rolin.<\/p>\n<p style=\"text-align: justify\">La circulation ferroviaire, y compris celle des trains internationaux \u00e0 grande vitesse Thalys et Eurostar qui relient Bruxelles \u00e0 Paris, Amsterdam, Cologne et Londres, \u00e9tait \u00e0 l&rsquo;arr\u00eat et devait le rester toute la journ\u00e9e de lundi.<\/p>\n<p style=\"text-align: justify\">Aucun tramway, bus ou m\u00e9tro ne circulait \u00e0 Bruxelles. Et ailleurs dans le pays les transports en commun \u00e9taient tr\u00e8s perturb\u00e9s.<\/p>\n<p style=\"text-align: justify\">De nombreux Belges ayant anticip\u00e9 le mouvement, les bouchons redout\u00e9s ne s&rsquo;\u00e9taient en revanche pas concr\u00e9tis\u00e9s.<\/p>\n<p style=\"text-align: justify\">Quelques vols ont \u00e9t\u00e9 annul\u00e9s \u00e0 l&rsquo;a\u00e9roport de Bruxelles et des retards \u00e9taient enregistr\u00e9s mais le trafic restait globalement assez proche de la normale. L&rsquo;a\u00e9roport de Charleroi (sud) \u00e9tait toutefois ferm\u00e9.<\/p>\n<p style=\"text-align: justify\">Les salari\u00e9s du port d&rsquo;Anvers, l&rsquo;un des plus importants d&rsquo;Europe, avaient d\u00e9cid\u00e9 de se joindre au mouvement et des gr\u00e9vistes organisaient plusieurs blocages de routes et autoroutes, principalement \u00e0 l&rsquo;entr\u00e9e des zones industrielles.<\/p>\n<p style=\"text-align: justify\">Dans le priv\u00e9, la gr\u00e8ve est \u00ab\u00a0tr\u00e8s bien suivie\u00a0\u00bb, notamment dans la sid\u00e9rurgie, la p\u00e9trochimie, la grande distribution, selon le syndicat socialiste FGTB.<\/p>\n<p style=\"text-align: justify\">Cette gr\u00e8ve g\u00e9n\u00e9rale, la premi\u00e8re en Belgique depuis 2005, \u00ab\u00a0est n\u00e9cessaire\u00a0\u00bb car les \u00ab\u00a0mesures que le gouvernement est en train de prendre sont in\u00e9quitables et injustes\u00a0\u00bb, ont soulign\u00e9 les trois grands syndicats du royaume.<\/p>\n<p style=\"text-align: justify\">Si la coalition lib\u00e9rale-socialiste-centriste du Premier ministre Elio Di Rupo n&rsquo;entend pas revenir sur les 11,3 milliards d&rsquo;euros d&rsquo;\u00e9conomies pr\u00e9vues en 2012, les organisations syndicales esp\u00e8rent que leur d\u00e9monstration de force p\u00e8sera sur le nouveau train de mesures d\u00e9j\u00e0 annonc\u00e9 pour la fin f\u00e9vrier.<\/p>\n<p style=\"text-align: justify\">Le gouvernement, qui a bouscul\u00e9 les syndicats en adoptant sans concertation les mesures de rigueur, repoussant notamment l&rsquo;\u00e2ge de la retraite anticip\u00e9e, souhaite la relance du dialogue social dans les prochaines semaines.<\/p>\n<p style=\"text-align: justify\">La ministre de l&rsquo;Int\u00e9rieur, la centriste Jo\u00eblle Milquet, a lanc\u00e9 un appel pour \u00ab\u00a0f\u00e9d\u00e9rer les \u00e9nergies pour voir comment investir dans un plan de relance et d&#8217;emploi\u00a0\u00bb.<\/p>\n<p style=\"text-align: justify\">Un message que souhaite faire \u00e9galement passer la Belgique lors du sommet europ\u00e9en informel consacr\u00e9 \u00e0 la situation \u00e9conomique de l&rsquo;UE qui doit se tenir lundi apr\u00e8s-midi.<\/p>\n<p style=\"text-align: justify\">Mais, vu l&rsquo;\u00e9tat des finances publiques des 27, il n&rsquo;y aura pas d&rsquo;argent frais \u00e0 mettre sur la table, a d\u00e9j\u00e0 pr\u00e9venu le pr\u00e9sident de la Commission europ\u00e9enne, Jos\u00e9 Manuel Barroso.<\/p>\n<p style=\"text-align: justify\">\u00ab\u00a0L&rsquo;aust\u00e9rit\u00e9, c&rsquo;est vraiment la mauvaise r\u00e9ponse\u00a0\u00bb, estime pourtant Claude Rolin. Pour le responsable syndical, la \u00ab\u00a0r\u00e8gle d&rsquo;or\u00a0\u00bb limitant les d\u00e9ficits publics que les 27 devraient ent\u00e9riner va \u00ab\u00a0emp\u00eacher les Etats de faire leur travail\u00a0\u00bb.<\/p>\n<p style=\"text-align: justify\">Les syndicats belges et europ\u00e9ens r\u00e9clament que la Banque centrale europ\u00e9enne puisse \u00e9mettre des euro-obligations, une option rejet\u00e9e notamment par l&rsquo;Allemagne. \u00ab\u00a0Les Etats pourraient alors rembourser leurs dettes \u00e0 des taux normaux sans \u00eatre victimes de la sp\u00e9culation des march\u00e9s financiers\u00a0\u00bb et financer la relance, avance la secr\u00e9taire g\u00e9n\u00e9rale de la FGTB, Anne Demelenne.<\/p>\n<p style=\"text-align: justify\">Pour pouvoir \u00e9voquer ces questions, les dirigeants de l&rsquo;UE devront d&rsquo;abord arriver \u00e0 Bruxelles.<\/p>\n<p style=\"text-align: justify\">En raison des perturbations \u00e0 l&rsquo;a\u00e9roport de Bruxelles, les vols des chefs d&rsquo;Etat et de gouvernement ont \u00e9t\u00e9 d\u00e9rout\u00e9s sur la petite base militaire de Beauvechain, au sud de Bruxelles.<\/p>\n<p style=\"text-align: justify\"><em>AFP, 30 janvier 2012<\/em><\/p>\n","protected":false},"excerpt":{"rendered":"<p>La Belgique tourne au ralenti pour protester contre l&rsquo;aust\u00e9rit\u00e9 Les syndicats belges ont salu\u00e9 la \u00ab\u00a0r\u00e9ussite\u00a0\u00bb de la gr\u00e8ve g\u00e9n\u00e9rale organis\u00e9e lundi en Belgique pour protester contre les mesures d&rsquo;aust\u00e9rit\u00e9 en Europe et r\u00e9clam\u00e9 une \u00ab\u00a0politique de relance\u00a0\u00bb aux dirigeants des 27 attendus plus tard dans la journ\u00e9e \u00e0 Bruxelles. Des membres des diff\u00e9rents syndicats &hellip; <a href=\"https:\/\/fa86.noblogs.org\/?p=3411\" class=\"more-link\">Continuer la lecture de <span class=\"screen-reader-text\">[Belgique] Jour de gr\u00e8ve g\u00e9n\u00e9rale<\/span> <span class=\"meta-nav\">&rarr;<\/span><\/a><\/p>\n","protected":false},"author":2691,"featured_media":0,"comment_status":"open","ping_status":"open","sticky":false,"template":"","format":"standard","meta":{"footnotes":""},"categories":[9,11],"tags":[],"class_list":["post-3411","post","type-post","status-publish","format-standard","hentry","category-la-rue-grogne","category-ni-patrie-ni-frontiere"],"_links":{"self":[{"href":"https:\/\/fa86.noblogs.org\/index.php?rest_route=\/wp\/v2\/posts\/3411","targetHints":{"allow":["GET"]}}],"collection":[{"href":"https:\/\/fa86.noblogs.org\/index.php?rest_route=\/wp\/v2\/posts"}],"about":[{"href":"https:\/\/fa86.noblogs.org\/index.php?rest_route=\/wp\/v2\/types\/post"}],"author":[{"embeddable":true,"href":"https:\/\/fa86.noblogs.org\/index.php?rest_route=\/wp\/v2\/users\/2691"}],"replies":[{"embeddable":true,"href":"https:\/\/fa86.noblogs.org\/index.php?rest_route=%2Fwp%2Fv2%2Fcomments&post=3411"}],"version-history":[{"count":2,"href":"https:\/\/fa86.noblogs.org\/index.php?rest_route=\/wp\/v2\/posts\/3411\/revisions"}],"predecessor-version":[{"id":3413,"href":"https:\/\/fa86.noblogs.org\/index.php?rest_route=\/wp\/v2\/posts\/3411\/revisions\/3413"}],"wp:attachment":[{"href":"https:\/\/fa86.noblogs.org\/index.php?rest_route=%2Fwp%2Fv2%2Fmedia&parent=3411"}],"wp:term":[{"taxonomy":"category","embeddable":true,"href":"https:\/\/fa86.noblogs.org\/index.php?rest_route=%2Fwp%2Fv2%2Fcategories&post=3411"},{"taxonomy":"post_tag","embeddable":true,"href":"https:\/\/fa86.noblogs.org\/index.php?rest_route=%2Fwp%2Fv2%2Ftags&post=3411"}],"curies":[{"name":"wp","href":"https:\/\/api.w.org\/{rel}","templated":true}]}}