{"id":3582,"date":"2012-02-06T22:13:11","date_gmt":"2012-02-06T21:13:11","guid":{"rendered":"http:\/\/fa86.noblogs.org\/?p=3582"},"modified":"2012-02-06T22:13:11","modified_gmt":"2012-02-06T21:13:11","slug":"poitiers-manifestation-de-solidarite-aux-inculpe-e-s-de-toulouse-le-18-fevrier-prochain","status":"publish","type":"post","link":"https:\/\/fa86.noblogs.org\/?p=3582","title":{"rendered":"[Poitiers] Manifestation de solidarit\u00e9 aux inculp\u00e9-e-s de Toulouse, le 18 f\u00e9vrier prochain"},"content":{"rendered":"<h2><a title=\"Lien permanent pour MANIFESTATION DE SOLIDARITE AUX INCULPE.E.S DE TOULOUSE!\" href=\"http:\/\/www.antirep86.fr\/2012\/02\/06\/manifestation-de-solidarite-aux-inculpe-e-s-de-toulouse\/\" rel=\"bookmark\" target=\"_blank\">MANIFESTATION DE SOLIDARITE AUX INCULPE.E.S DE TOULOUSE!<\/a><\/h2>\n<div>\n<p><img decoding=\"async\" src=\"https:\/\/pourlaliberte.noblogs.org\/files\/2012\/02\/manif.jpeg\" alt=\"\" \/><\/p>\n<p>Pour des infos sur cette \u201caffaire\u201d:\u00a0<\/p>\n<p><a href=\"http:\/\/www.antirep86.fr\/2012\/01\/24\/solidarite-avec-les-inculpe-e-s-de-toulouse\/\">http:\/\/www.antirep86.fr\/2012\/01\/24\/solidarite-avec-les-inculpe-e-s-de-toulouse\/<\/a><\/p>\n<p><a href=\"https:\/\/pourlaliberte.noblogs.org\/\">http:\/\/pourlaliberte.noblogs.org\/<\/a><\/p>\n<p><strong>SOYONS NOMBREU.SES.X POUR LA LIBERATION DES INCULPE.E.S ET L\u2019ARRET DES POURSUITES!<\/strong><\/p>\n<p><em>Comit\u00e9 poitevin contre la r\u00e9pression des mouvements sociaux, 6 f\u00e9vrier 2012<\/em><\/p>\n<\/div>\n","protected":false},"excerpt":{"rendered":"<p>MANIFESTATION DE SOLIDARITE AUX INCULPE.E.S DE TOULOUSE! Pour des infos sur cette \u201caffaire\u201d:\u00a0 http:\/\/www.antirep86.fr\/2012\/01\/24\/solidarite-avec-les-inculpe-e-s-de-toulouse\/ http:\/\/pourlaliberte.noblogs.org\/ SOYONS NOMBREU.SES.X POUR LA LIBERATION DES INCULPE.E.S ET L\u2019ARRET DES POURSUITES! Comit\u00e9 poitevin contre la r\u00e9pression des mouvements sociaux, 6 f\u00e9vrier 2012<\/p>\n","protected":false},"author":2691,"featured_media":0,"comment_status":"open","ping_status":"open","sticky":false,"template":"","format":"standard","meta":{"footnotes":""},"categories":[20,9,16,4],"tags":[],"class_list":["post-3582","post","type-post","status-publish","format-standard","hentry","category-feu-aux-prisons","category-la-rue-grogne","category-repression","category-se-trouver"],"_links":{"self":[{"href":"https:\/\/fa86.noblogs.org\/index.php?rest_route=\/wp\/v2\/posts\/3582","targetHints":{"allow":["GET"]}}],"collection":[{"href":"https:\/\/fa86.noblogs.org\/index.php?rest_route=\/wp\/v2\/posts"}],"about":[{"href":"https:\/\/fa86.noblogs.org\/index.php?rest_route=\/wp\/v2\/types\/post"}],"author":[{"embeddable":true,"href":"https:\/\/fa86.noblogs.org\/index.php?rest_route=\/wp\/v2\/users\/2691"}],"replies":[{"embeddable":true,"href":"https:\/\/fa86.noblogs.org\/index.php?rest_route=%2Fwp%2Fv2%2Fcomments&post=3582"}],"version-history":[{"count":2,"href":"https:\/\/fa86.noblogs.org\/index.php?rest_route=\/wp\/v2\/posts\/3582\/revisions"}],"predecessor-version":[{"id":3584,"href":"https:\/\/fa86.noblogs.org\/index.php?rest_route=\/wp\/v2\/posts\/3582\/revisions\/3584"}],"wp:attachment":[{"href":"https:\/\/fa86.noblogs.org\/index.php?rest_route=%2Fwp%2Fv2%2Fmedia&parent=3582"}],"wp:term":[{"taxonomy":"category","embeddable":true,"href":"https:\/\/fa86.noblogs.org\/index.php?rest_route=%2Fwp%2Fv2%2Fcategories&post=3582"},{"taxonomy":"post_tag","embeddable":true,"href":"https:\/\/fa86.noblogs.org\/index.php?rest_route=%2Fwp%2Fv2%2Ftags&post=3582"}],"curies":[{"name":"wp","href":"https:\/\/api.w.org\/{rel}","templated":true}]}}