{"id":3585,"date":"2012-02-07T08:41:35","date_gmt":"2012-02-07T07:41:35","guid":{"rendered":"http:\/\/fa86.noblogs.org\/?p=3585"},"modified":"2012-02-07T08:41:35","modified_gmt":"2012-02-07T07:41:35","slug":"poitiers-festival-filmer-le-travail-interview-de-mordillat","status":"publish","type":"post","link":"https:\/\/fa86.noblogs.org\/?p=3585","title":{"rendered":"[Poitiers] Festival filmer le travail : interview de Mordillat"},"content":{"rendered":"<h2 style=\"text-align: justify\"><a href=\"http:\/\/www.lanouvellerepublique.fr\/Vienne\/Actualite\/24-Heures\/n\/Contenus\/Articles\/2012\/02\/07\/Le-travail-est-le-vaisseau-fantome-dans-notre-societe\" target=\"_blank\">\u00a0\u00bb Le travail est le vaisseau fant\u00f4me dans notre soci\u00e9t\u00e9 \u00ab\u00a0<\/a><\/h2>\n<p style=\"text-align: justify\">Dans le cadre de la 3 e \u00e9dition du Festival Filmer le travail, le romancier et r\u00e9alisateur G\u00e9rard Mordillat est venu, hier, rencontrer des publics.<\/p>\n<div>\n<div style=\"text-align: justify\"><a title=\"Franscisco Ferreira, enseignant l'universit\u00e9 de Poitiers et G\u00e9rard Mordillat lors de la conf\u00e9rence-d\u00e9bat.\" href=\"http:\/\/www.lanouvellerepublique.fr\/var\/nrv2\/storage\/images\/contenus\/articles\/2012\/02\/07\/le-travail-est-le-vaisseau-fantome-dans-notre-societe\/15729328-1-fre-FR\/Le-travail-est-le-vaisseau-fantome-dans-notre-societe_reference.jpg\" target=\"_blank\"><img loading=\"lazy\" decoding=\"async\" src=\"http:\/\/www.lanouvellerepublique.fr\/var\/nrv2\/storage\/images\/contenus\/articles\/2012\/02\/07\/le-travail-est-le-vaisseau-fantome-dans-notre-societe\/15729328-1-fre-FR\/Le-travail-est-le-vaisseau-fantome-dans-notre-societe_image_article_large.jpg\" alt=\"Franscisco Ferreira, enseignant l'universit\u00e9 de Poitiers et G\u00e9rard Mordillat lors de la conf\u00e9rence-d\u00e9bat.\" width=\"488\" height=\"251\" \/> <\/a><\/p>\n<div>\u00a0<\/div>\n<p><em>Franscisco Ferreira, enseignant l&rsquo;universit\u00e9 de Poitiers et G\u00e9rard Mordillat lors de la conf\u00e9rence-d\u00e9bat.<\/em><\/div>\n<div style=\"text-align: justify\">\n<div><a href=\"http:\/\/memorix.sdv.fr\/5c\/www.lanouvellerepublique.fr\/actualite\/24-heures_articles\/86\/horszone\/1557472064\/Position1\/SDV_LNRCO\/default\/empty.gif\/5575556e5555387731453441446f766f\" target=\"_blank\"><img loading=\"lazy\" decoding=\"async\" src=\"http:\/\/memorix.sdv.fr\/5\/www.lanouvellerepublique.fr\/actualite\/24-heures_articles\/86\/horszone\/1557472064\/Position1\/SDV_LNRCO\/default\/empty.gif\/5575556e5555387731453441446f766f?\" alt=\"\" width=\"1\" height=\"1\" border=\"0\" \/><\/a><\/div>\n<\/div>\n<div style=\"text-align: justify\">\n<p><strong>Vous intervenez \u00e0 quel titre dans ce festival\u2009?<\/strong><\/p>\n<p>\u00ab\u00a0J&rsquo;interviens \u00e0 double titre. Comme romancier. Et puis en tant que cin\u00e9aste puisqu&rsquo;on va montrer lors d&rsquo;un d\u00e9bat des extraits de la s\u00e9rie t\u00e9l\u00e9vis\u00e9e que j&rsquo;ai r\u00e9alis\u00e9e sur \u00ab\u00a0Les Vivants et les morts\u00a0\u00bb, puis ce soir un film que j&rsquo;ai r\u00e9alis\u00e9 avec Nicolas Philibert qui s&rsquo;appelle \u00ab\u00a0La Voix de son ma\u00eetre\u00a0\u00bb sur le discours patronal.\u00a0\u00bb<\/p>\n<p><strong>\u00ab\u00a0La Voix de son ma\u00eetre\u00a0\u00bb n&rsquo;est pas un film r\u00e9cent<\/strong><\/p>\n<p>\u00ab\u00a0Non, il date de 1978. C&rsquo;\u00e9tait un travail extr\u00eamement s\u00e9rieux voire s\u00e9v\u00e8re sur le discours patronal. C&rsquo;est un vrai travail critique o\u00f9 le cin\u00e9ma est utilis\u00e9 comme outil critique. Et puis ce film a \u00e9t\u00e9 censur\u00e9 \u00e0 la t\u00e9l\u00e9vision. Il a fallu attendre treize ann\u00e9es plus tard pour qu&rsquo;il soit enfin diffus\u00e9 sur le petit \u00e9cran.\u00a0\u00bb<\/p>\n<p><strong>En quoi ce film est toujours d&rsquo;actualit\u00e9\u2009?<\/strong><\/p>\n<p>\u00ab\u00a0Parce que toutes les questions pos\u00e9es sont les m\u00eames\u2009: sur la l\u00e9gitimit\u00e9 du capital, sur le pouvoir exerc\u00e9 \u00e0 l&rsquo;int\u00e9rieur de l&rsquo;entreprise, sur quels types de relation entretenir avec les syndicats, sur quel syndicalisme pouvait-on penser\u2026 Et sans le savoir, on a tourn\u00e9 \u00e0 une moment absolument charni\u00e8re de l&rsquo;histoire \u00e9conomique et politique de la France. Quand nous avons tourn\u00e9 en 1976-77, dans toutes les entreprises, il y avait un directeur du personnel. Et lorsque le film est sorti en 78, on \u00e9tait pass\u00e9 \u00e0 directeur des ressources humaines. Aujourd&rsquo;hui, on a franchi une marche suppl\u00e9mentaire car les salari\u00e9s ne sont plus consid\u00e9r\u00e9s ni comme \u00ab\u00a0personnel\u00a0\u00bb ni m\u00eame comme \u00ab\u00a0ressource\u00a0\u00bb mais de \u00ab\u00a0variable d&rsquo;ajustement\u00a0\u00bb.<\/p>\n<p><strong>C&rsquo;est tr\u00e8s pessimiste&#8230;<\/strong><\/p>\n<p>\u00ab C&rsquo;est la r\u00e9alit\u00e9. L&rsquo;alternative est de rompre avec cette logique de qu\u00eate de profit jusqu&rsquo;\u00e0 la folie et de revenir \u00e0 une autre organisation sociale qui, sans r\u00eaver \u00e0 une \u00e9galit\u00e9 parfaite entre les citoyens, en tout cas, tente \u00e0 r\u00e9tablir les \u00e9quilibres.\u00a0\u00bb<\/p>\n<p><strong>Quels rapports entre filmer le travail et la fa\u00e7on dont cela est re\u00e7u par le public\u2009?<\/strong><\/p>\n<p>Le probl\u00e8me, c&rsquo;est que le travail est le vaisseau fant\u00f4me dans notre soci\u00e9t\u00e9. Il est absolument absent de l&rsquo;univers du cin\u00e9ma, de la t\u00e9l\u00e9vision et m\u00eame des romans. Tout aussi absent de l&rsquo;univers m\u00e9diatique.<\/p>\n<p><strong>&gt;\u00a0Le Festival se poursuit jusqu&rsquo;\u00e0 dimanche. www.filmerletravail.org<\/strong><\/p>\n<\/div>\n<div style=\"text-align: justify\"><em>Nouvelle R\u00e9publique, Propos recueillis par Marie-Laure Aveline, 7 f\u00e9vrier 2012<\/em><\/div>\n<\/div>\n","protected":false},"excerpt":{"rendered":"<p>\u00a0\u00bb Le travail est le vaisseau fant\u00f4me dans notre soci\u00e9t\u00e9 \u00ab\u00a0 Dans le cadre de la 3 e \u00e9dition du Festival Filmer le travail, le romancier et r\u00e9alisateur G\u00e9rard Mordillat est venu, hier, rencontrer des publics. \u00a0 Franscisco Ferreira, enseignant l&rsquo;universit\u00e9 de Poitiers et G\u00e9rard Mordillat lors de la conf\u00e9rence-d\u00e9bat. Vous intervenez \u00e0 quel titre &hellip; <a href=\"https:\/\/fa86.noblogs.org\/?p=3585\" class=\"more-link\">Continuer la lecture de <span class=\"screen-reader-text\">[Poitiers] Festival filmer le travail : interview de Mordillat<\/span> <span class=\"meta-nav\">&rarr;<\/span><\/a><\/p>\n","protected":false},"author":2691,"featured_media":0,"comment_status":"open","ping_status":"open","sticky":false,"template":"","format":"standard","meta":{"footnotes":""},"categories":[22],"tags":[],"class_list":["post-3585","post","type-post","status-publish","format-standard","hentry","category-le-travail-tue"],"_links":{"self":[{"href":"https:\/\/fa86.noblogs.org\/index.php?rest_route=\/wp\/v2\/posts\/3585","targetHints":{"allow":["GET"]}}],"collection":[{"href":"https:\/\/fa86.noblogs.org\/index.php?rest_route=\/wp\/v2\/posts"}],"about":[{"href":"https:\/\/fa86.noblogs.org\/index.php?rest_route=\/wp\/v2\/types\/post"}],"author":[{"embeddable":true,"href":"https:\/\/fa86.noblogs.org\/index.php?rest_route=\/wp\/v2\/users\/2691"}],"replies":[{"embeddable":true,"href":"https:\/\/fa86.noblogs.org\/index.php?rest_route=%2Fwp%2Fv2%2Fcomments&post=3585"}],"version-history":[{"count":2,"href":"https:\/\/fa86.noblogs.org\/index.php?rest_route=\/wp\/v2\/posts\/3585\/revisions"}],"predecessor-version":[{"id":3587,"href":"https:\/\/fa86.noblogs.org\/index.php?rest_route=\/wp\/v2\/posts\/3585\/revisions\/3587"}],"wp:attachment":[{"href":"https:\/\/fa86.noblogs.org\/index.php?rest_route=%2Fwp%2Fv2%2Fmedia&parent=3585"}],"wp:term":[{"taxonomy":"category","embeddable":true,"href":"https:\/\/fa86.noblogs.org\/index.php?rest_route=%2Fwp%2Fv2%2Fcategories&post=3585"},{"taxonomy":"post_tag","embeddable":true,"href":"https:\/\/fa86.noblogs.org\/index.php?rest_route=%2Fwp%2Fv2%2Ftags&post=3585"}],"curies":[{"name":"wp","href":"https:\/\/api.w.org\/{rel}","templated":true}]}}