{"id":3856,"date":"2012-02-15T11:26:12","date_gmt":"2012-02-15T10:26:12","guid":{"rendered":"http:\/\/fa86.noblogs.org\/?p=3856"},"modified":"2012-02-15T11:27:02","modified_gmt":"2012-02-15T10:27:02","slug":"argentine-usines-autogerees-dix-ans-apres","status":"publish","type":"post","link":"https:\/\/fa86.noblogs.org\/?p=3856","title":{"rendered":"[Argentine] Usines autog\u00e9r\u00e9es, dix ans apr\u00e8s"},"content":{"rendered":"<h2 style=\"text-align: justify\"><a href=\"http:\/\/www.elcorreo.eu.org\/Usines-autogerees-argentines-dix-ans-apres?lang=fr\" target=\"_blank\">Usines autog\u00e9r\u00e9es argentines, dix ans apr\u00e8s<\/a><\/h2>\n<div style=\"text-align: justify\">\n<div>\n<p>Un regard sur le pr\u00e9sent et l\u2019avenir des usines les plus embl\u00e9matiques g\u00e9r\u00e9es par les travailleurs et les d\u00e9fis qu\u2019ils ont \u00e0 relever. Qu\u2019est-ce qui manque, qu\u2019est-ce qui, au contraire, ne manque pas, quels sont les probl\u00e8mes les plus difficiles \u00e0 r\u00e9soudre maintenant que le minimum vital est assur\u00e9.<\/p>\n<p>Est-ce qu\u2019on peut changer le destin\u00a0? Est-ce qu\u2019on peut inventer quelque chose de nouveau\u00a0? Ou bien ce sont les autres qui ont raison\u00a0: ceux qui d\u00e9fendent ces milliers de doctrines, de philosophies, d\u2019opinions, de sciences, de religions, ces gens qui ont du mal \u00e0 dig\u00e9rer, ces habitu\u00e9s des plateaux t\u00e9l\u00e9vis\u00e9s qui soutiennent que les choses sont comme elles sont.<\/p>\n<\/div>\n<div>\n<p>Les questions sur ce que l\u2019on appelle les usines r\u00e9cup\u00e9r\u00e9es par les travailleurs ou usines sans patron, sans aucun doute, ont \u00e0 voir avec le secteur de l\u2019\u00e9conomie, de la production, de la politique mais aussi de la culture, de la personne humaine et de sa capacit\u00e9 \u2013 ou pas \u2013 \u00e0 transformer la r\u00e9alit\u00e9. Ce ne sont pas des discours de comptoir ou de barricade qui pr\u00e9tendent refaire le monde, mais une \u00e9tape concr\u00e8te qui transforme la r\u00e9alit\u00e9 de chacun.<\/p>\n<p><strong>Formule provisoire<\/strong>\u00a0: \u00ab\u00a0D\u00e9sespoir + une id\u00e9e diff\u00e9rente + une tentative pour la mettre en pratique = un espace nouveau.\u00a0\u00bb<\/p>\n<p><strong>Tout peut \u00eatre r\u00e9invent\u00e9<\/strong><\/p>\n<p>La plus grande r\u00e9ussite c\u2019est d\u2019avoir mis en place une nouvelle fa\u00e7on de lutter et de s\u2019organiser. Aujourd\u2019hui, tous les travailleurs savent qu\u2019ils peuvent faire tourner une usine, affirme Mur\u00faa de l\u2019IMPA\u00a0[<a id=\"nh1\" title=\"Industrias Metal\u00fargicas y Pl\u00e1sticas Argentina (Industries m\u00e9tallurgiques et\u00a0(...)\" href=\"http:\/\/www.elcorreo.eu.org\/Usines-autogerees-argentines-dix-ans-apres?lang=fr#nb1\" rel=\"footnote\">1<\/a>], l\u2019une des premi\u00e8res usines r\u00e9cup\u00e9r\u00e9es et qui, durant ces treize derni\u00e8res ann\u00e9es est pass\u00e9e par toutes sortes de probl\u00e8mes\u00a0: des manifestations hostiles, des menaces, des probl\u00e8mes internes, des crises \u2013 tout allait mal.<\/p>\n<p>\u00ab\u00a0Mais nous sommes toujours l\u00e0. Nous sommes 56 camarades et nous gagnons 3600 pesos [623 euros] chacun par mois. Et si l\u2019\u00c9tat ne nous avait pas coup\u00e9 l\u2019\u00e9lectricit\u00e9 \u2013 nous d\u00e9pensons 40 000 [6926 euros] pesos par mois pour un g\u00e9n\u00e9rateur \u2013 nous en gagnerions 4400 [762 euros]. Si l\u2019on nous mettait dans des conditions semblables \u00e0 n\u2019importe quelle entreprise capitaliste, nous serions meilleurs. Je ne le dis pas par orgueil mais parce que le syst\u00e8me de coop\u00e9rative est meilleur que celui de la concurrence capitaliste.\u00a0\u00bb<\/p>\n<p>Sur les 280 usines argentines sans patron, Zanon, \u00e0 Neuqu\u00e9n\u00a0[<a id=\"nh2\" title=\"Au centre-ouest du pays \u2013 note DIAL.\" href=\"http:\/\/www.elcorreo.eu.org\/Usines-autogerees-argentines-dix-ans-apres?lang=fr#nb2\" rel=\"footnote\">2<\/a>], est \u00e9galement une entreprise embl\u00e9matique. Dans l\u2019effort pour la conserver, les travailleurs ont pris la t\u00eate du syndicat des c\u00e9ramistes mais Ra\u00fal Godoy et Alejandro L\u00f3pez ont fait au moins deux choses inhabituelles dans le contexte argentin\u00a0: ils ont renonc\u00e9 \u00e0 leur poste pour favoriser le renouvellement des cadres et ils sont retourn\u00e9s travailler \u00e0 l\u2019usine (!).<\/p>\n<p>Godoy, de la branche \u00e9mail\u00a0: \u00ab\u00a0<em>Les usines sans patron sont une alternative \u00e0 la crise, depuis 2001. C\u2019est une grande et belle id\u00e9e qui peut s\u2019accompagner de nombreuses difficult\u00e9s et qui sort des mod\u00e8les impos\u00e9s. Tout peut \u00eatre r\u00e9invent\u00e9. Nous avons croqu\u00e9 la pomme du Paradis et une fois qu\u2019on y a go\u00fbt\u00e9&#8230; <\/em>\u00a0\u00bb<\/p>\n<p>Ernesto Lalo Paret, de la coop\u00e9rative \u00ab\u00a0<em>Tous ensemble pour la chaussure <\/em>\u00a0\u00bb (l\u2019ancienne Gatic, produisant pour l\u2019allemande Adidas)\u00a0: \u00ab\u00a0<em>Ce processus pr\u00e9sente tous les probl\u00e8mes que tu peux imaginer mais il a rendu viables des usines qui pour les patrons ne l\u2019\u00e9taient plus. Et d\u2019ailleurs, qu\u2019est-ce que \u00e7a veut bien dire la viabilit\u00e9 d\u2019une usine dans une soci\u00e9t\u00e9 de merde\u00a0? Qu\u2019un \u00e9conomiste vienne me dire combien vaut en cash-flow (flux d\u2019entr\u00e9es et sorties de caisse) le fait qu\u2019un type retrouve l\u2019estime de soi, se revalorise, se fasse confiance et prenne une usine en charge\u00a0? \u00c0 combien estime-t-on le fait que cet homme soit devenu un exemple pour son gosse, en tant que travailleur\u00a0? \u00c0 combien \u00e9value-t-on la r\u00e9cup\u00e9ration d\u2019une usine pour la communaut\u00e9, pour les familles, pour la soci\u00e9t\u00e9\u00a0? <\/em>\u00a0\u00bb<\/p>\n<p><strong>\u00c9coutez le bruit<\/strong><\/p>\n<p>Le syst\u00e8me distribue des biens, des services, mais surtout une identit\u00e9 sociale, rappelle le prologue du livre \u00ab\u00a0Sin Patr\u00f3n\u00a0\u00bb (<em>Sans patron<\/em>)\u00a0[<a id=\"nh3\" title=\"Sin Patr\u00f3n : f\u00e1bricas y empresas recuperadas por sus trabajadores, \u00e9dition\u00a0(...)\" href=\"http:\/\/www.elcorreo.eu.org\/Usines-autogerees-argentines-dix-ans-apres?lang=fr#nb3\" rel=\"footnote\">3<\/a>]. L\u2019identit\u00e9 des travailleurs \u00e9tait tr\u00e8s d\u00e9pr\u00e9ci\u00e9e. \u00ab\u00a0<em>Et on peut ajouter \u00e0 cela la faim et le d\u00e9sespoir<\/em>\u00a0\u00bb rench\u00e9rit Lalo vivement.<\/p>\n<p>Comme une tra\u00een\u00e9e de poudre, dans de nombreux endroits \u00e9loign\u00e9s les uns des autres \u2013 comme par contagion culturelle \u2013, les travailleurs ont pris une d\u00e9cision\u00a0: ils ont cess\u00e9 d\u2019utiliser les canaux syndicaux pour leurs revendications (car, sauf quelques exceptions, ceux-ci ont fait le jeu des patrons). Mais les travailleurs, au lieu de quitter le navire, ont d\u00e9lib\u00e9r\u00e9ment rompu leurs cha\u00eenes et ont pris les usines. Confront\u00e9s \u00e0 la peur, ils ont agi au lieu de rester paralys\u00e9s. C\u2019\u00e9tait des gens ordinaires comme l\u2019avaient \u00e9t\u00e9 les M\u00e8res et les Grands-m\u00e8res de la Place de mai. Comme elles, ils ont invent\u00e9 quelque chose qui n\u2019avait jamais eu lieu, nulle part. Lalo\u00a0: \u00ab\u00a0<em>Quand \u00e7a a commenc\u00e9, les ouvriers ne croyaient en rien. Et maintenant ils croient que tout est toujours possible&#8230; Que toute situation peut trouver une issue. <\/em>\u00a0\u00bb<\/p>\n<p>Mur\u00faa\u00a0: \u00ab\u00a0<em>Ici, c\u2019est tout le contraire de ce qui se passe dans les entreprises capitalistes o\u00f9 ceux qui acc\u00e8dent \u00e0 des postes importants sont des vendus, des magouilleurs qui exploitent les autres et qui travaillent le moins. Ici, les camarades essaient de porter les meilleurs \u00e0 la t\u00eate de l\u2019usine. Et celui qui a des responsabilit\u00e9s est aussi celui qui travaille le plus. <\/em>\u00a0\u00bb Pour ce qui est de l\u2019horizontalit\u00e9\u00a0: \u00ab\u00a0<em>C\u2019est ce que l\u2019on recherche mais cela ne fonctionne que si tout le monde en sait autant, parce que si dans une assembl\u00e9e c\u2019est toujours nous, les m\u00eames grandes gueules, qui parlons, \u00e7a ne sert \u00e0 rien, on reste comme des papes. <\/em>\u00a0\u00bb<\/p>\n<p>L\u2019horizontalit\u00e9 est donc un but vers lequel on tend, non une fausse illusion, ni une id\u00e9e de marketing. Godoy\u00a0: \u00ab\u00a0<em>Notre force, c\u2019est l\u2019assembl\u00e9e. On discute \u00e0 fond mais apr\u00e8s, chacun garde \u00e0 l\u2019esprit l\u2019objectif de la production et on dit\u00a0: qu\u2019est-ce qu\u2019on peut am\u00e9liorer ici ou l\u00e0\u00a0? Le travailleur investit l\u00e0 toute son \u00e9nergie <\/em>\u00a0\u00bb. Ils ont repris le gouvernail d\u2019un bateau qui \u00e9tait en train de couler. \u00ab\u00a0<em>Eh oui, on se met \u00e0 \u00e9coper pour le maintenir \u00e0 flot et on se met \u00e0 ramer \u00e0 contre-courant. Regarde\u00a0: \u00e0 c\u00f4t\u00e9 de nous il y a l\u2019entreprise C\u00e9ramique Neuqu\u00e9n qui re\u00e7oit automatiquement des cr\u00e9dits pour la r\u00e9novation technologique. Ils ont un Mercedes et nous un Fitito. Mais nous, nous avons multipli\u00e9 par deux le nombre de travailleurs et nous sommes en train de d\u00e9montrer que l\u2019on peut fonctionner sans capital et sans capitalistes. C\u2019est pour cela que nous ne recevons aucune aide car nous repr\u00e9sentons une menace pour eux. <\/em>\u00a0\u00bb<\/p>\n<p><strong>Celia et Gustavo<\/strong><\/p>\n<p>Celia Mart\u00ednez est une des actrices de la Coop\u00e9rative 18 d\u00e9cembre (date \u00e0 laquelle ils ont pris l\u2019usine textile Brukman, en 2001). \u00ab\u00a0Je vois tout ce qu\u2019il y a de positif. Le minist\u00e8re du travail nous a donn\u00e9 des subventions, presque un million de pesos. Le D\u00e9veloppement social nous a choisis comme fournisseur des v\u00eatements de leurs employ\u00e9s, la compagnie a\u00e9rienne Aerol\u00edneas argentinas, nous a command\u00e9 14000 uniformes et c\u2019est au tour de la compagnie Austral, maintenant. Je ne dirais pas que nous allons super bien, mais nous n\u2019allons pas mal du tout\u00a0\u00bb. En moyenne, elles re\u00e7oivent 400 \u00e0 600 pesos [entre 69 et 104 euros] par semaine. Celia ne milite plus dans un parti comme elle l\u2019a fait bri\u00e8vement pendant le conflit Brukman o\u00f9 les femmes \u00e9taient 50 sur 73 salari\u00e9es\u00a0[<a id=\"nh4\" title=\"Nous accordons selon la r\u00e8gle de la majorit\u00e9 \u2013 note DIAL.\" href=\"http:\/\/www.elcorreo.eu.org\/Usines-autogerees-argentines-dix-ans-apres?lang=fr#nb4\" rel=\"footnote\">4<\/a>]. \u00ab\u00a0<em>\u00c7a va faire 10 ans que nous fonctionnons et personne n\u2019aurait os\u00e9 y croire. Nous avons des relations d\u2019\u00e9gal \u00e0 \u00e9gal. Nous avons chang\u00e9 sur un point\u00a0: avant, nous \u00e9tions ob\u00e9issantes et soumises. Maintenant c\u2019est fini<\/em>\u00a0\u00bb. Alors, patron ou pas\u00a0? \u00ab\u00a0<em>M\u00eame les plus anciennes d\u2019entre nous n\u2019arrivent plus \u00e0 concevoir un patron. C\u2019est \u00e9vident que nous avons eu la chance de recevoir le soutien de l\u2019\u00c9tat, ce qui n\u2019a pas le cas pour d\u2019autres. \u00c7a doit \u00eatre parce que nous sommes beaucoup de femmes et qu\u2019on nous a beaucoup frapp\u00e9es<\/em>\u00a0\u00bb. Les salari\u00e9es attendent que l\u2019expropriation de l\u2019usine soit effective.<\/p>\n<p>Gustavo Ojeda de l\u2019entreprise Gr\u00e1fica Patricios\u00a0: \u00ab\u00a0<em> Plut\u00f4t que des subventions, nous voulons du travail. Il faut cr\u00e9er de l\u2019emploi. Nous aussi, on ne fait pas toujours ce qu\u2019il faudrait parce qu\u2019on pourrait s\u2019associer davantage entre usines pour faire des choses ensemble, sans disperser nos forces, comme par exemple faire des achats en commun ou cr\u00e9er des lieux collectifs. Mais, quand m\u00eame, nous avons cr\u00e9\u00e9 un pr\u00e9c\u00e9dent en Argentine\u00a0: il est possible de r\u00e9cup\u00e9rer une usine et de l\u2019autog\u00e9rer. La diff\u00e9rence, c\u2019est qu\u2019avant, c\u2019\u00e9tait un seul bonhomme qui empochait les b\u00e9n\u00e9fices alors que maintenant, on les partage entre tous les travailleurs<\/em>\u00a0\u00bb. Gr\u00e1fica Patricios a ouvert aussi un coll\u00e8ge dans son usine et une radio communautaire.<\/p>\n<p><strong>Contre la Loi sur les faillites<\/strong><\/p>\n<p>Et que dire de la nouvelle Loi sur les faillites\u00a0?<\/p>\n<p>Mur\u00faa\u00a0: \u00ab\u00a0<em>Elle est faite pour l\u2019establishment. Elle nous oblige \u00e0 assumer la dette des patrons et cela va porter tort aux PME les plus faibles. Le pi\u00e8ge, c\u2019est que le patron peut cr\u00e9er une coop\u00e9rative avec quelques complices de l\u2019administration, tandis que lui s\u2019occupe de la commercialisation. Nous, nous r\u00e9clamons une Loi d\u2019expropriation, que l\u2019immobilier appartienne \u00e0 l\u2019\u00c9tat et qu\u2019il le c\u00e8de \u00e0 la coop\u00e9rative tout le temps o\u00f9 celle-ci est en activit\u00e9. Et que quand elle s\u2019arr\u00eate, tout revienne \u00e0 l\u2019\u00c9tat. Personne n\u2019y perd et on g\u00e9n\u00e8re de l\u2019emploi <\/em>\u00a0\u00bb. Godoy\u00a0: \u00ab\u00a0<em>Ils ont fait cette loi pour \u00e9viter les expropriations et faire payer les pots cass\u00e9s de la faillite aux travailleurs. L\u2019\u00c9tat s\u2019en lave les mains et il continue \u00e0 financer les chefs d\u2019entreprise <\/em>\u00a0\u00bb. Lalo Paret\u00a0: \u00ab\u00a0<em>La Loi d\u00e9fend le cr\u00e9dit et les avocats mais en aucun cas les travailleurs. Et comme aucune entreprise n\u2019est capable de fournir un plan de redressement en trois mois, on lui impose le fameux capital national Brito, Moneta, etc&#8230; Derri\u00e8re tout \u00e7a, il y a les fonds d\u2019investissement qui cherchent \u00e0 s\u2019emparer des usines. Avec la Loi d\u2019expropriation, par contre, l\u2019\u00c9tat conserverait les murs pendant que nous, de l\u2019int\u00e9rieur, nous continuerions \u00e0 g\u00e9n\u00e9rer du travail, des projets \u00e9ducatifs et tout le reste<\/em>\u00a0\u00bb.<\/p>\n<p><strong>Production<\/strong><\/p>\n<p>Les usines sont un symbole \u00e0 la fois de la culture et de la production. Si l\u2019on consid\u00e8re les deux usines les plus complexes, IMPA et BAUEN, avec 40 millions de pesos [6 900 000 euros], on consolide 250 postes de travail et un centre populaire de pr\u00e9paration au baccalaur\u00e9at pour 200 personnes. Alors qu\u2019aujourd\u2019hui, cr\u00e9er un poste de travail digne de ce nom, en Argentine co\u00fbte 1 200 000 pesos [208 000 euros]. Ici, on garantit 250 postes de travail avec le dixi\u00e8me de cette somme. Autre exemple\u00a0: l\u2019IMPA poss\u00e8de un centre de sant\u00e9 gratuit pour tout le quartier, en coordination avec l\u2019\u00c9tat.<\/p>\n<p>Godoy\u00a0: \u00ab\u00a0<em>On peut avoir une dimension politique mais si cela ne sert pas dans la pratique, \u00e7a n\u2019a aucun sens. On entend beaucoup de discours, de t\u00e9moignages, de th\u00e9ories, de baratin, mais si on ne les confronte pas aux probl\u00e8mes concrets, on est hors du coup. Le plus important que l\u2019on a obtenu tous ensemble est de ne pas \u00eatre esclaves de la loi. On vit dans un r\u00e9seau qui nous prot\u00e8ge comme l\u2019oignon est prot\u00e9g\u00e9 par le nombre de ses pelures. Bien que \u00e7a semble idiot, la fa\u00e7on de penser de beaucoup de gens a chang\u00e9 quand on a expliqu\u00e9 la diff\u00e9rence entre ce qui est l\u00e9gal et ce qui est l\u00e9gitime. \u00c7a nous a donn\u00e9 un regard plus libre pour nous d\u00e9finir et pour r\u00e9fl\u00e9chir \u00e0 nos probl\u00e8mes\u00a0\u00bb. Godoy milite au PTS [Parti des travailleurs socialistes] et il a \u00e9t\u00e9 \u00e9lu avec le Front de gauche comme d\u00e9put\u00e9 de la province Neuqu\u00e9n, charge qu\u2019il occupera avec les autres candidats de la liste de mani\u00e8re rotative. On ne va pas toucher les 17 000 pesos [2944 euros] que touchent les autres l\u00e9gislateurs mais 4 200 [727 euros] comme on gagne chez Zanon. La diff\u00e9rence sera vers\u00e9e \u00e0 une caisse pour les gr\u00e9vistes et les camarades qui ont des probl\u00e8mes<\/em>\u00a0\u00bb. Il annonce qu\u2019il se rendra \u00e0 l\u2019Assembl\u00e9e avec son bleu de travail. \u00ab\u00a0<em>C\u2019est s\u00fbr qu\u2019il va m\u2019arriver la m\u00eame chose que quand je vais dans les universit\u00e9s\u00a0; en me voyant, on me dit\u00a0: \u00ab\u00a0<em>Monsieur, est-ce que vous pouvez nettoyer cette salle parce qu\u2019il va y avoir une conf\u00e9rence sur Zanon <\/em>\u00a0\u00bb.<\/em><\/p>\n<p>Lalo\u00a0: \u00ab\u00a0<em>Cette exp\u00e9rience nous a permis de croire en nous-m\u00eames et par suite, de croire en autrui. L\u2019id\u00e9e, c\u2019est que si nous le voulons, c\u2019est possible<\/em>\u00a0\u00bb. Lalo a un point de vue diff\u00e9rent de Celia. \u00ab\u00a0<em>Le gouvernement a engendr\u00e9 un effet contreproductif. La logique est la suivante\u00a0: si ceci n\u2019est pas \u00e0 moi, alors ce n\u2019est \u00e0 personne. Mais pour moi, la classe politique est de papier. Et l\u2019\u00c9tat aussi sous bien des aspects. Ce n\u2019est pas donc l\u2019\u00c9tat qui va r\u00e9aliser des transformations, c\u2019est la politique. Le pouvoir, ce n\u2019est pas de t\u2019asseoir avec le ministre. Le pouvoir, c\u2019est nous qui l\u2019avons. Il ne se transf\u00e8re pas, tout au plus peut-on le vendre. Mais si tu l\u2019as vendu, il ne vaut rien. Mais je suis super optimiste. Les usines r\u00e9cup\u00e9r\u00e9es cr\u00e9ent des emplois, des centres scolaires, l\u2019Universit\u00e9 des travailleurs, des centres culturels, une pr\u00e9figuration de ce que pourrait \u00eatre un nouveau mod\u00e8le de soci\u00e9t\u00e9. Est-ce qu\u2019une soci\u00e9t\u00e9 diff\u00e9rente est possible\u00a0? Oui. Est-ce que nous le voulons vraiment\u00a0? L\u00e0 est le probl\u00e8me. Moi je dis qu\u2019on est comme une femme enceinte. Le p\u00e8re, c\u2019est la faim. Mais quelque chose est en gestation. Ce qui est important maintenant, c\u2019est de voir si le b\u00e9b\u00e9 va na\u00eetre idiot, ou heureux et en bonne sant\u00e9 <\/em>\u00a0\u00bb.<\/p>\n<p><strong><a href=\"http:\/\/lavaca.org\/mu\/mu-48-arranca\" rel=\"external\">Revista MU<\/a><\/strong>. Argentine, 13 septembre 2011.<\/p>\n<p><strong>Traduction de l\u2019espagnol pour <em><a href=\"http:\/\/www.alterinfos.org\/spip.php?article5280\" rel=\"external\">Dial<\/a><\/em> de<\/strong>\u00a0: Michelle Savarieau .<\/p>\n<p><strong><a href=\"http:\/\/www.elcorreo.eu.org\/Usines-autogerees-argentines-dix-ans-apres\">El Correo<\/a><\/strong>. Paris, le 13 f\u00e9vrier 2012.<\/p>\n<\/div>\n<\/div>\n<div>\n<p style=\"text-align: justify\"><strong>Notes<\/strong><\/p>\n<p style=\"text-align: justify\">[<a id=\"nb1\" title=\"Notes 1\" href=\"http:\/\/www.elcorreo.eu.org\/Usines-autogerees-argentines-dix-ans-apres?lang=fr#nh1\" rev=\"footnote\">1<\/a>] Industrias Metal\u00fargicas y Pl\u00e1sticas Argentina (Industries m\u00e9tallurgiques et plastiques d\u2019Argentine) \u2013 note DIAL.<\/p>\n<p style=\"text-align: justify\">[<a id=\"nb2\" title=\"Notes 2\" href=\"http:\/\/www.elcorreo.eu.org\/Usines-autogerees-argentines-dix-ans-apres?lang=fr#nh2\" rev=\"footnote\">2<\/a>] Au centre-ouest du pays \u2013 note DIAL.<\/p>\n<p style=\"text-align: justify\">[<a id=\"nb3\" title=\"Notes 3\" href=\"http:\/\/www.elcorreo.eu.org\/Usines-autogerees-argentines-dix-ans-apres?lang=fr#nh3\" rev=\"footnote\">3<\/a>] Sin Patr\u00f3n\u00a0: f\u00e1bricas y empresas recuperadas por sus trabajadores, \u00e9dition actualis\u00e9e, Buenos Aires, Lavaca, 2009, 302 p. \u2013 note DIAL.<\/p>\n<p style=\"text-align: justify\">[<a id=\"nb4\" title=\"Notes 4\" href=\"http:\/\/www.elcorreo.eu.org\/Usines-autogerees-argentines-dix-ans-apres?lang=fr#nh4\" rev=\"footnote\">4<\/a>] Nous accordons selon la r\u00e8gle de la majorit\u00e9 \u2013 note DIAL.<\/p>\n<p style=\"text-align: justify\"><em>ndPN : on trouvera sur le m\u00eame site <strong><a href=\"http:\/\/www.elcorreo.eu.org\/Flasko-usine-sous-controle-ouvrier-au-Bresil?lang=fr\" target=\"_blank\">un autre article sur ce sujet<\/a><\/strong><\/em><\/p>\n<\/div>\n","protected":false},"excerpt":{"rendered":"<p>Usines autog\u00e9r\u00e9es argentines, dix ans apr\u00e8s Un regard sur le pr\u00e9sent et l\u2019avenir des usines les plus embl\u00e9matiques g\u00e9r\u00e9es par les travailleurs et les d\u00e9fis qu\u2019ils ont \u00e0 relever. Qu\u2019est-ce qui manque, qu\u2019est-ce qui, au contraire, ne manque pas, quels sont les probl\u00e8mes les plus difficiles \u00e0 r\u00e9soudre maintenant que le minimum vital est assur\u00e9. &hellip; <a href=\"https:\/\/fa86.noblogs.org\/?p=3856\" class=\"more-link\">Continuer la lecture de <span class=\"screen-reader-text\">[Argentine] Usines autog\u00e9r\u00e9es, dix ans apr\u00e8s<\/span> <span class=\"meta-nav\">&rarr;<\/span><\/a><\/p>\n","protected":false},"author":2691,"featured_media":0,"comment_status":"open","ping_status":"open","sticky":false,"template":"","format":"standard","meta":{"footnotes":""},"categories":[11,12],"tags":[],"class_list":["post-3856","post","type-post","status-publish","format-standard","hentry","category-ni-patrie-ni-frontiere","category-okupa-y-resiste"],"_links":{"self":[{"href":"https:\/\/fa86.noblogs.org\/index.php?rest_route=\/wp\/v2\/posts\/3856","targetHints":{"allow":["GET"]}}],"collection":[{"href":"https:\/\/fa86.noblogs.org\/index.php?rest_route=\/wp\/v2\/posts"}],"about":[{"href":"https:\/\/fa86.noblogs.org\/index.php?rest_route=\/wp\/v2\/types\/post"}],"author":[{"embeddable":true,"href":"https:\/\/fa86.noblogs.org\/index.php?rest_route=\/wp\/v2\/users\/2691"}],"replies":[{"embeddable":true,"href":"https:\/\/fa86.noblogs.org\/index.php?rest_route=%2Fwp%2Fv2%2Fcomments&post=3856"}],"version-history":[{"count":3,"href":"https:\/\/fa86.noblogs.org\/index.php?rest_route=\/wp\/v2\/posts\/3856\/revisions"}],"predecessor-version":[{"id":3859,"href":"https:\/\/fa86.noblogs.org\/index.php?rest_route=\/wp\/v2\/posts\/3856\/revisions\/3859"}],"wp:attachment":[{"href":"https:\/\/fa86.noblogs.org\/index.php?rest_route=%2Fwp%2Fv2%2Fmedia&parent=3856"}],"wp:term":[{"taxonomy":"category","embeddable":true,"href":"https:\/\/fa86.noblogs.org\/index.php?rest_route=%2Fwp%2Fv2%2Fcategories&post=3856"},{"taxonomy":"post_tag","embeddable":true,"href":"https:\/\/fa86.noblogs.org\/index.php?rest_route=%2Fwp%2Fv2%2Ftags&post=3856"}],"curies":[{"name":"wp","href":"https:\/\/api.w.org\/{rel}","templated":true}]}}