{"id":3867,"date":"2012-02-15T16:43:04","date_gmt":"2012-02-15T15:43:04","guid":{"rendered":"http:\/\/fa86.noblogs.org\/?p=3867"},"modified":"2012-02-15T16:47:21","modified_gmt":"2012-02-15T15:47:21","slug":"palestine-manifestations-pour-khader-adnane","status":"publish","type":"post","link":"https:\/\/fa86.noblogs.org\/?p=3867","title":{"rendered":"[Palestine] Manifestations pour Khader Adnane"},"content":{"rendered":"<p style=\"text-align: justify\"><em>ndPN : Nous \u00e9voquions il y a deux jours <strong><a href=\"https:\/\/fa86.noblogs.org\/?p=3784\" target=\"_blank\">le rejet par la \u00ab\u00a0justice\u00a0\u00bb militaire\u00a0isra\u00eblienne de la demande d&rsquo;appel du prisonnier Khader Adnane<\/a><\/strong>, en gr\u00e8ve de la faim depuis maintenant 60 jours (contrairement aux 30 jours mentionn\u00e9s dans la l\u00e9gende de la photo de l&rsquo;AFP dans l&rsquo;article ci-dessous). Adnane, tr\u00e8s affaibli,\u00a0est d\u00e9tenu dans des conditions ignobles, attach\u00e9 \u00e0 son lit. Les Palestiniens sont descendus dans la rue aujourd&rsquo;hui et se sont frott\u00e9s aux forces de r\u00e9pression isra\u00ealiennes. Les gr\u00e8ves de la faim solidaires se multiplient. Lib\u00e9ration de Khader Adnane !<\/em><\/p>\n<p style=\"text-align: justify\"><em>Pavillon Noir, 15 f\u00e9vrier 2012<\/em><\/p>\n<h2 style=\"text-align: justify\"><a href=\"http:\/\/actu.voila.fr\/actualites\/monde\/2012\/02\/15\/manifestations-pour-un-detenu-palestinien-en-greve-de-la-faim_1955299.html\" target=\"_blank\">Manifestations pour un d\u00e9tenu palestinien en gr\u00e8ve de la faim<\/a><\/h2>\n<p style=\"text-align: justify\"><strong>Des manifestations se d\u00e9roulaient mercredi en Cisjordanie et \u00e0 Gaza en solidarit\u00e9 avec un membre du mouvement radical palestinien emprisonn\u00e9 en Isra\u00ebl, en danger de mort apr\u00e8s 60 jours de gr\u00e8ve de la faim.<\/strong><\/p>\n<p style=\"text-align: justify\"><a title=\"Des Palestiniens manifestent en solidarit\u00e9 avec Khader Adnane, en gr\u00e8ve de la fin depuis 30 jours, en Cisjordanie, le 15 f\u00e9vrier 2012\" href=\"http:\/\/media.voila.fr\/content\/medias_85\/2012\/02\/15\/photo_1329312477657-1-0.jpg\"><img loading=\"lazy\" decoding=\"async\" src=\"http:\/\/actu.voila.fr\/images\/356x200\/2012\/02\/15\/85_photo_1329312477657-1-0.jpg\" alt=\"Des Palestiniens manifestent en solidarit\u00e9 avec Khader Adnane, en gr\u00e8ve de la fin depuis 30 jours, en Cisjordanie, le 15 f\u00e9vrier 2012\" width=\"360\" height=\"200\" \/><\/a><\/p>\n<div style=\"text-align: justify\">\n<div>Des Palestiniens manifestent en solidarit\u00e9 avec Khader Adnane, en gr\u00e8ve de la fin depuis 30 jours, en Cisjordanie, le 15 f\u00e9vrier 2012<\/div>\n<\/div>\n<p style=\"text-align: justify\">Khader Adnane, 34 ans, a \u00e9t\u00e9 autoris\u00e9 \u00e0 recevoir mercredi la visite de sa famille dans un h\u00f4pital de Safed, dans le Nord d&rsquo;Isra\u00ebl, o\u00f9 il est en d\u00e9tention administrative, a-t-on appris aupr\u00e8s de son \u00e9pouse et de l&rsquo;administration p\u00e9nitentiaire.<\/p>\n<p style=\"text-align: justify\">D\u00e9tenu sans inculpation, il a \u00e9t\u00e9 arr\u00eat\u00e9 en d\u00e9cembre par l&rsquo;arm\u00e9e isra\u00e9lienne pr\u00e8s de J\u00e9nine dans le Nord de la Cisjordanie occup\u00e9e, o\u00f9 il \u00e9tait porte-parole du Jihad islamique. Il est en gr\u00e8ve de la faim depuis le 18 d\u00e9cembre.<\/p>\n<p style=\"text-align: justify\">Des rassemblements de solidarit\u00e9 sont organis\u00e9s devant la prison militaire isra\u00e9lienne d&rsquo;Ofer en Cisjordanie et les si\u00e8ges du Croissant-Rouge dans toutes les villes palestiniennes, ainsi que des gr\u00e8ves de la faim ponctuelles, selon le pr\u00e9sident de la commission pour la d\u00e9fense des prisonniers, Amine Chomane.<\/p>\n<p style=\"text-align: justify\">Pr\u00e8s d&rsquo;un millier de personnes, essentiellement des jeunes, se sont rassembl\u00e9es devant la prison d&rsquo;Ofer, pr\u00e8s de Ramallah. Des heurts ont \u00e9clat\u00e9, les manifestants lan\u00e7ant des pierres et les forces isra\u00e9liennes tirant des gaz lacrymog\u00e8nes et des balles caoutchout\u00e9es, selon un photographe de l&rsquo;AFP et des t\u00e9moins.<\/p>\n<p style=\"text-align: justify\">A H\u00e9bron, dans le sud de la Cisjordanie, des centaines de personnes observaient un sit-in en pr\u00e9sence de responsables, dont le ministre palestinien des Prisonniers, Issa Qaraqa\u00eb.<\/p>\n<p style=\"text-align: justify\">Les manifestants brandissaient des photos du d\u00e9tenu et des banderoles sur lesquelles on pouvait lire \u00ab\u00a0Non \u00e0 la d\u00e9tention administrative arbitraire\u00a0\u00bb.<\/p>\n<p style=\"text-align: justify\">\u00ab\u00a0Khader Adnane est devenu un symbole national, arabe et international, de d\u00e9fense de la dignit\u00e9 des hommes libres dans Le Monde entier\u00a0\u00bb, a d\u00e9clar\u00e9 le ministre \u00e0 l&rsquo;AFP.<\/p>\n<p style=\"text-align: justify\">\u00ab\u00a0Le Monde doit forcer Isra\u00ebl \u00e0 rendre leurs droits aux prisonniers palestiniens et \u00e0 les traiter comme des prisonniers de guerre et non pas comme des criminels\u00a0\u00bb, a-t-il ajout\u00e9.<\/p>\n<p style=\"text-align: justify\">Des rassemblements similaires se tenaient dans l&rsquo;ensemble des Territoires palestiniens, notamment \u00e0 Gaza, o\u00f9 un appel \u00e0 une gr\u00e8ve de la faim en solidarit\u00e9 avec le d\u00e9tenu de 08H00 \u00e0 18H00 locales a \u00e9t\u00e9 lanc\u00e9.<\/p>\n<p style=\"text-align: justify\">L&rsquo;avocat de Khader Adnane, Jawad Boulos, a annonc\u00e9 \u00e0 l&rsquo;AFP son intention de saisir la Cour supr\u00eame isra\u00e9lienne en raison de la d\u00e9gradation de l&rsquo;\u00e9tat de sant\u00e9 du d\u00e9tenu, dont la demande de remise en libert\u00e9 a \u00e9t\u00e9 rejet\u00e9e lundi par un tribunal militaire.<\/p>\n<p style=\"text-align: justify\">L&rsquo;avocat, qui lui a rendu visite mardi, a affirm\u00e9 que le d\u00e9tenu avait les mains et les pieds menott\u00e9s \u00e0 son lit d&rsquo;h\u00f4pital dans des \u00ab\u00a0conditions inhumaines\u00a0\u00bb.<\/p>\n<p style=\"text-align: justify\">L&rsquo;association M\u00e9decins pour les droits de l&rsquo;Homme-Isra\u00ebl (PHR-Israel) a soulign\u00e9 dans un communiqu\u00e9 que \u00ab\u00a0ces derniers jours, M. Adnane avait \u00e9t\u00e9 examin\u00e9 par un m\u00e9decin ind\u00e9pendant, un b\u00e9n\u00e9vole de PHR-Israel, qui a affirm\u00e9: &lsquo;L&rsquo;heure tourne'\u00a0\u00bb.<\/p>\n<p style=\"text-align: justify\">\u00ab\u00a0M. Adnane est toujours encha\u00een\u00e9 \u00e0 son lit d&rsquo;h\u00f4pital, en violation de l&rsquo;\u00e9thique m\u00e9dicale, des r\u00e9glementations du minist\u00e8re de la Sant\u00e9 et m\u00eame de celles de l&rsquo;administration p\u00e9nitentiaire isra\u00e9lienne\u00a0\u00bb, selon le texte.<\/p>\n<p style=\"text-align: justify\">Selon la loi isra\u00e9lienne, h\u00e9rit\u00e9e du mandat britannique, un suspect peut \u00eatre maintenu jusqu&rsquo;\u00e0 six mois sans inculpation en d\u00e9tention administrative, renouvelable ind\u00e9finiment.<\/p>\n<p style=\"text-align: justify\"><em>AFP, 15 f\u00e9vrier 2012<\/em><\/p>\n","protected":false},"excerpt":{"rendered":"<p>ndPN : Nous \u00e9voquions il y a deux jours le rejet par la \u00ab\u00a0justice\u00a0\u00bb militaire\u00a0isra\u00eblienne de la demande d&rsquo;appel du prisonnier Khader Adnane, en gr\u00e8ve de la faim depuis maintenant 60 jours (contrairement aux 30 jours mentionn\u00e9s dans la l\u00e9gende de la photo de l&rsquo;AFP dans l&rsquo;article ci-dessous). Adnane, tr\u00e8s affaibli,\u00a0est d\u00e9tenu dans des conditions &hellip; <a href=\"https:\/\/fa86.noblogs.org\/?p=3867\" class=\"more-link\">Continuer la lecture de <span class=\"screen-reader-text\">[Palestine] Manifestations pour Khader Adnane<\/span> <span class=\"meta-nav\">&rarr;<\/span><\/a><\/p>\n","protected":false},"author":2691,"featured_media":0,"comment_status":"open","ping_status":"open","sticky":false,"template":"","format":"standard","meta":{"footnotes":""},"categories":[20,9,11,16],"tags":[],"class_list":["post-3867","post","type-post","status-publish","format-standard","hentry","category-feu-aux-prisons","category-la-rue-grogne","category-ni-patrie-ni-frontiere","category-repression"],"_links":{"self":[{"href":"https:\/\/fa86.noblogs.org\/index.php?rest_route=\/wp\/v2\/posts\/3867","targetHints":{"allow":["GET"]}}],"collection":[{"href":"https:\/\/fa86.noblogs.org\/index.php?rest_route=\/wp\/v2\/posts"}],"about":[{"href":"https:\/\/fa86.noblogs.org\/index.php?rest_route=\/wp\/v2\/types\/post"}],"author":[{"embeddable":true,"href":"https:\/\/fa86.noblogs.org\/index.php?rest_route=\/wp\/v2\/users\/2691"}],"replies":[{"embeddable":true,"href":"https:\/\/fa86.noblogs.org\/index.php?rest_route=%2Fwp%2Fv2%2Fcomments&post=3867"}],"version-history":[{"count":3,"href":"https:\/\/fa86.noblogs.org\/index.php?rest_route=\/wp\/v2\/posts\/3867\/revisions"}],"predecessor-version":[{"id":3869,"href":"https:\/\/fa86.noblogs.org\/index.php?rest_route=\/wp\/v2\/posts\/3867\/revisions\/3869"}],"wp:attachment":[{"href":"https:\/\/fa86.noblogs.org\/index.php?rest_route=%2Fwp%2Fv2%2Fmedia&parent=3867"}],"wp:term":[{"taxonomy":"category","embeddable":true,"href":"https:\/\/fa86.noblogs.org\/index.php?rest_route=%2Fwp%2Fv2%2Fcategories&post=3867"},{"taxonomy":"post_tag","embeddable":true,"href":"https:\/\/fa86.noblogs.org\/index.php?rest_route=%2Fwp%2Fv2%2Ftags&post=3867"}],"curies":[{"name":"wp","href":"https:\/\/api.w.org\/{rel}","templated":true}]}}