{"id":3871,"date":"2012-02-15T17:51:18","date_gmt":"2012-02-15T16:51:18","guid":{"rendered":"http:\/\/fa86.noblogs.org\/?p=3871"},"modified":"2012-02-15T18:18:48","modified_gmt":"2012-02-15T17:18:48","slug":"au-sujet-des-statistiques-commandees-par-gueant-sur-la-delinquance-des-immigres","status":"publish","type":"post","link":"https:\/\/fa86.noblogs.org\/?p=3871","title":{"rendered":"Au sujet des statistiques command\u00e9es par Gu\u00e9ant sur la d\u00e9linquance des immigr\u00e9s."},"content":{"rendered":"<p style=\"text-align: justify\"><a href=\"https:\/\/fa86.noblogs.org\/files\/2012\/02\/THE-ARTIST-claude-gueant-Marine-le-pen3.jpg\"><img loading=\"lazy\" decoding=\"async\" class=\"alignleft size-medium wp-image-3879\" src=\"https:\/\/fa86.noblogs.org\/files\/2012\/02\/THE-ARTIST-claude-gueant-Marine-le-pen3-226x300.jpg\" alt=\"\" width=\"226\" height=\"300\" srcset=\"https:\/\/fa86.noblogs.org\/files\/2012\/02\/THE-ARTIST-claude-gueant-Marine-le-pen3-226x300.jpg 226w, https:\/\/fa86.noblogs.org\/files\/2012\/02\/THE-ARTIST-claude-gueant-Marine-le-pen3.jpg 620w\" sizes=\"auto, (max-width: 226px) 100vw, 226px\" \/><\/a><\/p>\n<p style=\"text-align: justify\">Il ne se passe plus une semaine sans une sortie r\u00e9pugnante du sinistre de l&rsquo;Int\u00e9rieur. Cet article AFP mentionne cette fois-ci une \u00ab\u00a0\u00e9tude\u00a0\u00bb sur la criminalit\u00e9 sp\u00e9cifique des immigr\u00e9-e-s, command\u00e9e par l&rsquo;ignoble Gu\u00e9ant. M\u00eame si sa conclusion vient temp\u00e9rer le discours naus\u00e9abond relat\u00e9, nous ne le diffusons que pour montrer le discours x\u00e9nophobe sous-jacent qui prolif\u00e8re actuellement en France, comme ailleurs h\u00e9las.<\/p>\n<p style=\"text-align: justify\">Selon cette \u00e9tude, 17,3% des vols seraient donc commis par des immigr\u00e9s, ce qui serait une\u00a0\u00ab\u00a0confirmation\u00a0\u00bb d&rsquo;une \u00ab\u00a0surrepr\u00e9sentation\u00a0\u00bb des \u00e9trangers dans la d\u00e9linquance, selon\u00a0Eric Ciotti, toujours aussi prompt \u00e0 soutenir la politique migratoire dudit Gu\u00e9ant.<\/p>\n<p style=\"text-align: justify\">Les donn\u00e9es statistiques de la d\u00e9linquance me font vomir, en particulier lorsqu&rsquo;elles \u00e9voquent un rapport avec l&rsquo;immigration&#8230; mais puisqu&rsquo;il faut \u00e0 mon sens\u00a0rel\u00e9guer ce genre de statistiques bien \u00ab\u00a0cibl\u00e9es\u00a0\u00bb \u00e0 ce qu&rsquo;elles sont, soit de la bonne grosse propagande x\u00e9nophobe pr\u00e9\u00e9lectorale, regardons les chiffres avec plus de pr\u00e9cision.<\/p>\n<p style=\"text-align: justify\">Les \u00ab\u00a0immigr\u00e9-e-s\u00a0\u00bb repr\u00e9sentent entre 8,3% et 11,1% de la population totale, selon qu&rsquo;on se rapporte \u00e0 la d\u00e9finition de l&rsquo;INSEE ou de l&rsquo;ONU. Il y aurait <em>donc<\/em> un rapport de un \u00e0 deux, pour les d\u00e9lits de vol commis, entre\u00a0les \u00ab\u00a0nationaux\u00a0\u00bb et les \u00ab\u00a0immigr\u00e9s\u00a0\u00bb ?<\/p>\n<p style=\"text-align: justify\">Sauf qu&rsquo;on oublie une \u00e9vidence, et un\u00a0autre chiffre qui va avec.<\/p>\n<p style=\"text-align: justify\">Le vol concerne en effet surtout <strong>les pauvres\u00a0<\/strong>(du moins le vol condamn\u00e9 par la \u00ab\u00a0justice\u00a0\u00bb fran\u00e7aise, qui n&rsquo;inclut pas le vol capitaliste de la plus-value par\u00a0la bourgeoisie, qui repr\u00e9sente des chiffres autrement plus cons\u00e9quents, mais dont ne parlera \u00e9videmment jamais Gu\u00e9ant).<\/p>\n<p style=\"text-align: justify\">Ainsi, les prisons enferment tr\u00e8s majoritairement des personnes\u00a0pour d\u00e9lits et crimes\u00a0relevant de\u00a0l&rsquo;atteinte aux biens d&rsquo;autrui et sans surprise, l&rsquo;immense majorit\u00e9 des personnes incarc\u00e9r\u00e9es est pauvre.\u00a0Le \u00ab\u00a0vol\u00a0\u00bb ne trouve pas ses origines dans les&#8230;\u00a0\u00ab\u00a0origines ethniques\u00a0\u00bb, mais dans la pauvret\u00e9, qui se renforce au sein d&rsquo;une soci\u00e9t\u00e9 violemment in\u00e9galitaire. Cela peut para\u00eetre \u00e9vident pour n&rsquo;importe quel sociologue, mais il fallait le rappeler.<\/p>\n<p style=\"text-align: justify\">Or\u00a0la population dite immigr\u00e9e conna\u00eet, selon l&rsquo;INSEE, <strong>un taux de pauvret\u00e9 d&rsquo;environ 36\u00a0%, soit un taux sup\u00e9rieur de 25 points \u00e0 celui de la population des m\u00e9nages non immigr\u00e9s<\/strong>.\u00a0A cela s&rsquo;ajoutent des conditions de vie, pour bien des immigr\u00e9s, plus d\u00e9plorables encore ;\u00a0notamment en termes de logement (concentr\u00e9 dans des zones urbaines\u00a0d&rsquo;exclusion sociale). Si l&rsquo;on suit ce rapport entre vol et pauvret\u00e9, sociologiquement bien plus pertinent que celui entre vol et \u00ab\u00a0origine\u00a0\u00bb comme on va le voir, les immigr\u00e9s pauvres sont environ 3% de la population totale, et les nationaux pauvres 10%.<\/p>\n<p style=\"text-align: justify\">C&rsquo;est-\u00e0-dire que pr\u00e8s d&rsquo;un pauvre sur trois est immigr\u00e9 en France.<\/p>\n<p style=\"text-align: justify\">Or les immigr\u00e9s ne sont pas \u00e0 l&rsquo;origine d&rsquo;un tiers\u00a0des vols commis, mais de 17%, selon l&rsquo;\u00e9tude.\u00a0<strong>C&rsquo;est-\u00e0-dire qu&rsquo;il y a math\u00e9matiquement plus de vols commis par des nationaux pauvres que par des immigr\u00e9s pauvres.<\/strong><\/p>\n<p style=\"text-align: justify\">Voil\u00e0 une analyse \u00e0 mes yeux inint\u00e9ressante au possible, tant le vol est \u00e0 mon sens compr\u00e9hensible, et m\u00eame l\u00e9gitime dans une soci\u00e9t\u00e9 aussi in\u00e9galitaire que la n\u00f4tre, et tant je me fous de \u00ab\u00a0l&rsquo;origine\u00a0\u00bb dans une analyse de classe de la soci\u00e9t\u00e9. Mais qui a au moins le m\u00e9rite de remettre \u00e0 leur place les promoteurs de la x\u00e9nophobie \u00e0 la sauce r\u00e9publicaine.<\/p>\n<p style=\"text-align: justify\">On ne s&rsquo;en \u00e9tonnera pas : les politicards flirtant avec la haine x\u00e9nophobe sont les m\u00eames qui m\u00e8nent une politique de guerre aux pauvres et de d\u00e9fense des privil\u00e8ges des riches. Face \u00e0 la col\u00e8re populaire contre les in\u00e9galit\u00e9s croissantes, ces bureaucrates de la gestion de la mis\u00e8re pr\u00e9f\u00e8rent diviser les pauvres et \u00e9voquer des raisons \u00ab\u00a0ethniques\u00a0\u00bb ou encore \u00ab\u00a0religieuses\u00a0\u00bb pour faire diversion, et justifier leur ordre s\u00e9curitaire. Fa\u00e7on odieuse de masquer leurs propres responsabilit\u00e9s dans la fabrique de la mis\u00e8re et de l&rsquo;injustice modernes.<\/p>\n<p style=\"text-align: justify\">On ne le dira jamais assez : ce sont l&rsquo;Etat et le capitalisme qui engendrent la mis\u00e8re, pas les \u00ab\u00a0immigr\u00e9s\u00a0\u00bb qui ne sont, pour leur immense majorit\u00e9, que des exploit\u00e9s comme les autres. Que les imb\u00e9ciles et les l\u00e2ches se rallient aux discours mensongers de leurs exploiteurs pour d\u00e9cha\u00eener leurs frustrations sur les franges les plus pr\u00e9caris\u00e9es de la population, c&rsquo;est une triste ritournelle historique. Quant \u00e0 nous, nous appelons \u00e0 lutter contre l&rsquo;exploitation capitaliste et ses sbires \u00e9tatistes.<\/p>\n<p style=\"text-align: justify\"><strong>Pas de guerre entre les peuples, pas de paix entre les classes !<\/strong><\/p>\n<p style=\"text-align: justify\"><em>Juanito, groupe Pavillon Noir (F\u00e9d\u00e9ration Anarchiste 86), 15 f\u00e9vrier 2012<\/em><\/p>\n<h2 style=\"text-align: justify\"><a href=\"http:\/\/actu.voila.fr\/actualites\/france\/2012\/02\/15\/delinquance-les-etrangers-mis-en-cause-dans-une-etude-a-2-mois-de-la-presidentielle_1955152.html\" target=\"_blank\">D\u00e9linquance: les \u00e9trangers mis en cause dans une \u00e9tude, \u00e0 2 mois de la pr\u00e9sidentielle<\/a><\/h2>\n<p style=\"text-align: justify\"><strong>Des \u00e9trangers ont \u00e9t\u00e9 mis en cause dans pr\u00e8s d&rsquo;un vol sur six en 2011 (17,3%, contre 12,8% en 2006), selon un rapport publi\u00e9 mercredi, jour de l&rsquo;annonce de la candidature \u00e0 la pr\u00e9sidentielle de Nicolas Sarkozy, dont l&rsquo;immigration devrait \u00eatre un axe de campagne.<\/strong><\/p>\n<p style=\"text-align: justify\">Selon cette \u00e9tude de l&rsquo;Observatoire national de la d\u00e9linquance et des r\u00e9ponses p\u00e9nales (ONDRP), command\u00e9e par le ministre de l&rsquo;Int\u00e9rieur Claude Gu\u00e9ant, sur pr\u00e8s de 306.000 \u00ab\u00a0mis en cause\u00a0\u00bb par la police et la gendarmerie en France, pour des vols ou d\u00e9gradations, 17,3% sont des \u00e9trangers.<\/p>\n<p style=\"text-align: justify\">Ce chiffre est rendu public au lendemain de l&rsquo;annonce de l&rsquo;examen le 1er mars \u00e0 l&rsquo;Assembl\u00e9e nationale d&rsquo;un projet de loi UMP inspir\u00e9 par la place Beauvau et tendant \u00e0 augmenter les expulsions d&rsquo;\u00e9trangers condamn\u00e9s. Depuis fin d\u00e9cembre, Claude Gu\u00e9ant pointe du doigt \u00ab\u00a0une d\u00e9linquance \u00e9trang\u00e8re sup\u00e9rieure \u00e0 la moyenne enregistr\u00e9e dans notre pays\u00a0\u00bb.<\/p>\n<p style=\"text-align: justify\">Aux yeux du Monsieur S\u00e9curit\u00e9 du candidat socialiste Fran\u00e7ois Hollande, Fran\u00e7ois Rebsamen, pour qui \u00ab\u00a0il n&rsquo;y a pas de hasard en politique\u00a0\u00bb, la publication de cette \u00e9tude, \u00e0 deux mois de la pr\u00e9sidentielle, \u00ab\u00a0imprime l&rsquo;entr\u00e9e en campagne de Nicolas Sarkozy d&rsquo;un parfum naus\u00e9abond\u00a0\u00bb.<\/p>\n<p style=\"text-align: justify\">Si l&rsquo;Int\u00e9rieur, contact\u00e9 par l&rsquo;AFP, n&rsquo;a pas imm\u00e9diatement r\u00e9agi, le d\u00e9put\u00e9 UMP Eric Ciotti a salu\u00e9 la \u00ab\u00a0confirmation\u00a0\u00bb d&rsquo;une \u00ab\u00a0surrepr\u00e9sentation\u00a0\u00bb des \u00e9trangers, notamment des Roumains, dans la d\u00e9linquance. A ses yeux, ce travail \u00ab\u00a0balaie la pol\u00e9mique un peu ridicule apr\u00e8s le discours de Grenoble\u00a0\u00bb, prononc\u00e9 \u00e0 l&rsquo;\u00e9t\u00e9 2010 par Nicolas Sarkozy. Le chef de l&rsquo;Etat y \u00e9tablissait pour la premi\u00e8re fois un lien entre d\u00e9linquance et immigration.<\/p>\n<p style=\"text-align: justify\">Louis Aliot, vice-pr\u00e9sident du FN, a salu\u00e9 le fait que, pour \u00ab\u00a0la premi\u00e8re fois\u00a0\u00bb, \u00ab\u00a0un organisme officiel pointe la corr\u00e9lation\u00a0\u00bb entre \u00ab\u00a0immigration et ins\u00e9curit\u00e9\u00a0\u00bb et \u00ab\u00a0ouvre les yeux de tous nos compatriotes sur les m\u00e9faits d\u2019une immigration massive et incontr\u00f4l\u00e9e\u00a0\u00bb.<\/p>\n<p style=\"text-align: justify\">L&rsquo;\u00e9tude d\u00e9taille la \u00ab\u00a0part des \u00e9trangers\u00a0\u00bb dans plusieurs cat\u00e9gories d&rsquo;infractions, \u00e0 partir des statistiques officielles.<\/p>\n<p style=\"text-align: justify\">Pour les violences aux personnes par exemple, point noir depuis quelques ann\u00e9es, elle est de 12,4%, un chiffre en baisse par rapport \u00e0 2006 (14,2%). Pour les atteintes aux biens, elle est en revanche en hausse (12,8% \u00e0 17,3%).<\/p>\n<p style=\"text-align: justify\">Sur la base de deux fichiers de police et de gendarmerie, le Stic et la BNSD, l&rsquo;ONDRP a \u00e9galement tent\u00e9 de d\u00e9finir l&rsquo;\u00e2ge, le sexe et la nationalit\u00e9 des \u00e9trangers \u00ab\u00a0mis en cause\u00a0\u00bb entre 2008 et 2010.<\/p>\n<p style=\"text-align: justify\">D&rsquo;apr\u00e8s le Stic -un fichier contest\u00e9, notamment par la Commission nationale de l&rsquo;informatique et des libert\u00e9s (Cnil)-, le nombre de Roumains a \u00ab\u00a0plus que doubl\u00e9\u00a0\u00bb pour cette p\u00e9riode. Il a augment\u00e9 \u00ab\u00a0de pr\u00e8s de 95%\u00a0\u00bb, selon la BNSD.<\/p>\n<p style=\"text-align: justify\">\u00ab\u00a0Le nombre de personnes de nationalit\u00e9s de l&rsquo;ex-Yougoslavie mises en cause pour vols s&rsquo;est accru de plus de 65%\u00a0\u00bb pour la police, \u00ab\u00a0de plus de 90%\u00a0\u00bb pour les gendarmes.<\/p>\n<p style=\"text-align: justify\">Selon le Stic, il y a une augmentation globale d&rsquo;environ 40% du nombre d&rsquo;\u00e9trangers \u00ab\u00a0mis en cause\u00a0\u00bb par la police sur cette p\u00e9riode. Cette \u00ab\u00a0tendance \u00e0 la hausse\u00a0\u00bb concerne aussi \u00ab\u00a0les mis en cause pour vols d&rsquo;autres nationalit\u00e9s\u00a0\u00bb, affirme l&rsquo;ONDRP, citant les Alg\u00e9riens ou les Tunisiens.<\/p>\n<p style=\"text-align: justify\">En 2010, selon la Chancellerie, 79.829 des 628.039 condamnations ont \u00e9t\u00e9 prononc\u00e9es contre des \u00e9trangers (y compris de l&rsquo;UE), soit une part de 12,7%. Dans son recensement de 2008, l&rsquo;Insee estime que les \u00e9trangers en situation r\u00e9guli\u00e8re repr\u00e9sentent un peu moins de 6% de la population fran\u00e7aise totale.<\/p>\n<p style=\"text-align: justify\">Le criminologue Alain Bauer, pr\u00e9sident de l&rsquo;ONDRP, comme d&rsquo;autres sociologues tel S\u00e9bastian Roch\u00e9 (CNRS), mettent en garde contre \u00ab\u00a0l&rsquo;interpr\u00e9tation\u00a0\u00bb des chiffres. Pour S\u00e9bastian Roch\u00e9, ils peuvent conduire \u00e0 comparer \u00ab\u00a0deux populations qui ne sont pas comparables\u00a0\u00bb, les \u00e9trangers \u00e9tant \u00ab\u00a0plus pauvres\u00a0\u00bb, \u00ab\u00a0plus urbains\u00a0\u00bb et dot\u00e9s d'\u00a0\u00bbun niveau scolaire plus faible\u00a0\u00bb.<\/p>\n<p style=\"text-align: justify\"><em>AFP, 15 f\u00e9vrier 2012<\/em><\/p>\n","protected":false},"excerpt":{"rendered":"<p>Il ne se passe plus une semaine sans une sortie r\u00e9pugnante du sinistre de l&rsquo;Int\u00e9rieur. Cet article AFP mentionne cette fois-ci une \u00ab\u00a0\u00e9tude\u00a0\u00bb sur la criminalit\u00e9 sp\u00e9cifique des immigr\u00e9-e-s, command\u00e9e par l&rsquo;ignoble Gu\u00e9ant. M\u00eame si sa conclusion vient temp\u00e9rer le discours naus\u00e9abond relat\u00e9, nous ne le diffusons que pour montrer le discours x\u00e9nophobe sous-jacent qui &hellip; <a href=\"https:\/\/fa86.noblogs.org\/?p=3871\" class=\"more-link\">Continuer la lecture de <span class=\"screen-reader-text\">Au sujet des statistiques command\u00e9es par Gu\u00e9ant sur la d\u00e9linquance des immigr\u00e9s.<\/span> <span class=\"meta-nav\">&rarr;<\/span><\/a><\/p>\n","protected":false},"author":2691,"featured_media":0,"comment_status":"open","ping_status":"open","sticky":false,"template":"","format":"standard","meta":{"footnotes":""},"categories":[21,11],"tags":[],"class_list":["post-3871","post","type-post","status-publish","format-standard","hentry","category-desinformation-bourgeoise","category-ni-patrie-ni-frontiere"],"_links":{"self":[{"href":"https:\/\/fa86.noblogs.org\/index.php?rest_route=\/wp\/v2\/posts\/3871","targetHints":{"allow":["GET"]}}],"collection":[{"href":"https:\/\/fa86.noblogs.org\/index.php?rest_route=\/wp\/v2\/posts"}],"about":[{"href":"https:\/\/fa86.noblogs.org\/index.php?rest_route=\/wp\/v2\/types\/post"}],"author":[{"embeddable":true,"href":"https:\/\/fa86.noblogs.org\/index.php?rest_route=\/wp\/v2\/users\/2691"}],"replies":[{"embeddable":true,"href":"https:\/\/fa86.noblogs.org\/index.php?rest_route=%2Fwp%2Fv2%2Fcomments&post=3871"}],"version-history":[{"count":8,"href":"https:\/\/fa86.noblogs.org\/index.php?rest_route=\/wp\/v2\/posts\/3871\/revisions"}],"predecessor-version":[{"id":3873,"href":"https:\/\/fa86.noblogs.org\/index.php?rest_route=\/wp\/v2\/posts\/3871\/revisions\/3873"}],"wp:attachment":[{"href":"https:\/\/fa86.noblogs.org\/index.php?rest_route=%2Fwp%2Fv2%2Fmedia&parent=3871"}],"wp:term":[{"taxonomy":"category","embeddable":true,"href":"https:\/\/fa86.noblogs.org\/index.php?rest_route=%2Fwp%2Fv2%2Fcategories&post=3871"},{"taxonomy":"post_tag","embeddable":true,"href":"https:\/\/fa86.noblogs.org\/index.php?rest_route=%2Fwp%2Fv2%2Ftags&post=3871"}],"curies":[{"name":"wp","href":"https:\/\/api.w.org\/{rel}","templated":true}]}}