{"id":3928,"date":"2012-02-16T18:53:08","date_gmt":"2012-02-16T17:53:08","guid":{"rendered":"http:\/\/fa86.noblogs.org\/?p=3928"},"modified":"2012-02-17T17:13:51","modified_gmt":"2012-02-17T16:13:51","slug":"honduras-incendie-au-penitencier-la-police-aurait-tire-sur-les-prevenus-au-lieu-de-les-aider","status":"publish","type":"post","link":"https:\/\/fa86.noblogs.org\/?p=3928","title":{"rendered":"[Honduras] Incendie au p\u00e9nitencier : la police aurait tir\u00e9 sur les pr\u00e9venus au lieu de les aider"},"content":{"rendered":"<h2 style=\"text-align: justify\"><a href=\"http:\/\/www.rfi.fr\/ameriques\/20120216-honduras-incendie-penitencier-fait-364-morts\" target=\"_blank\">Honduras : l&rsquo;incendie dans le p\u00e9nitencier \u00e0 Comayaga a fait 364 morts<\/a><\/h2>\n<p style=\"text-align: justify\">L&rsquo;incendie qui a ravag\u00e9 une prison \u00e0 Comayaga au Honduras, \u00e0 une centaine de kilom\u00e8tres au nord de la capitale Tegucigalpa a fait 364 morts. Une prison\u00a0qui h\u00e9bergeait presque 900 d\u00e9tenus, soit le double de sa capacit\u00e9. Il s&rsquo;agit apparemment d&rsquo;un incendie accidentel, et pas d&rsquo;une mutinerie. Mais personne, semble-t-il, n&rsquo;est venu en aide aux prisonniers, <strong>bien au contraire<\/strong>.<\/p>\n<p style=\"text-align: justify\"><em>Avec notre envoy\u00e9 sp\u00e9cial<\/em> \u00e0 <em>Comayaga<\/em>, Patrice Gouy<\/p>\n<div>\n<div>\n<p style=\"text-align: justify\">Selon un film vid\u00e9o amateur envoy\u00e9 \u00e0 la presse, <strong>la police aurait tir\u00e9 des coups de feu contre les d\u00e9tenus plut\u00f4t que de les aider alors que l\u2019incendie se propageait dans la prison. Certains gardiens ont refus\u00e9 d\u2019ouvrir les grilles des cellules, abandonnant les prisonniers \u00e0 leur sort.<\/strong><\/p>\n<div style=\"text-align: justify\"><img loading=\"lazy\" decoding=\"async\" src=\"http:\/\/www.rfi.fr\/sites\/filesrfi\/imagecache\/rfi_43_large\/sites\/images.rfi.fr\/files\/aef_image\/2012-02-15T132258Z_622443108_GM1E82F1NMY01_RTRMADP_2_HONDURAS-FIRE-TOLL_0.JPG\" alt=\"\" width=\"344\" height=\"257\" \/><\/p>\n<div>\n<div>\n<div>REUTERS\/Stringer<\/div>\n<\/div>\n<\/div>\n<\/div>\n<p style=\"text-align: justify\">La Commission interam\u00e9ricaine des droits de l\u2019homme a annonc\u00e9 l\u2019envoi d\u2019une d\u00e9l\u00e9gation pour enqu\u00eater sur les raisons de cet incendie. L\u2019hypoth\u00e8se du court-circuit est retenue n\u00e9anmoins, le maire de la ville, Paola Castro a d\u00e9clar\u00e9 avoir re\u00e7u l\u2019appel d\u2019un prisonnier qui lui a dit : \u00ab<em> Il va y avoir un incendie dans la prison et nous allons tous mourir carbonis\u00e9<\/em>\u00bb.<\/p>\n<p style=\"text-align: justify\">Elle a aussit\u00f4t pr\u00e9venu les pompiers <strong>qui n\u2019ont pu acc\u00e9der aux b\u00e2timents compte tenu des mesures de s\u00e9curit\u00e9<\/strong>. Les familles de prisonniers refusant que les corps des victimes soient transport\u00e9s \u00e0 Tegucigalpa, la capitale, <strong>ont d\u00e9fonc\u00e9 la porte du p\u00e9nitencier et se sont affront\u00e9es aux agents de s\u00e9curit\u00e9<\/strong>.<\/p>\n<p style=\"text-align: justify\">Le pr\u00e9sident Jos\u00e9 Lobo a promis une aide \u00e9conomique \u00e0 toutes les familles des victimes pour r\u00e9gler les frais d\u2019enterrement.<\/p>\n<p style=\"text-align: justify\"><em>RFI, 16 f\u00e9vrier 2012<\/em><\/p>\n<p style=\"text-align: justify\"><strong><em>mise \u00e0 jour : <a href=\"http:\/\/www.rfi.fr\/ameriques\/20120216-une-incendie-dramatique-une-prison-honduras\" target=\"_blank\">le t\u00e9moignage d&rsquo;un rescap\u00e9<\/a><\/em><\/strong><\/p>\n<\/div>\n<\/div>\n","protected":false},"excerpt":{"rendered":"<p>Honduras : l&rsquo;incendie dans le p\u00e9nitencier \u00e0 Comayaga a fait 364 morts L&rsquo;incendie qui a ravag\u00e9 une prison \u00e0 Comayaga au Honduras, \u00e0 une centaine de kilom\u00e8tres au nord de la capitale Tegucigalpa a fait 364 morts. Une prison\u00a0qui h\u00e9bergeait presque 900 d\u00e9tenus, soit le double de sa capacit\u00e9. Il s&rsquo;agit apparemment d&rsquo;un incendie accidentel, &hellip; <a href=\"https:\/\/fa86.noblogs.org\/?p=3928\" class=\"more-link\">Continuer la lecture de <span class=\"screen-reader-text\">[Honduras] Incendie au p\u00e9nitencier : la police aurait tir\u00e9 sur les pr\u00e9venus au lieu de les aider<\/span> <span class=\"meta-nav\">&rarr;<\/span><\/a><\/p>\n","protected":false},"author":2691,"featured_media":0,"comment_status":"open","ping_status":"open","sticky":false,"template":"","format":"standard","meta":{"footnotes":""},"categories":[9,11,16],"tags":[],"class_list":["post-3928","post","type-post","status-publish","format-standard","hentry","category-la-rue-grogne","category-ni-patrie-ni-frontiere","category-repression"],"_links":{"self":[{"href":"https:\/\/fa86.noblogs.org\/index.php?rest_route=\/wp\/v2\/posts\/3928","targetHints":{"allow":["GET"]}}],"collection":[{"href":"https:\/\/fa86.noblogs.org\/index.php?rest_route=\/wp\/v2\/posts"}],"about":[{"href":"https:\/\/fa86.noblogs.org\/index.php?rest_route=\/wp\/v2\/types\/post"}],"author":[{"embeddable":true,"href":"https:\/\/fa86.noblogs.org\/index.php?rest_route=\/wp\/v2\/users\/2691"}],"replies":[{"embeddable":true,"href":"https:\/\/fa86.noblogs.org\/index.php?rest_route=%2Fwp%2Fv2%2Fcomments&post=3928"}],"version-history":[{"count":3,"href":"https:\/\/fa86.noblogs.org\/index.php?rest_route=\/wp\/v2\/posts\/3928\/revisions"}],"predecessor-version":[{"id":3930,"href":"https:\/\/fa86.noblogs.org\/index.php?rest_route=\/wp\/v2\/posts\/3928\/revisions\/3930"}],"wp:attachment":[{"href":"https:\/\/fa86.noblogs.org\/index.php?rest_route=%2Fwp%2Fv2%2Fmedia&parent=3928"}],"wp:term":[{"taxonomy":"category","embeddable":true,"href":"https:\/\/fa86.noblogs.org\/index.php?rest_route=%2Fwp%2Fv2%2Fcategories&post=3928"},{"taxonomy":"post_tag","embeddable":true,"href":"https:\/\/fa86.noblogs.org\/index.php?rest_route=%2Fwp%2Fv2%2Ftags&post=3928"}],"curies":[{"name":"wp","href":"https:\/\/api.w.org\/{rel}","templated":true}]}}