{"id":4198,"date":"2012-02-23T08:59:03","date_gmt":"2012-02-23T07:59:03","guid":{"rendered":"http:\/\/fa86.noblogs.org\/?p=4198"},"modified":"2012-02-23T08:59:27","modified_gmt":"2012-02-23T07:59:27","slug":"la-reunion-les-reappropriations-et-affrontements-contre-les-flics-setendent","status":"publish","type":"post","link":"https:\/\/fa86.noblogs.org\/?p=4198","title":{"rendered":"[La R\u00e9union] Les r\u00e9appropriations et affrontements contre les flics s&rsquo;\u00e9tendent"},"content":{"rendered":"<h2 style=\"text-align: justify\"><a href=\"http:\/\/actu.voila.fr\/actualites\/france\/2012\/02\/23\/la-reunion-les-violences-s-etendent_2219014.html\" target=\"_blank\">La R\u00e9union : les violences s&rsquo;\u00e9tendent<\/a><\/h2>\n<p style=\"text-align: justify\"><strong>Les violences du quartier du Chaudron \u00e0 Saint-Denis se sont \u00e9tendues mercredi soir aux communes du Port et de Saint-Beno\u00eet o\u00f9 des affrontements ont oppos\u00e9 forces de l&rsquo;ordre \u00e0 des groupes de jeunes qui ont vandalis\u00e9 une grande surface, a-t-on appris aupr\u00e8s de la pr\u00e9fecture.<\/strong><\/p>\n<p style=\"text-align: justify\"><img loading=\"lazy\" decoding=\"async\" src=\"http:\/\/actu.voila.fr\/images\/356x200\/2012\/02\/23\/81_photo_1329975647293-1-0.jpg\" alt=\"Policiers anti-\u00e9meutes le 22 f\u00e9vrier 2012 dans le quartier du Chaudron \u00e0 La R\u00e9union\" width=\"360\" height=\"200\" \/><\/p>\n<div style=\"text-align: justify\">\n<p><em>Policiers anti-\u00e9meutes le 22 f\u00e9vrier 2012 dans le quartier du Chaudron \u00e0 La R\u00e9union<\/em><\/p>\n<\/div>\n<p style=\"text-align: justify\">Les troubles se sont amplifi\u00e9s \u00e0 23H00 heures locales (20H00 \u00e0 Paris) \u00e0 la R\u00e9union, s&rsquo;\u00e9tendant aux communes du Port (ouest de l&rsquo;\u00eele), \u00e0 une vingtaine de kilom\u00e8tres de Saint-Denis, et de Saint-Beno\u00eet (est).<\/p>\n<p style=\"text-align: justify\">\u00ab\u00a0Une centaine de jeunes ont pu \u00e9ventrer les rideaux d&rsquo;une grande surface \u00e0 Saint-Beno\u00eet et p\u00e9n\u00e9trer \u00e0 l&rsquo;int\u00e9rieur pour la piller\u00a0\u00bb, a d\u00e9clar\u00e9 \u00e0 l&rsquo;AFP le directeur de cabinet du pr\u00e9fet, Beno\u00eet Huber.<\/p>\n<p style=\"text-align: justify\">Selon des riverains, un h\u00e9licopt\u00e8re survolait le site, braquant ses projecteurs sur les casseurs parmi lesquels se trouvaient des femmes. Des barrages constitu\u00e9s de branchages et de poubelles en feu interdisaient la circulation dans le centre-ville.<\/p>\n<p style=\"text-align: justify\">Au Port, des jeunes, dont certains munis de barre de fer, ont affront\u00e9 les gendarmes dans les rues de la ville. Un groupe a r\u00e9ussi \u00e0 p\u00e9n\u00e9trer dans une concession automobile Peugeot o\u00f9 trois v\u00e9hicules ont \u00e9t\u00e9 incendi\u00e9s, selon M. Huber. Des feux ont \u00e9t\u00e9 allum\u00e9s sur certains axes routiers.<\/p>\n<p style=\"text-align: justify\">Au Chaudron, \u00e0 Saint-Denis, environ 200 jeunes cagoul\u00e9s continuaient \u00e0 harceler \u00e0 coups de pierres les gendarmes mobiles prot\u00e9geant la grande surface Jumbo Score, situ\u00e9e au coeur du quartier et principale cible des \u00e9meutiers. Le bruit sourd des grenades assourdissantes \u00e9tait entendu dans toute la ville.<\/p>\n<p style=\"text-align: justify\">Un snack a \u00e9t\u00e9 vandalis\u00e9 et des d\u00e9gradations commises sur les fa\u00e7ades de plusieurs commerces, a indiqu\u00e9 le directeur de cabinet du pr\u00e9fet. Les policiers avaient proc\u00e9d\u00e9 \u00e0 9 interpellations depuis le d\u00e9but de la soir\u00e9e mercredi. Des poubelles, du mobilier urbain ainsi qu&rsquo;un container situ\u00e9 \u00e0 proximit\u00e9 d&rsquo;un centre culturel ont \u00e9t\u00e9 incendi\u00e9s.<\/p>\n<p style=\"text-align: justify\">Elus et responsables de l&rsquo;\u00eele semblent d\u00e9sempar\u00e9s face \u00e0 une situation sociale explosive et des revendications quasi impossibles \u00e0 satisfaire sur le co\u00fbt de la vie et le prix de l&rsquo;essence.<\/p>\n<p style=\"text-align: justify\">AFP, 23 f\u00e9vrier 2012<\/p>\n","protected":false},"excerpt":{"rendered":"<p>La R\u00e9union : les violences s&rsquo;\u00e9tendent Les violences du quartier du Chaudron \u00e0 Saint-Denis se sont \u00e9tendues mercredi soir aux communes du Port et de Saint-Beno\u00eet o\u00f9 des affrontements ont oppos\u00e9 forces de l&rsquo;ordre \u00e0 des groupes de jeunes qui ont vandalis\u00e9 une grande surface, a-t-on appris aupr\u00e8s de la pr\u00e9fecture. Policiers anti-\u00e9meutes le 22 &hellip; <a href=\"https:\/\/fa86.noblogs.org\/?p=4198\" class=\"more-link\">Continuer la lecture de <span class=\"screen-reader-text\">[La R\u00e9union] Les r\u00e9appropriations et affrontements contre les flics s&rsquo;\u00e9tendent<\/span> <span class=\"meta-nav\">&rarr;<\/span><\/a><\/p>\n","protected":false},"author":2691,"featured_media":0,"comment_status":"open","ping_status":"open","sticky":false,"template":"","format":"standard","meta":{"footnotes":""},"categories":[9,12,16],"tags":[],"class_list":["post-4198","post","type-post","status-publish","format-standard","hentry","category-la-rue-grogne","category-okupa-y-resiste","category-repression"],"_links":{"self":[{"href":"https:\/\/fa86.noblogs.org\/index.php?rest_route=\/wp\/v2\/posts\/4198","targetHints":{"allow":["GET"]}}],"collection":[{"href":"https:\/\/fa86.noblogs.org\/index.php?rest_route=\/wp\/v2\/posts"}],"about":[{"href":"https:\/\/fa86.noblogs.org\/index.php?rest_route=\/wp\/v2\/types\/post"}],"author":[{"embeddable":true,"href":"https:\/\/fa86.noblogs.org\/index.php?rest_route=\/wp\/v2\/users\/2691"}],"replies":[{"embeddable":true,"href":"https:\/\/fa86.noblogs.org\/index.php?rest_route=%2Fwp%2Fv2%2Fcomments&post=4198"}],"version-history":[{"count":3,"href":"https:\/\/fa86.noblogs.org\/index.php?rest_route=\/wp\/v2\/posts\/4198\/revisions"}],"predecessor-version":[{"id":4201,"href":"https:\/\/fa86.noblogs.org\/index.php?rest_route=\/wp\/v2\/posts\/4198\/revisions\/4201"}],"wp:attachment":[{"href":"https:\/\/fa86.noblogs.org\/index.php?rest_route=%2Fwp%2Fv2%2Fmedia&parent=4198"}],"wp:term":[{"taxonomy":"category","embeddable":true,"href":"https:\/\/fa86.noblogs.org\/index.php?rest_route=%2Fwp%2Fv2%2Fcategories&post=4198"},{"taxonomy":"post_tag","embeddable":true,"href":"https:\/\/fa86.noblogs.org\/index.php?rest_route=%2Fwp%2Fv2%2Ftags&post=4198"}],"curies":[{"name":"wp","href":"https:\/\/api.w.org\/{rel}","templated":true}]}}