{"id":4202,"date":"2012-02-23T09:13:22","date_gmt":"2012-02-23T08:13:22","guid":{"rendered":"http:\/\/fa86.noblogs.org\/?p=4202"},"modified":"2012-02-23T09:13:22","modified_gmt":"2012-02-23T08:13:22","slug":"poitiers-la-coordination-pour-la-sortie-du-nucleaire-reclame-des-etudes-sanitaires","status":"publish","type":"post","link":"https:\/\/fa86.noblogs.org\/?p=4202","title":{"rendered":"[Poitiers] La coordination pour la sortie du nucl\u00e9aire r\u00e9clame des \u00e9tudes sanitaires"},"content":{"rendered":"<h2 style=\"text-align: justify\"><a href=\"http:\/\/www.lanouvellerepublique.fr\/Vienne\/Actualite\/Environnement\/n\/Contenus\/Articles\/2012\/02\/23\/Le-nucleaire-nuit-il-a-la-sante-publique\" target=\"_blank\">Le nucl\u00e9aire nuit-il \u00e0 la sant\u00e9 publique ?<\/a><\/h2>\n<p style=\"text-align: justify\">La coordination pour la sortie du nucl\u00e9aire profite de la r\u00e9cente fuite de tritium \u00e0 Civaux pour r\u00e9clamer des \u00e9tudes sur l\u2019impact de l\u2019industrie nucl\u00e9aire.<\/p>\n<div>\n<p style=\"text-align: justify\"><a title=\"Comme d'autres membres de la coordination, le Poitevin Damien Crapiz a particip\u00e9 \u00e0 la vigie devant le si\u00e8ge de l'OMS au d\u00e9but du mois.\" href=\"http:\/\/www.lanouvellerepublique.fr\/var\/nrv2\/storage\/images\/contenus\/articles\/2012\/02\/23\/le-nucleaire-nuit-il-a-la-sante-publique\/16218539-1-fre-FR\/Le-nucleaire-nuit-il-a-la-sante-publique_reference.jpg\" target=\"_blank\"><img loading=\"lazy\" decoding=\"async\" src=\"http:\/\/www.lanouvellerepublique.fr\/var\/nrv2\/storage\/images\/contenus\/articles\/2012\/02\/23\/le-nucleaire-nuit-il-a-la-sante-publique\/16218539-1-fre-FR\/Le-nucleaire-nuit-il-a-la-sante-publique_image_article_large.jpg\" alt=\"Comme d'autres membres de la coordination, le Poitevin Damien Crapiz a particip\u00e9 \u00e0 la vigie devant le si\u00e8ge de l'OMS au d\u00e9but du mois.\" width=\"488\" height=\"294\" \/> <\/a><\/p>\n<div>\u00a0<\/div>\n<p style=\"text-align: justify\"><em>Comme d&rsquo;autres membres de la coordination, le Poitevin Damien Crapiz a particip\u00e9 \u00e0 la vigie devant le si\u00e8ge de l&rsquo;OMS au d\u00e9but du mois.<\/em><em><a href=\"http:\/\/memorix.sdv.fr\/5c\/www.lanouvellerepublique.fr\/actualite\/environnement_articles\/86\/montmorillon\/86077\/410421376\/Position1\/SDV_LNRCO\/default\/empty.gif\/5575556e55553946377830414471384c\" target=\"_blank\"><img loading=\"lazy\" decoding=\"async\" src=\"http:\/\/memorix.sdv.fr\/5\/www.lanouvellerepublique.fr\/actualite\/environnement_articles\/86\/montmorillon\/86077\/410421376\/Position1\/SDV_LNRCO\/default\/empty.gif\/5575556e55553946377830414471384c?\" alt=\"\" width=\"1\" height=\"1\" border=\"0\" \/><\/a><\/em><\/p>\n<div>\n<p style=\"text-align: justify\">Nicolas Bourmeyster bondit quand il entend le directeur de la centrale nucl\u00e9aire de Civaux d\u00e9clarer que la r\u00e9cente fuite de tritium n&rsquo;a pas eu d&rsquo;impact sanitaire. \u00ab\u00a0<em>Il n&rsquo;est aucunement qualifi\u00e9 pour affirmer cela\u2009; moi-m\u00eame je n&rsquo;en sais rien\u00a0<\/em>\u00bb, explique ce chercheur poitevin du CNRS qui \u00e9tudie particuli\u00e8rement les leuc\u00e9mies. \u00ab\u00a0<em>Les concentrations peuvent se faire de mani\u00e8re sournoise\u2026 Le probl\u00e8me, c&rsquo;est justement qu&rsquo;il n&rsquo;existe aucune \u00e9tude officielle pour mesurer l&rsquo;impact de l&rsquo;activit\u00e9 nucl\u00e9aire sur la sant\u00e9 publique <\/em>!\u00a0\u00bb<\/p>\n<p style=\"text-align: justify\">Constitu\u00e9e il y a pr\u00e8s d&rsquo;un an, au lendemain de la catastrophe de Fukushima, la coordination de la Vienne pour la sortie du nucl\u00e9aire profite de l&rsquo;\u00e9motion suscit\u00e9e localement par l&rsquo;incident survenu le mois dernier \u00e0 la centrale de Civaux pour interpeller l&rsquo;opinion sur les cons\u00e9quences de l&rsquo;industrie nucl\u00e9aire sur la sant\u00e9. \u00ab\u00a0<em>On sent clairement, depuis cette fuite de tritium, que les gens sont plus r\u00e9ceptifs quand on distribue des tracts ou que l&rsquo;on manifeste\u00a0<\/em>\u00bb, pr\u00e9cise Myriam Rossignol, du NPA. \u00ab\u00a0<em>Cela est \u00e9galement vrai \u00e0 la commission locale d&rsquo;information depuis Fukushima\u00a0<\/em>\u00bb, confirme Jacques Terracher. \u00ab\u00a0<em>L&rsquo;Autorit\u00e9 de s\u00fbret\u00e9 nucl\u00e9aire commence m\u00eame \u00e0 d\u00e9noncer les probl\u00e8mes.\u00a0<\/em>\u00bb Le repr\u00e9sentant de l&rsquo;Association pour la coh\u00e9rence environnementale en Vienne qui s&rsquo;inqui\u00e8te pour la sant\u00e9 des habitants de Ch\u00e2tellerault qui boivent l&rsquo;eau de la Vienne en aval de la centrale de Civaux plaide pour la publication de registres du cancer dans chaque d\u00e9partement.<\/p>\n<p style=\"text-align: justify\"><strong>\u00ab\u00a0\u2009Pas un mal n\u00e9cessaire\u2009\u00a0\u00bb<\/strong><\/p>\n<p style=\"text-align: justify\">Plus largement, Nicolas Bourmeyster juge \u00ab\u00a0<em>grave\u00a0<\/em>\u00bb pour la sant\u00e9 publique que des \u00e9tudes ne soient pas men\u00e9es pour \u00e9tudier le lien entre les cancers et le nucl\u00e9aire\u2009: \u00ab\u00a0<em>On ne peut pas consid\u00e9rer qu&rsquo;on est en confiance avec un syst\u00e8me qui ne nous dit pas tout. On a l&rsquo;impression que c&rsquo;est un mal n\u00e9cessaire parce que le nucl\u00e9aire est incontournable. Ce n&rsquo;est pas vrai.\u00a0<\/em>\u00bb Plusieurs membres de la coordination ont d&rsquo;ailleurs pris part, encore tout r\u00e9cemment, \u00e0 l&rsquo;action de vigilance silencieuse men\u00e9e en permanence devant le si\u00e8ge de l&rsquo;Organisation mondiale de la sant\u00e9 \u00e0 Gen\u00e8ve. Ils appellent aussi \u00e0 manifester devant Notre-Dame-la-Grande, \u00e0 Poitiers, le 10\u00a0mars \u00e0 10\u2009h\u200930. Parce que le ministre de l&rsquo;Industrie, Eric Besson, est attendu \u00e0 la m\u00eame heure \u00e0 Civaux\u2009? Non, pour comm\u00e9morer la catastrophe de Fukushima \u00e0 la veille de la date anniversaire.<\/p>\n<p style=\"text-align: justify\">en savoir plus<\/p>\n<p style=\"text-align: justify\"><strong>Plus de leuc\u00e9mies autour des centrales<\/strong><\/p>\n<p style=\"text-align: justify\">La r\u00e9cente enqu\u00eate de l&rsquo;Inserm sur la fr\u00e9quence importante des leuc\u00e9mies chez l&rsquo;enfant autour des centrales nucl\u00e9aires fran\u00e7aises entre\u00a02002\u00a0et\u00a02007\u00a0a retenu l&rsquo;attention des partisans de la sortie du nucl\u00e9aire. \u00ab\u00a0Elle vient confirmer le bien-fond\u00e9 de nos craintes\u00a0\u00bb, estime Fran\u00e7oise Chanial. \u00ab\u00a0L\u00e0 o\u00f9 on attendait 7,4\u00a0cas de leuc\u00e9mie, les chercheurs en ont d\u00e9nombr\u00e9 14, soit un quasi-doublement. Pourquoi n&rsquo;y a-t-il pas de suivi \u00e9pid\u00e9miologique autour des centrales\u2009?\u00a0\u00bb<\/p>\n<p style=\"text-align: justify\"><em>Nouvelle R\u00e9publique, Baptiste Bize, 23 f\u00e9vrier 2012<\/em><\/p>\n<\/div>\n<\/div>\n","protected":false},"excerpt":{"rendered":"<p>Le nucl\u00e9aire nuit-il \u00e0 la sant\u00e9 publique ? La coordination pour la sortie du nucl\u00e9aire profite de la r\u00e9cente fuite de tritium \u00e0 Civaux pour r\u00e9clamer des \u00e9tudes sur l\u2019impact de l\u2019industrie nucl\u00e9aire. \u00a0 Comme d&rsquo;autres membres de la coordination, le Poitevin Damien Crapiz a particip\u00e9 \u00e0 la vigie devant le si\u00e8ge de l&rsquo;OMS au &hellip; <a href=\"https:\/\/fa86.noblogs.org\/?p=4202\" class=\"more-link\">Continuer la lecture de <span class=\"screen-reader-text\">[Poitiers] La coordination pour la sortie du nucl\u00e9aire r\u00e9clame des \u00e9tudes sanitaires<\/span> <span class=\"meta-nav\">&rarr;<\/span><\/a><\/p>\n","protected":false},"author":2691,"featured_media":0,"comment_status":"open","ping_status":"open","sticky":false,"template":"","format":"standard","meta":{"footnotes":""},"categories":[25],"tags":[],"class_list":["post-4202","post","type-post","status-publish","format-standard","hentry","category-antinucleaire"],"_links":{"self":[{"href":"https:\/\/fa86.noblogs.org\/index.php?rest_route=\/wp\/v2\/posts\/4202","targetHints":{"allow":["GET"]}}],"collection":[{"href":"https:\/\/fa86.noblogs.org\/index.php?rest_route=\/wp\/v2\/posts"}],"about":[{"href":"https:\/\/fa86.noblogs.org\/index.php?rest_route=\/wp\/v2\/types\/post"}],"author":[{"embeddable":true,"href":"https:\/\/fa86.noblogs.org\/index.php?rest_route=\/wp\/v2\/users\/2691"}],"replies":[{"embeddable":true,"href":"https:\/\/fa86.noblogs.org\/index.php?rest_route=%2Fwp%2Fv2%2Fcomments&post=4202"}],"version-history":[{"count":2,"href":"https:\/\/fa86.noblogs.org\/index.php?rest_route=\/wp\/v2\/posts\/4202\/revisions"}],"predecessor-version":[{"id":4204,"href":"https:\/\/fa86.noblogs.org\/index.php?rest_route=\/wp\/v2\/posts\/4202\/revisions\/4204"}],"wp:attachment":[{"href":"https:\/\/fa86.noblogs.org\/index.php?rest_route=%2Fwp%2Fv2%2Fmedia&parent=4202"}],"wp:term":[{"taxonomy":"category","embeddable":true,"href":"https:\/\/fa86.noblogs.org\/index.php?rest_route=%2Fwp%2Fv2%2Fcategories&post=4202"},{"taxonomy":"post_tag","embeddable":true,"href":"https:\/\/fa86.noblogs.org\/index.php?rest_route=%2Fwp%2Fv2%2Ftags&post=4202"}],"curies":[{"name":"wp","href":"https:\/\/api.w.org\/{rel}","templated":true}]}}