{"id":4205,"date":"2012-02-23T09:19:24","date_gmt":"2012-02-23T08:19:24","guid":{"rendered":"http:\/\/fa86.noblogs.org\/?p=4205"},"modified":"2012-02-23T09:20:09","modified_gmt":"2012-02-23T08:20:09","slug":"le-blanc-lutte-pour-le-maintien-de-lhopital-moratoire-obtenu","status":"publish","type":"post","link":"https:\/\/fa86.noblogs.org\/?p=4205","title":{"rendered":"[Le Blanc] Lutte pour le maintien de l&rsquo;h\u00f4pital : moratoire obtenu"},"content":{"rendered":"<h2 style=\"text-align: justify\"><a href=\"http:\/\/www.lanouvellerepublique.fr\/Vienne\/Actualite\/Sante\/n\/Contenus\/Articles\/2012\/02\/23\/Hopital-du-Blanc-un-moratoire-jusqu-a-fin-2012\" target=\"_blank\">H\u00f4pital du Blanc : un moratoire jusqu&rsquo;\u00e0 fin 2012<\/a><\/h2>\n<div>\n<p style=\"text-align: justify\"><a title=\"Un renfort de poids sur la manif\u2009: le com\u00e9dien Bernard Lecoq.\" href=\"http:\/\/www.lanouvellerepublique.fr\/var\/nrv2\/storage\/images\/contenus\/articles\/2012\/02\/23\/hopital-du-blanc-un-moratoire-jusqu-a-fin-2012\/16230508-1-fre-FR\/Hopital-du-Blanc-un-moratoire-jusqu-a-fin-2012_reference.jpg\" target=\"_blank\"><img loading=\"lazy\" decoding=\"async\" src=\"http:\/\/www.lanouvellerepublique.fr\/var\/nrv2\/storage\/images\/contenus\/articles\/2012\/02\/23\/hopital-du-blanc-un-moratoire-jusqu-a-fin-2012\/16230508-1-fre-FR\/Hopital-du-Blanc-un-moratoire-jusqu-a-fin-2012_image_article_large.jpg\" alt=\"Un renfort de poids sur la manif\u2009: le com\u00e9dien Bernard Lecoq.\" width=\"488\" height=\"325\" \/> <\/a><\/p>\n<p>\u00a0<em>Un renfort de poids sur la manif\u2009: le com\u00e9dien Bernard Lecoq.<\/em><\/p>\n<div style=\"text-align: justify\">\n<p><a href=\"http:\/\/memorix.sdv.fr\/5c\/www.lanouvellerepublique.fr\/actualite\/sante_articles\/86\/leblanc\/36018\/294436696\/Position1\/SDV_LNRCO\/default\/empty.gif\/5575556e55553946377830414471384c\" target=\"_blank\"><img loading=\"lazy\" decoding=\"async\" src=\"http:\/\/memorix.sdv.fr\/5\/www.lanouvellerepublique.fr\/actualite\/sante_articles\/86\/leblanc\/36018\/294436696\/Position1\/SDV_LNRCO\/default\/empty.gif\/5575556e55553946377830414471384c?\" alt=\"\" width=\"1\" height=\"1\" border=\"0\" \/><\/a>Les deux cars qui sont partis du Blanc (Indre) vers 4\u00a0heures hier matin sont arriv\u00e9s au minist\u00e8re de la Sant\u00e9 dans le calme, avant de pousser la chansonnette de circonstance, intitul\u00e9e \u00ab\u00a0L&rsquo;usine \u00e0 b\u00e9b\u00e9s\u00a0\u00bb.<\/p>\n<\/div>\n<div>\n<p style=\"text-align: justify\">Les trois parlementaires de l&rsquo;Indre (Michel Sapin, Jean-Paul Chanteguet et Nicolas Forissier) ont \u00e9t\u00e9 re\u00e7us hier en d\u00e9but d&rsquo;apr\u00e8s-midi par le ministre Xavier Bertrand. Ce dernier a accept\u00e9 le principe d&rsquo;un moratoire jusqu&rsquo;\u00e0 la fin de l&rsquo;ann\u00e9e pour l&rsquo;h\u00f4pital du Blanc, le temps de mettre en place des solutions, qui passeraient notamment par une coop\u00e9ration entre les Agences r\u00e9gionales de Sant\u00e9 (ARS) Centre et Poitou-Charentes. Pour les trois parlementaires, ainsi que pour les quatre-vingts Blancois qui ont fait le d\u00e9placement \u00e0 Paris, cette nouvelle est enfin signe d&rsquo;espoir. Pour les Montmorillonnais et les Chauvinois qui soutiennent le mouvement aussi. Le rythme des manifestations va sans doute diminuer.<\/p>\n<p style=\"text-align: justify\"><em>Nouvelle R\u00e9publique, 23 f\u00e9vrier 2012<\/em><\/p>\n<\/div>\n<\/div>\n","protected":false},"excerpt":{"rendered":"<p>H\u00f4pital du Blanc : un moratoire jusqu&rsquo;\u00e0 fin 2012 \u00a0Un renfort de poids sur la manif\u2009: le com\u00e9dien Bernard Lecoq. Les deux cars qui sont partis du Blanc (Indre) vers 4\u00a0heures hier matin sont arriv\u00e9s au minist\u00e8re de la Sant\u00e9 dans le calme, avant de pousser la chansonnette de circonstance, intitul\u00e9e \u00ab\u00a0L&rsquo;usine \u00e0 b\u00e9b\u00e9s\u00a0\u00bb. Les &hellip; <a href=\"https:\/\/fa86.noblogs.org\/?p=4205\" class=\"more-link\">Continuer la lecture de <span class=\"screen-reader-text\">[Le Blanc] Lutte pour le maintien de l&rsquo;h\u00f4pital : moratoire obtenu<\/span> <span class=\"meta-nav\">&rarr;<\/span><\/a><\/p>\n","protected":false},"author":2691,"featured_media":0,"comment_status":"open","ping_status":"open","sticky":false,"template":"","format":"standard","meta":{"footnotes":""},"categories":[9],"tags":[],"class_list":["post-4205","post","type-post","status-publish","format-standard","hentry","category-la-rue-grogne"],"_links":{"self":[{"href":"https:\/\/fa86.noblogs.org\/index.php?rest_route=\/wp\/v2\/posts\/4205","targetHints":{"allow":["GET"]}}],"collection":[{"href":"https:\/\/fa86.noblogs.org\/index.php?rest_route=\/wp\/v2\/posts"}],"about":[{"href":"https:\/\/fa86.noblogs.org\/index.php?rest_route=\/wp\/v2\/types\/post"}],"author":[{"embeddable":true,"href":"https:\/\/fa86.noblogs.org\/index.php?rest_route=\/wp\/v2\/users\/2691"}],"replies":[{"embeddable":true,"href":"https:\/\/fa86.noblogs.org\/index.php?rest_route=%2Fwp%2Fv2%2Fcomments&post=4205"}],"version-history":[{"count":3,"href":"https:\/\/fa86.noblogs.org\/index.php?rest_route=\/wp\/v2\/posts\/4205\/revisions"}],"predecessor-version":[{"id":4208,"href":"https:\/\/fa86.noblogs.org\/index.php?rest_route=\/wp\/v2\/posts\/4205\/revisions\/4208"}],"wp:attachment":[{"href":"https:\/\/fa86.noblogs.org\/index.php?rest_route=%2Fwp%2Fv2%2Fmedia&parent=4205"}],"wp:term":[{"taxonomy":"category","embeddable":true,"href":"https:\/\/fa86.noblogs.org\/index.php?rest_route=%2Fwp%2Fv2%2Fcategories&post=4205"},{"taxonomy":"post_tag","embeddable":true,"href":"https:\/\/fa86.noblogs.org\/index.php?rest_route=%2Fwp%2Fv2%2Ftags&post=4205"}],"curies":[{"name":"wp","href":"https:\/\/api.w.org\/{rel}","templated":true}]}}