{"id":4214,"date":"2012-02-23T10:05:52","date_gmt":"2012-02-23T09:05:52","guid":{"rendered":"http:\/\/fa86.noblogs.org\/?p=4214"},"modified":"2012-02-23T10:09:38","modified_gmt":"2012-02-23T09:09:38","slug":"poitiers-un-compte-rendu-de-lassemblee-generale-du-comite-de-soutien-a-la-famille-adamianov","status":"publish","type":"post","link":"https:\/\/fa86.noblogs.org\/?p=4214","title":{"rendered":"[Poitiers] Un compte-rendu de l&rsquo;assembl\u00e9e g\u00e9n\u00e9rale du comit\u00e9 de soutien \u00e0 la famille Adamianov"},"content":{"rendered":"<p style=\"text-align: justify\">Hier soir, une assembl\u00e9e g\u00e9n\u00e9rale du comit\u00e9 de soutien \u00e0 la famille Adamianov, une famille d&rsquo;origine bi\u00e9lorusse menac\u00e9e d&rsquo;expulsion avec ses deux enfants, a eu lieu au centre socio-culturel de la\u00a0Blaiserie.<\/p>\n<p style=\"text-align: justify\">Autour d&rsquo;une table ronde et avec Rima (la maman), \u00e9taient pr\u00e9sent-e-s des enseignantes et des parents d&rsquo;\u00e9l\u00e8ves de l&rsquo;\u00e9cole Jean Mermoz o\u00f9 Hamlet et Vardui (les enfants) sont scolaris\u00e9s, ainsi que des\u00a0personnes solidaires de divers collectifs et associations, comme des comit\u00e9s de soutien \u00e0 d&rsquo;autres familles expulsables,\u00a0le centre-socio-culturel de la Blaiserie, la cimade, le collectif poitevin contre la r\u00e9pression des mouvements sociaux, d\u00e9mocratie r\u00e9elle 86, RESF et le secours catholique.<\/p>\n<p style=\"text-align: justify\">Ambiance chaleureuse ! La r\u00e9union a commenc\u00e9 par un topo pr\u00e9cis sur la situation, avec la satisfaction\u00a0que la solidarit\u00e9 en actions (rassemblements solidaires, marche, soir\u00e9e slam&#8230;) et en dons commence d\u00e9sormais \u00e0 permettre \u00e0 la famille Adamianov, qui a (entre autres) pu trouver un nouveau logement,\u00a0de\u00a0joindre les deux bouts.<\/p>\n<p style=\"text-align: justify\">Sur la suite, \u00e0 savoir comment \u00e9viter l&rsquo;expulsion : au-del\u00e0 du recours administratif, plein de bonnes id\u00e9es ont circul\u00e9. Avec l&rsquo;opinion largement partag\u00e9e que c&rsquo;est en t\u00e9moignant en grand nombre\u00a0d&rsquo;une solidarit\u00e9 en actes avec la famille, ainsi qu&rsquo;avec toutes les personnes expulsables, que la mobilisation peut gagner.<\/p>\n<p style=\"text-align: justify\">A l&rsquo;issue de cette discussion, voici les prochaines dates retenues pour la mobilisation, auxquelles sont invit\u00e9es <strong>toutes les personnes qui souhaitent t\u00e9moigner de leur solidarit\u00e9<\/strong> (sans drapeaux si possible, car la famille ne tient pas \u00e0 la r\u00e9cup\u00e9ration politique) :<\/p>\n<p style=\"text-align: justify\"><strong>&#8211; vendredi 24 f\u00e9vrier, 16 h<\/strong> : go\u00fbter solidaire \u00e0 l&rsquo;\u00e9cole Jean Mermoz (2 rue Emile Roux, Poitiers). Pendant celle-ci, un graffeur fera une performance !<\/p>\n<p style=\"text-align: justify\"><strong>&#8211; jeudi 8 mars au Plan B, 21h :<\/strong> concert solidaire de soutien \u00e0 la famille Adamianov, entr\u00e9e \u00e0 prix libre (metal et hip-hop ragga)<\/p>\n<p style=\"text-align: justify\">-entre temps, un <strong>l\u00e2cher de ballons<\/strong> est pr\u00e9vu, avec des petits mots po\u00e9tiques de soutien collect\u00e9s lors des manifestations de solidarit\u00e9 pr\u00e9c\u00e9dentes.<\/p>\n<p style=\"text-align: justify\">&#8211; <strong>mercredi 21 mars devant le palais de justice, 18h<\/strong> : <strong>GRAND RASSEMBLEMENT SOLIDAIRE de soutien \u00e0 la famille Adamianov et \u00e0 toutes les personnes expulsables !<\/strong><\/p>\n<p style=\"text-align: justify\">Il est important de faire circuler ce message, merci \u00e0 tou-te-s.<\/p>\n<p style=\"text-align: justify\">Vous pouvez contacter le comit\u00e9 de soutien \u00e0 la famille Adamianov\u00a0\u00e0 cette adresse : <a href=\"mailto:comitedebelair@hotmail.fr\">comitedebelair@hotmail.fr<\/a><\/p>\n<p style=\"text-align: justify\">Il y a aussi une\u00a0page facebook \u00ab\u00a0belair comit\u00e9\u00a0\u00bb<\/p>\n<p style=\"text-align: justify\"><em>Une personne solidaire, le 23 f\u00e9vrier 2012<\/em><\/p>\n","protected":false},"excerpt":{"rendered":"<p>Hier soir, une assembl\u00e9e g\u00e9n\u00e9rale du comit\u00e9 de soutien \u00e0 la famille Adamianov, une famille d&rsquo;origine bi\u00e9lorusse menac\u00e9e d&rsquo;expulsion avec ses deux enfants, a eu lieu au centre socio-culturel de la\u00a0Blaiserie. Autour d&rsquo;une table ronde et avec Rima (la maman), \u00e9taient pr\u00e9sent-e-s des enseignantes et des parents d&rsquo;\u00e9l\u00e8ves de l&rsquo;\u00e9cole Jean Mermoz o\u00f9 Hamlet et &hellip; <a href=\"https:\/\/fa86.noblogs.org\/?p=4214\" class=\"more-link\">Continuer la lecture de <span class=\"screen-reader-text\">[Poitiers] Un compte-rendu de l&rsquo;assembl\u00e9e g\u00e9n\u00e9rale du comit\u00e9 de soutien \u00e0 la famille Adamianov<\/span> <span class=\"meta-nav\">&rarr;<\/span><\/a><\/p>\n","protected":false},"author":2691,"featured_media":0,"comment_status":"open","ping_status":"open","sticky":false,"template":"","format":"standard","meta":{"footnotes":""},"categories":[9,11,16,4],"tags":[],"class_list":["post-4214","post","type-post","status-publish","format-standard","hentry","category-la-rue-grogne","category-ni-patrie-ni-frontiere","category-repression","category-se-trouver"],"_links":{"self":[{"href":"https:\/\/fa86.noblogs.org\/index.php?rest_route=\/wp\/v2\/posts\/4214","targetHints":{"allow":["GET"]}}],"collection":[{"href":"https:\/\/fa86.noblogs.org\/index.php?rest_route=\/wp\/v2\/posts"}],"about":[{"href":"https:\/\/fa86.noblogs.org\/index.php?rest_route=\/wp\/v2\/types\/post"}],"author":[{"embeddable":true,"href":"https:\/\/fa86.noblogs.org\/index.php?rest_route=\/wp\/v2\/users\/2691"}],"replies":[{"embeddable":true,"href":"https:\/\/fa86.noblogs.org\/index.php?rest_route=%2Fwp%2Fv2%2Fcomments&post=4214"}],"version-history":[{"count":5,"href":"https:\/\/fa86.noblogs.org\/index.php?rest_route=\/wp\/v2\/posts\/4214\/revisions"}],"predecessor-version":[{"id":4216,"href":"https:\/\/fa86.noblogs.org\/index.php?rest_route=\/wp\/v2\/posts\/4214\/revisions\/4216"}],"wp:attachment":[{"href":"https:\/\/fa86.noblogs.org\/index.php?rest_route=%2Fwp%2Fv2%2Fmedia&parent=4214"}],"wp:term":[{"taxonomy":"category","embeddable":true,"href":"https:\/\/fa86.noblogs.org\/index.php?rest_route=%2Fwp%2Fv2%2Fcategories&post=4214"},{"taxonomy":"post_tag","embeddable":true,"href":"https:\/\/fa86.noblogs.org\/index.php?rest_route=%2Fwp%2Fv2%2Ftags&post=4214"}],"curies":[{"name":"wp","href":"https:\/\/api.w.org\/{rel}","templated":true}]}}