{"id":4247,"date":"2012-02-23T23:01:38","date_gmt":"2012-02-23T22:01:38","guid":{"rendered":"http:\/\/fa86.noblogs.org\/?p=4247"},"modified":"2012-02-23T23:01:38","modified_gmt":"2012-02-23T22:01:38","slug":"la-reunion-la-grogne-se-propage","status":"publish","type":"post","link":"https:\/\/fa86.noblogs.org\/?p=4247","title":{"rendered":"[La R\u00e9union] La grogne se propage"},"content":{"rendered":"<div>\n<div>\n<div>\n<h2 style=\"text-align: justify\"><a title=\"La R\u00e9union: les troubles se propagent dans plusieurs villes\" href=\"http:\/\/actu.voila.fr\/actualites\/france\/2012\/02\/23\/la-reunion-les-troubles-se-propagent-dans-plusieurs-villes_2234576.html\">La R\u00e9union: les troubles se propagent dans plusieurs villes<\/a><\/h2>\n<p style=\"text-align: justify\"><strong>Des troubles ont \u00e9t\u00e9 signal\u00e9s dans plusieurs villes de La R\u00e9union, dans la nuit de jeudi \u00e0 vendredi, notamment \u00e0 Saint-Andr\u00e9, Saint-Louis, Saint-Pierre et Etang-Sal\u00e9 o\u00f9 des affrontements sporadiques ont oppos\u00e9 des groupes de jeunes aux forces de l&rsquo;ordre.<\/strong><\/p>\n<p style=\"text-align: justify\">Des heurts ont eu lieu aussi au Chaudron mais ils ont \u00e9t\u00e9 \u00ab\u00a0moins virulents\u00a0\u00bb que les deux pr\u00e9c\u00e9dentes NUITS, selon la pr\u00e9fecture.<\/p>\n<p style=\"text-align: justify\">Les troubles se sont propag\u00e9es dans une dizaine de ville de La R\u00e9union au fil de la nuit mais aucun pillage n&rsquo;a \u00e9t\u00e9 signal\u00e9. Quelques voitures ont \u00e9t\u00e9 incendi\u00e9s et des poubelles enflamm\u00e9es, selon un point fait \u00e0 l&rsquo;AFP par le directeur de cabinet du pr\u00e9fet, Beno\u00eet Huber, \u00e0 0h30 locales (21h30 \u00e0 Paris).<\/p>\n<p style=\"text-align: justify\">Dans le sud de l&rsquo;\u00eele, \u00e0 Saint-Louis, les incidents se sont produits dans le centre-ville, en face de la mairie o\u00f9 les forces de l&rsquo;ordre ont d\u00fb intervenir \u00e0 plusieurs reprises pour d\u00e9gager la route et disperser une cinquantaine de manifestants dont la plupart \u00e9taient des mineurs \u00e0 peine \u00e2g\u00e9s de 15-16 ans. La police a proc\u00e9d\u00e9 \u00e0 26 interpellations.<\/p>\n<p style=\"text-align: justify\">Le m\u00eame sc\u00e9nario s&rsquo;est produit dans les communes voisines de l&rsquo;Etang-Sal\u00e9 et de Saint-Pierre, au sud de l&rsquo;\u00eele, o\u00f9 quelques voitures ont \u00e9t\u00e9 incendi\u00e9es et des poubelles enflamm\u00e9es mises en travers de la chauss\u00e9e par des jeunes.<\/p>\n<p style=\"text-align: justify\">Dans l&rsquo;Est, \u00e0 Saint-Andr\u00e9, les affrontements ont \u00e9clat\u00e9 \u00e0 proximit\u00e9 d&rsquo;une grande surface dans le centre-ville et une voiture a \u00e9t\u00e9 incendi\u00e9e. Des pierres \u00e9taient lanc\u00e9es contre les policiers qui ripostaient \u00e0 coups de grenades lacrymog\u00e8nes et de gomme-cogne. A Sainte-Marie, commune voisine de Saint-Denis, une voiture a aussi \u00e9t\u00e9 incendi\u00e9e.<\/p>\n<p style=\"text-align: justify\">A Saint-Beno\u00eet, un gendarme a \u00e9t\u00e9 assez s\u00e9rieusement au visage par le jet d&rsquo;un cocktail molotov.<\/p>\n<p style=\"text-align: justify\">Dans le Nord, les heurts ont \u00e9t\u00e9 moins violents que la veille, a affirm\u00e9 M. Huber. \u00ab\u00a0Aucun pillage de magasin, aucune d\u00e9gradation de commerces ou de b\u00e2timent public n&rsquo;a \u00e9t\u00e9 constat\u00e9\u00a0\u00bb, a-t-il soulign\u00e9.<\/p>\n<p style=\"text-align: justify\">Dans le quartier du Chaudron, \u00e0 Saint-Denis, une centaine de jeunes, le visage masqu\u00e9 par leur tee-shirt, ont toutefois continu\u00e9 \u00e0 attaquer les forces de l&rsquo;ordre avec des cocktails molotov et des pierres.<\/p>\n<p style=\"text-align: justify\">La baisse d&rsquo;intensit\u00e9 des violences pourrait s&rsquo;expliquer par les condamnations prononc\u00e9es jeudi par le tribunal de Saint-Denis: quatre jeunes ont \u00e9cop\u00e9 de peines allant de 6 mois \u00e0 2 ans ferme.<\/p>\n<p style=\"text-align: justify\"><em>AFP, 23 f\u00e9vrier 2012<\/em><\/p>\n<\/div>\n<\/div>\n<\/div>\n","protected":false},"excerpt":{"rendered":"<p>La R\u00e9union: les troubles se propagent dans plusieurs villes Des troubles ont \u00e9t\u00e9 signal\u00e9s dans plusieurs villes de La R\u00e9union, dans la nuit de jeudi \u00e0 vendredi, notamment \u00e0 Saint-Andr\u00e9, Saint-Louis, Saint-Pierre et Etang-Sal\u00e9 o\u00f9 des affrontements sporadiques ont oppos\u00e9 des groupes de jeunes aux forces de l&rsquo;ordre. Des heurts ont eu lieu aussi au &hellip; <a href=\"https:\/\/fa86.noblogs.org\/?p=4247\" class=\"more-link\">Continuer la lecture de <span class=\"screen-reader-text\">[La R\u00e9union] La grogne se propage<\/span> <span class=\"meta-nav\">&rarr;<\/span><\/a><\/p>\n","protected":false},"author":2691,"featured_media":0,"comment_status":"open","ping_status":"open","sticky":false,"template":"","format":"standard","meta":{"footnotes":""},"categories":[9,12],"tags":[],"class_list":["post-4247","post","type-post","status-publish","format-standard","hentry","category-la-rue-grogne","category-okupa-y-resiste"],"_links":{"self":[{"href":"https:\/\/fa86.noblogs.org\/index.php?rest_route=\/wp\/v2\/posts\/4247","targetHints":{"allow":["GET"]}}],"collection":[{"href":"https:\/\/fa86.noblogs.org\/index.php?rest_route=\/wp\/v2\/posts"}],"about":[{"href":"https:\/\/fa86.noblogs.org\/index.php?rest_route=\/wp\/v2\/types\/post"}],"author":[{"embeddable":true,"href":"https:\/\/fa86.noblogs.org\/index.php?rest_route=\/wp\/v2\/users\/2691"}],"replies":[{"embeddable":true,"href":"https:\/\/fa86.noblogs.org\/index.php?rest_route=%2Fwp%2Fv2%2Fcomments&post=4247"}],"version-history":[{"count":1,"href":"https:\/\/fa86.noblogs.org\/index.php?rest_route=\/wp\/v2\/posts\/4247\/revisions"}],"predecessor-version":[{"id":4248,"href":"https:\/\/fa86.noblogs.org\/index.php?rest_route=\/wp\/v2\/posts\/4247\/revisions\/4248"}],"wp:attachment":[{"href":"https:\/\/fa86.noblogs.org\/index.php?rest_route=%2Fwp%2Fv2%2Fmedia&parent=4247"}],"wp:term":[{"taxonomy":"category","embeddable":true,"href":"https:\/\/fa86.noblogs.org\/index.php?rest_route=%2Fwp%2Fv2%2Fcategories&post=4247"},{"taxonomy":"post_tag","embeddable":true,"href":"https:\/\/fa86.noblogs.org\/index.php?rest_route=%2Fwp%2Fv2%2Ftags&post=4247"}],"curies":[{"name":"wp","href":"https:\/\/api.w.org\/{rel}","templated":true}]}}