{"id":4249,"date":"2012-02-23T23:05:03","date_gmt":"2012-02-23T22:05:03","guid":{"rendered":"http:\/\/fa86.noblogs.org\/?p=4249"},"modified":"2012-02-23T23:05:03","modified_gmt":"2012-02-23T22:05:03","slug":"nantes-riposte-contre-ouest-france","status":"publish","type":"post","link":"https:\/\/fa86.noblogs.org\/?p=4249","title":{"rendered":"[Nantes] Riposte contre Ouest-France"},"content":{"rendered":"<h2 style=\"text-align: justify\"><a href=\"http:\/\/nantes.indymedia.org\/article\/25175\" target=\"_blank\">[Nantes] Contre la presse qui ment : le si\u00e8ge de Ouest France red\u00e9cor\u00e9.<\/a><\/h2>\n<p style=\"text-align: justify\">Ce matin jeudi 23 f\u00e9vrier, le si\u00e8ge nantais du journal Ouest France, h\u00e9ritier de l&rsquo;Ouest \u00c9clair (journal collaborationniste), premier quotidien fran\u00e7ais en terme de tirages (800 000 exemplaires tous les jours), a \u00e9t\u00e9 red\u00e9cor\u00e9 : peinture, \u0153ufs pourris, affiches&#8230; (voir photos) Les insolents matinaux expliquent leur geste contre la presse qui ment en s&rsquo;adressant directement au torchon de Fran\u00e7ois-R\u00e9gis Hutin.<\/p>\n<p style=\"text-align: justify\"><a name=\"attachment11382\"><\/a><a href=\"http:\/\/nantes.indymedia.org\/attachments\/feb2012\/1_1.jpg\"><img loading=\"lazy\" decoding=\"async\" src=\"http:\/\/nantes.indymedia.org\/cache\/imagecache\/local\/attachments\/feb2012\/460_0___30_0_0_0_0_0_1_1.jpg\" alt=\"1_1.jpg\" width=\"460\" height=\"345\" \/><\/a><\/p>\n<p style=\"text-align: justify\">Cher Journal,<\/p>\n<p>Ce jeudi 23 f\u00e9vrier, \u00e0 8h, sous la pluie, nous sommes venus te rendre visite, les bras charg\u00e9s de pr\u00e9sents dignes de toi. Les d\u00e9chets avec lesquels tu nous empoisonnes quotidiennement nous ont inspir\u00e9 une odorante omelette matinale\u00a0: des denr\u00e9es p\u00e9rissables pour un journal pourri.<\/p>\n<p>Mensonges \u00e0 r\u00e9p\u00e9tition, flagrant d\u00e9lits de manipulations des masses, propagande s\u00e9curitaire, patronale, municipale, \u00e9tatique&#8230; Nous ne nous \u00e9tonnons plus de constater que tu es toujours du c\u00f4t\u00e9 des puissants : neutralit\u00e9 neutralis\u00e9e.<\/p>\n<p>Le jet d&rsquo;urine sorti de ta plume a fait d\u00e9border la cuvette. Ta \u00ab\u00a0Une\u00a0\u00bb naus\u00e9abonde du lundi 20 f\u00e9vrier n&rsquo;est pas pass\u00e9e. En effet, le samedi 18 f\u00e9vrier avait lieu une mobilisation internationale de solidarit\u00e9 avec le peuple Grec qui r\u00e9siste aux politiques assassines de son gouvernement, de l&rsquo;UE, du FMI. A Nantes, plus de 200 personnes manifestaient en solidarit\u00e9 avec les Grecs, malgr\u00e9 l&rsquo;hyperpr\u00e9sence polici\u00e8re. Tu n&rsquo;en as pas fait \u00e9cho, ou si peu&#8230;<\/p>\n<p>Des Grecs avaient s&rsquo;\u00e9taient pris en photo devant le parlement d&rsquo;Ath\u00e8nes remerciant les grandes m\u00e9tropoles mobilis\u00e9es pour les soutenir dans leur lutte contre les politiques capitalistes. Honte \u00e0 toi, qui a d\u00e9tourn\u00e9 leurs photos, pr\u00e9tendant qu&rsquo;ils appelaient leurs bourreaux au secours.<\/p>\n<p>Car la \u00ab\u00a0une\u00a0\u00bb de Ouest France pr\u00e9cisait sans vergogne\u00a0: \u00ab Le message de ces jeunes Grecs devant le Parlement d&rsquo;Ath\u00e8nes r\u00e9sonne comme un appel au secours. Aujourd&rsquo;hui, l&rsquo;Eurogroupe [&#8230;] et le FMI leur diront s&rsquo;ils ont raison d&rsquo;esp\u00e9rer, en avalisant ou non le deuxi\u00e8me plan de sauvetage.\u00a0\u00bb inversant totalement le message que voulaient faire passer ces manifestants grecs pr\u00e9cis\u00e9ment oppos\u00e9s au politiques du FMI et de l&rsquo;Eurogroupe.<\/p>\n<p>Constatant l&rsquo;absence de rectificatif, quelques nantais r\u00e9volt\u00e9s par ta propagande mensong\u00e8re et grossi\u00e8re se sont sentis le devoir de venir corriger eux m\u00eame ta fa\u00e7ade, cher journal. Que dire de ta devise\u00a0: \u00ab\u00a0Justice et Libert\u00e9\u00a0\u00bb\u00a0?<\/p>\n<p>Alors, prends exemple sur le compost qui t&rsquo;a \u00e9t\u00e9 offert, recycle tes mensonges dont l&rsquo;odeur pestilentielle n&rsquo;a d&rsquo;\u00e9gale que celle des \u0153ufs pourris que nous t&rsquo;avons jet\u00e9s \u00e0 la face.<\/p>\n<p>Contre tous les m\u00e9dias qui mentent.<\/p>\n<p>Pour une presse libre et propre.<\/p>\n<p>PS\u00a0: avis aux lecteurs \u00e9c\u0153ur\u00e9s\u00a0: une r\u00e9ponse existe, c&rsquo;est le projet de journal \u00ab\u00a0R\u00e9voltez-vous\u00a0\u00bb, par le peuple, pour le peuple.<\/p>\n<p>En soutien au collectif nantais R\u00e9volt\u00e9.<\/p>\n<p><a title=\"http:\/\/www.agirpaselire.fr\/\" href=\"http:\/\/www.agirpaselire.fr\/\">http:\/\/www.agirpaselire.fr\/<\/a><\/p>\n<p style=\"text-align: justify\"><a name=\"attachment11383\"><\/a><a href=\"http:\/\/nantes.indymedia.org\/attachments\/feb2012\/2_1.jpg\"><img loading=\"lazy\" decoding=\"async\" src=\"http:\/\/nantes.indymedia.org\/cache\/imagecache\/local\/attachments\/feb2012\/460_0___30_0_0_0_0_0_2_1.jpg\" alt=\"2_1.jpg\" width=\"460\" height=\"344\" \/><\/a><\/p>\n<p style=\"text-align: justify\"><a name=\"attachment11384\"><\/a><a href=\"http:\/\/nantes.indymedia.org\/attachments\/feb2012\/3_1.jpg\"><img loading=\"lazy\" decoding=\"async\" src=\"http:\/\/nantes.indymedia.org\/cache\/imagecache\/local\/attachments\/feb2012\/460_0___30_0_0_0_0_0_3_1.jpg\" alt=\"3_1.jpg\" width=\"460\" height=\"613\" \/><\/a><\/p>\n<p style=\"text-align: justify\"><a name=\"attachment11385\"><\/a><a href=\"http:\/\/nantes.indymedia.org\/attachments\/feb2012\/4_1.jpg\"><img loading=\"lazy\" decoding=\"async\" src=\"http:\/\/nantes.indymedia.org\/cache\/imagecache\/local\/attachments\/feb2012\/460_0___30_0_0_0_0_0_4_1.jpg\" alt=\"4_1.jpg\" width=\"460\" height=\"613\" \/><\/a><\/p>\n<p style=\"text-align: justify\"><em>Vu sur Indymedia Nantes, 23 f\u00e9vrier 2012<\/em><\/p>\n","protected":false},"excerpt":{"rendered":"<p>[Nantes] Contre la presse qui ment : le si\u00e8ge de Ouest France red\u00e9cor\u00e9. Ce matin jeudi 23 f\u00e9vrier, le si\u00e8ge nantais du journal Ouest France, h\u00e9ritier de l&rsquo;Ouest \u00c9clair (journal collaborationniste), premier quotidien fran\u00e7ais en terme de tirages (800 000 exemplaires tous les jours), a \u00e9t\u00e9 red\u00e9cor\u00e9 : peinture, \u0153ufs pourris, affiches&#8230; (voir photos) Les &hellip; <a href=\"https:\/\/fa86.noblogs.org\/?p=4249\" class=\"more-link\">Continuer la lecture de <span class=\"screen-reader-text\">[Nantes] Riposte contre Ouest-France<\/span> <span class=\"meta-nav\">&rarr;<\/span><\/a><\/p>\n","protected":false},"author":2691,"featured_media":0,"comment_status":"open","ping_status":"open","sticky":false,"template":"","format":"standard","meta":{"footnotes":""},"categories":[21,9],"tags":[],"class_list":["post-4249","post","type-post","status-publish","format-standard","hentry","category-desinformation-bourgeoise","category-la-rue-grogne"],"_links":{"self":[{"href":"https:\/\/fa86.noblogs.org\/index.php?rest_route=\/wp\/v2\/posts\/4249","targetHints":{"allow":["GET"]}}],"collection":[{"href":"https:\/\/fa86.noblogs.org\/index.php?rest_route=\/wp\/v2\/posts"}],"about":[{"href":"https:\/\/fa86.noblogs.org\/index.php?rest_route=\/wp\/v2\/types\/post"}],"author":[{"embeddable":true,"href":"https:\/\/fa86.noblogs.org\/index.php?rest_route=\/wp\/v2\/users\/2691"}],"replies":[{"embeddable":true,"href":"https:\/\/fa86.noblogs.org\/index.php?rest_route=%2Fwp%2Fv2%2Fcomments&post=4249"}],"version-history":[{"count":2,"href":"https:\/\/fa86.noblogs.org\/index.php?rest_route=\/wp\/v2\/posts\/4249\/revisions"}],"predecessor-version":[{"id":4251,"href":"https:\/\/fa86.noblogs.org\/index.php?rest_route=\/wp\/v2\/posts\/4249\/revisions\/4251"}],"wp:attachment":[{"href":"https:\/\/fa86.noblogs.org\/index.php?rest_route=%2Fwp%2Fv2%2Fmedia&parent=4249"}],"wp:term":[{"taxonomy":"category","embeddable":true,"href":"https:\/\/fa86.noblogs.org\/index.php?rest_route=%2Fwp%2Fv2%2Fcategories&post=4249"},{"taxonomy":"post_tag","embeddable":true,"href":"https:\/\/fa86.noblogs.org\/index.php?rest_route=%2Fwp%2Fv2%2Ftags&post=4249"}],"curies":[{"name":"wp","href":"https:\/\/api.w.org\/{rel}","templated":true}]}}