{"id":4255,"date":"2012-02-24T09:14:30","date_gmt":"2012-02-24T08:14:30","guid":{"rendered":"http:\/\/fa86.noblogs.org\/?p=4255"},"modified":"2012-02-24T09:14:47","modified_gmt":"2012-02-24T08:14:47","slug":"nouvelle-arrestation-dans-laffaire-de-tarnac","status":"publish","type":"post","link":"https:\/\/fa86.noblogs.org\/?p=4255","title":{"rendered":"Nouvelle arrestation dans \u00ab\u00a0l&rsquo;affaire\u00a0\u00bb de Tarnac"},"content":{"rendered":"<h2 style=\"text-align: justify\"><a href=\"http:\/\/www.lesinrocks.com\/actualite\/actu-article\/t\/78762\/date\/2012-02-23\/article\/nouvelle-arrestation-dans-laffaire-de-tarnac-1\/\" target=\"_blank\">Nouvelle arrestation dans l&rsquo;affaire de Tarnac<\/a><\/h2>\n<div>\n<p style=\"text-align: justify\">Un homme a \u00e9t\u00e9 arr\u00eat\u00e9 jeudi matin \u00e0 Rouen et plac\u00e9 en garde \u00e0 vue dans les locaux de la sous-direction antiterroriste\u00a0\u00e0 Levallois-Perret dans le cadre de l&rsquo;affaire \u00ab\u00a0de Tarnac\u00a0\u00bb. Il serait soup\u00e7onn\u00e9 d&rsquo;avoir particip\u00e9 \u00e0 la fabrication des crochets\u00a0plac\u00e9s sur les cat\u00e9naires SNCF en novembre 2008\u00a0pour interrompre la circulation des trains.\u00a0<\/p>\n<p style=\"text-align: justify\">Le juge d&rsquo;instruction, Thierry Fragnoli, s&rsquo;est\u00a0rendu \u00e0 Rouen avec des policiers de la Sdat\u00a0pour interpeller cet homme. Dans cette affaire, dix personnes ont \u00e9t\u00e9 mises en examen depuis novembre 2008 pour association de malfaiteurs en relation avec une entreprise terroriste.<\/p>\n<p style=\"text-align: justify\"><em>Les Inrocks, 23 f\u00e9vrier 2012<\/em><\/p>\n<\/div>\n","protected":false},"excerpt":{"rendered":"<p>Nouvelle arrestation dans l&rsquo;affaire de Tarnac Un homme a \u00e9t\u00e9 arr\u00eat\u00e9 jeudi matin \u00e0 Rouen et plac\u00e9 en garde \u00e0 vue dans les locaux de la sous-direction antiterroriste\u00a0\u00e0 Levallois-Perret dans le cadre de l&rsquo;affaire \u00ab\u00a0de Tarnac\u00a0\u00bb. Il serait soup\u00e7onn\u00e9 d&rsquo;avoir particip\u00e9 \u00e0 la fabrication des crochets\u00a0plac\u00e9s sur les cat\u00e9naires SNCF en novembre 2008\u00a0pour interrompre la &hellip; <a href=\"https:\/\/fa86.noblogs.org\/?p=4255\" class=\"more-link\">Continuer la lecture de <span class=\"screen-reader-text\">Nouvelle arrestation dans \u00ab\u00a0l&rsquo;affaire\u00a0\u00bb de Tarnac<\/span> <span class=\"meta-nav\">&rarr;<\/span><\/a><\/p>\n","protected":false},"author":2691,"featured_media":0,"comment_status":"open","ping_status":"open","sticky":false,"template":"","format":"standard","meta":{"footnotes":""},"categories":[16],"tags":[],"class_list":["post-4255","post","type-post","status-publish","format-standard","hentry","category-repression"],"_links":{"self":[{"href":"https:\/\/fa86.noblogs.org\/index.php?rest_route=\/wp\/v2\/posts\/4255","targetHints":{"allow":["GET"]}}],"collection":[{"href":"https:\/\/fa86.noblogs.org\/index.php?rest_route=\/wp\/v2\/posts"}],"about":[{"href":"https:\/\/fa86.noblogs.org\/index.php?rest_route=\/wp\/v2\/types\/post"}],"author":[{"embeddable":true,"href":"https:\/\/fa86.noblogs.org\/index.php?rest_route=\/wp\/v2\/users\/2691"}],"replies":[{"embeddable":true,"href":"https:\/\/fa86.noblogs.org\/index.php?rest_route=%2Fwp%2Fv2%2Fcomments&post=4255"}],"version-history":[{"count":3,"href":"https:\/\/fa86.noblogs.org\/index.php?rest_route=\/wp\/v2\/posts\/4255\/revisions"}],"predecessor-version":[{"id":4258,"href":"https:\/\/fa86.noblogs.org\/index.php?rest_route=\/wp\/v2\/posts\/4255\/revisions\/4258"}],"wp:attachment":[{"href":"https:\/\/fa86.noblogs.org\/index.php?rest_route=%2Fwp%2Fv2%2Fmedia&parent=4255"}],"wp:term":[{"taxonomy":"category","embeddable":true,"href":"https:\/\/fa86.noblogs.org\/index.php?rest_route=%2Fwp%2Fv2%2Fcategories&post=4255"},{"taxonomy":"post_tag","embeddable":true,"href":"https:\/\/fa86.noblogs.org\/index.php?rest_route=%2Fwp%2Fv2%2Ftags&post=4255"}],"curies":[{"name":"wp","href":"https:\/\/api.w.org\/{rel}","templated":true}]}}