{"id":4278,"date":"2012-02-25T01:00:14","date_gmt":"2012-02-25T00:00:14","guid":{"rendered":"http:\/\/fa86.noblogs.org\/?p=4278"},"modified":"2012-02-25T09:52:53","modified_gmt":"2012-02-25T08:52:53","slug":"poitiers-gouter-de-soutien-solidaire-avec-la-famille-adamianov-a-lecole-mermoz","status":"publish","type":"post","link":"https:\/\/fa86.noblogs.org\/?p=4278","title":{"rendered":"[Poitiers] Go\u00fbter de soutien solidaire avec la famille Adamianov, \u00e0 l&rsquo;\u00e9cole Mermoz"},"content":{"rendered":"<p style=\"text-align: justify\">Encore un beau moment de solidarit\u00e9 avec\u00a0la famille Adamianov, <a href=\"https:\/\/fa86.noblogs.org\/?p=4214\" target=\"_blank\">menac\u00e9e d&rsquo;expulsion<\/a>. Cet apr\u00e8s-midi du vendredi 24 f\u00e9vrier, dernier jour d&rsquo;\u00e9cole avant les vacances scolaires d&rsquo;hiver, <strong>un go\u00fbter solidaire<\/strong> \u00e9tait organis\u00e9 devant l&rsquo;\u00e9cole Jean Mermoz du quartier de Bel-Air (Poitiers).<\/p>\n<p style=\"text-align: justify\">Plein de bons g\u00e2teaux cuisin\u00e9s par des petites mains attentionn\u00e9es ont permis de r\u00e9colter quelques sous. Deux journalistes sont venus s&rsquo;enqu\u00e9rir aupr\u00e8s de Rima de l&rsquo;\u00e9volution de sa situation. Elle garde espoir.<\/p>\n<p style=\"text-align: justify\">Enfants, parents, et personnes solidaires du quartier ou d&rsquo;ailleurs, ont parall\u00e8lement assist\u00e9 \u00e0 la performance de Sa\u00efd,\u00a0venu poser un graf en solidarit\u00e9 avec Varduhi et Hamlet, les deux \u00e9l\u00e8ves de Mermoz menac\u00e9s d&rsquo;expulsion.<\/p>\n<p style=\"text-align: justify\"><a href=\"https:\/\/fa86.noblogs.org\/files\/2012\/02\/sadaka.jpg\"><img loading=\"lazy\" decoding=\"async\" class=\"alignnone size-full wp-image-4279\" src=\"https:\/\/fa86.noblogs.org\/files\/2012\/02\/sadaka.jpg\" alt=\"\" width=\"640\" height=\"480\" srcset=\"https:\/\/fa86.noblogs.org\/files\/2012\/02\/sadaka.jpg 640w, https:\/\/fa86.noblogs.org\/files\/2012\/02\/sadaka-300x225.jpg 300w\" sizes=\"auto, (max-width: 640px) 100vw, 640px\" \/><\/a><\/p>\n<p style=\"text-align: justify\"><em>Le graf r\u00e9alis\u00e9 par Sa\u00efd pour Varduhi et Hamlet. A gauche du graf on peut lire\u00a0\u00ab\u00a0sadaka\u00a0\u00bb (\u00ab\u00a0amiti\u00e9\u00a0\u00bb en arabe)<\/em><\/p>\n<p style=\"text-align: justify\">Les prochaines dates \u00e0 retenir :<\/p>\n<p style=\"text-align: justify\">&#8211;<strong>8 mars<\/strong> : <strong>concert<\/strong> de soutien au plan B (32 bvd du Grand cerf \u00e0 Poitiers), 21h.<\/p>\n<p style=\"text-align: justify\">&#8211;<strong>21 mars<\/strong> : <strong>rassemblement<\/strong> de soutien solidaire \u00e0 la famille Adamianov et \u00e0 toutes les personnes expulsables,\u00a0devant le palais de justice de Poitiers, 18h.<\/p>\n<p style=\"text-align: justify\">La solidarit\u00e9 est notre seule force !<\/p>\n<p style=\"text-align: justify\"><em>Juanito, Pavillon Noir (F\u00e9d\u00e9ration Anarchiste 86), 24 f\u00e9vrier 2012<\/em><\/p>\n<p style=\"text-align: justify\"><strong><em>Mise \u00e0 jour : un article de Centre-Presse ce matin du 25 f\u00e9vrier<\/em><\/strong><\/p>\n<h2 style=\"text-align: justify\"><a href=\"http:\/\/www.centre-presse.fr\/article-185526-des-avancees-pour-les-bielorusses.html\" target=\"_blank\">Des avanc\u00e9es pour les Bi\u00e9lorusses<\/a><\/h2>\n<div style=\"text-align: justify\"><a href=\"https:\/\/fa86.noblogs.org\/files\/2012\/02\/graf-sa\u00efd.jpg\"><img loading=\"lazy\" decoding=\"async\" class=\"alignnone size-full wp-image-4296\" src=\"https:\/\/fa86.noblogs.org\/files\/2012\/02\/graf-sa\u00efd.jpg\" alt=\"\" width=\"600\" height=\"454\" srcset=\"https:\/\/fa86.noblogs.org\/files\/2012\/02\/graf-sa\u00efd.jpg 600w, https:\/\/fa86.noblogs.org\/files\/2012\/02\/graf-sa\u00efd-300x227.jpg 300w\" sizes=\"auto, (max-width: 600px) 100vw, 600px\" \/><\/a><\/div>\n<div style=\"text-align: justify\">\n<div>\n<p><em>Le grafeur Sa\u00efd Boucenna a captiv\u00e9 les enfants. <\/em><em>Et inscrit les pr\u00e9noms de Hamlet et Varduhi sur son oeuvre. <\/em><em>fdelage<\/em><\/p>\n<\/div>\n<\/div>\n<div>\n<p style=\"text-align: justify\">Les militants du comit\u00e9 de Bel Air restent mobilis\u00e9s pour soutenir la famille bi\u00e9lorusse toujours sur le coup d&rsquo;une obligation de quitter le territoire fran\u00e7ais. Hier matin, le dossier de la maman, Rima, qui souffre de probl\u00e8mes de sant\u00e9, a \u00e9t\u00e9 pris en compte par la Pr\u00e9fecture&#8230; qui a refus\u00e9 en revanche de prendre pour l&rsquo;instant en consid\u00e9ration la situation du p\u00e8re, Artur. Comme les quatre vendredis pr\u00e9c\u00e9dents, un rassemblement avait lieu \u00e0 16\u00a0heures devant l&rsquo;\u00e9cole Mermoz o\u00f9 sont scolaris\u00e9s- et parfaitement int\u00e9gr\u00e9s- les deux enfants du couple, Hamlet, 9\u00a0ans, et Varduhi, 6\u00a0ans. Apr\u00e8s une marche et des chansons, c&rsquo;est cette fois autour d&rsquo;un go\u00fbter solidaire (des g\u00e2teaux confectionn\u00e9s par les parents d&rsquo;\u00e9l\u00e8ves ont \u00e9t\u00e9 vendus sur place) et d&rsquo;une performance du grafeur Sa\u00efd Boucenna que le rassemblement a su s&rsquo;animer. <em>\u00ab\u00a0L&rsquo;important est de tenir sur la dur\u00e9e pour aider la famille financi\u00e8rement\u00a0\u00bb,<\/em> soulignait un membre du comit\u00e9. D&rsquo;autres actions sont ainsi pr\u00e9vues: un concert au Plan B le 8\u00a0mars et une participation \u00e0 un rassemblement anti-expulsions devant le Palais de justice le 21\u00a0mars prochain \u00e0 18\u00a0heures.<\/p>\n<p style=\"text-align: justify\"><em>Centre-Presse, F.D., 25 f\u00e9vrier 2012<\/em><\/p>\n<\/div>\n","protected":false},"excerpt":{"rendered":"<p>Encore un beau moment de solidarit\u00e9 avec\u00a0la famille Adamianov, menac\u00e9e d&rsquo;expulsion. Cet apr\u00e8s-midi du vendredi 24 f\u00e9vrier, dernier jour d&rsquo;\u00e9cole avant les vacances scolaires d&rsquo;hiver, un go\u00fbter solidaire \u00e9tait organis\u00e9 devant l&rsquo;\u00e9cole Jean Mermoz du quartier de Bel-Air (Poitiers). Plein de bons g\u00e2teaux cuisin\u00e9s par des petites mains attentionn\u00e9es ont permis de r\u00e9colter quelques sous. &hellip; <a href=\"https:\/\/fa86.noblogs.org\/?p=4278\" class=\"more-link\">Continuer la lecture de <span class=\"screen-reader-text\">[Poitiers] Go\u00fbter de soutien solidaire avec la famille Adamianov, \u00e0 l&rsquo;\u00e9cole Mermoz<\/span> <span class=\"meta-nav\">&rarr;<\/span><\/a><\/p>\n","protected":false},"author":2691,"featured_media":0,"comment_status":"open","ping_status":"open","sticky":false,"template":"","format":"standard","meta":{"footnotes":""},"categories":[17,9,11,16,4],"tags":[],"class_list":["post-4278","post","type-post","status-publish","format-standard","hentry","category-education-populaire","category-la-rue-grogne","category-ni-patrie-ni-frontiere","category-repression","category-se-trouver"],"_links":{"self":[{"href":"https:\/\/fa86.noblogs.org\/index.php?rest_route=\/wp\/v2\/posts\/4278","targetHints":{"allow":["GET"]}}],"collection":[{"href":"https:\/\/fa86.noblogs.org\/index.php?rest_route=\/wp\/v2\/posts"}],"about":[{"href":"https:\/\/fa86.noblogs.org\/index.php?rest_route=\/wp\/v2\/types\/post"}],"author":[{"embeddable":true,"href":"https:\/\/fa86.noblogs.org\/index.php?rest_route=\/wp\/v2\/users\/2691"}],"replies":[{"embeddable":true,"href":"https:\/\/fa86.noblogs.org\/index.php?rest_route=%2Fwp%2Fv2%2Fcomments&post=4278"}],"version-history":[{"count":4,"href":"https:\/\/fa86.noblogs.org\/index.php?rest_route=\/wp\/v2\/posts\/4278\/revisions"}],"predecessor-version":[{"id":4295,"href":"https:\/\/fa86.noblogs.org\/index.php?rest_route=\/wp\/v2\/posts\/4278\/revisions\/4295"}],"wp:attachment":[{"href":"https:\/\/fa86.noblogs.org\/index.php?rest_route=%2Fwp%2Fv2%2Fmedia&parent=4278"}],"wp:term":[{"taxonomy":"category","embeddable":true,"href":"https:\/\/fa86.noblogs.org\/index.php?rest_route=%2Fwp%2Fv2%2Fcategories&post=4278"},{"taxonomy":"post_tag","embeddable":true,"href":"https:\/\/fa86.noblogs.org\/index.php?rest_route=%2Fwp%2Fv2%2Ftags&post=4278"}],"curies":[{"name":"wp","href":"https:\/\/api.w.org\/{rel}","templated":true}]}}