{"id":4282,"date":"2012-02-25T09:28:31","date_gmt":"2012-02-25T08:28:31","guid":{"rendered":"http:\/\/fa86.noblogs.org\/?p=4282"},"modified":"2012-02-25T09:28:31","modified_gmt":"2012-02-25T08:28:31","slug":"poitiers-dal-86-rassemblement-action-repas-solidaire","status":"publish","type":"post","link":"https:\/\/fa86.noblogs.org\/?p=4282","title":{"rendered":"[Poitiers] Dal 86 : Rassemblement, action, repas solidaire"},"content":{"rendered":"<h2 style=\"text-align: justify\"><a href=\"http:\/\/www.lanouvellerepublique.fr\/Vienne\/Actualite\/Economie-social\/n\/Contenus\/Articles\/2012\/02\/25\/DAL-premiere-action-soft\" target=\"_blank\">DAL : premi\u00e8re action soft<\/a><\/h2>\n<p style=\"text-align: justify\">Les membres de la toute nouvelle antenne du DAL 86\u00a0ont proc\u00e9d\u00e9 \u00e0 trois \u00e9tapes symboliques, \u00e0 Poitiers, en mati\u00e8re de logement.<\/p>\n<div>\n<p style=\"text-align: justify\"><a title=\"Contact\u00e9s par des locataires, les membres du DAL 86 ont rappel\u00e9 le droit \u00e0 un logement d\u00e9cent en manifestant sous les fen\u00eatres de propri\u00e9taires peu \u00ab\u00a0scrupuleux\u00a0\u00bb.\" href=\"http:\/\/www.lanouvellerepublique.fr\/var\/nrv2\/storage\/images\/contenus\/articles\/2012\/02\/25\/dal-premiere-action-soft\/16271597-1-fre-FR\/DAL-premiere-action-soft_reference.jpg\" target=\"_blank\"><img loading=\"lazy\" decoding=\"async\" src=\"http:\/\/www.lanouvellerepublique.fr\/var\/nrv2\/storage\/images\/contenus\/articles\/2012\/02\/25\/dal-premiere-action-soft\/16271597-1-fre-FR\/DAL-premiere-action-soft_image_article_large.jpg\" alt=\"Contact\u00e9s par des locataires, les membres du DAL 86 ont rappel\u00e9 le droit \u00e0 un logement d\u00e9cent en manifestant sous les fen\u00eatres de propri\u00e9taires peu \u00ab\u00a0scrupuleux\u00a0\u00bb.\" width=\"488\" height=\"328\" \/> <\/a><\/p>\n<div>\u00a0<\/div>\n<p style=\"text-align: justify\"><em>Contact\u00e9s par des locataires, les membres du DAL 86 ont rappel\u00e9 le droit \u00e0 un logement d\u00e9cent en manifestant sous les fen\u00eatres de propri\u00e9taires peu \u00ab\u00a0scrupuleux\u00a0\u00bb.<\/em><\/p>\n<div style=\"text-align: justify\">\n<p><a href=\"http:\/\/memorix.sdv.fr\/5c\/www.lanouvellerepublique.fr\/actualite\/economie-social_articles\/86\/poitiers\/86194\/476315428\/Position1\/SDV_LNRCO\/default\/empty.gif\/5575556e555539496d5277414271474a\" target=\"_blank\"><img loading=\"lazy\" decoding=\"async\" src=\"http:\/\/memorix.sdv.fr\/5\/www.lanouvellerepublique.fr\/actualite\/economie-social_articles\/86\/poitiers\/86194\/476315428\/Position1\/SDV_LNRCO\/default\/empty.gif\/5575556e555539496d5277414271474a?\" alt=\"\" width=\"1\" height=\"1\" border=\"0\" \/><\/a>M\u00eame si les statuts du DAL 86\u00a0(Droit au logement) viennent juste d&rsquo;\u00eatre d\u00e9pos\u00e9s en pr\u00e9fecture, une action \u00ab\u00a0publique\u00a0\u00bb en trois temps a \u00e9t\u00e9 organis\u00e9e hier soir par les membres de l&rsquo;association. Rev\u00eatus de gilets jaune fluo, les militants ont d&rsquo;abord fait une pause devant la pr\u00e9fecture car \u00ab\u00a0<em>c&rsquo;est la principale institution \u00e0 s&rsquo;occuper du logement\u00a0<\/em>\u00bb avant de prendre le chemin de l&rsquo;h\u00f4tel de ville. M\u00eames revendications lues \u00e0 haute et forte voix, sans m\u00e9gaphone, mais entendues par les clients assis aux terrasses des bars voisins. Le porte-parole Jean-Christophe Clochard a rappel\u00e9 le manque de transparence sur la situation du logement dans le d\u00e9partement comme en France. Il a ensuite \u00e9voqu\u00e9 les quelque 4.000\u00a0logements vacants \u00e0 Poitiers qui pourraient \u00eatre r\u00e9quisitionn\u00e9s dans le cadre de logements d&rsquo;urgence avant d&rsquo;insister sur la n\u00e9cessit\u00e9 de d\u00e9noncer les logements indignes ou bien encore les expulsions locatives, \u00e0 la fin de l&rsquo;hiver, grandissantes d&rsquo;ann\u00e9e en ann\u00e9e. Pour illustrer le type d&rsquo;action que le DAL 86 va mettre d\u00e9sormais en place, le groupe s&rsquo;est dirig\u00e9 dans la Grand-Rue, vers la r\u00e9sidence de propri\u00e9taires qui louent un logement consid\u00e9r\u00e9 comme \u00ab\u00a0indigne\u00a0\u00bb par ses locataires \u00e9tudiants d\u00e9sempar\u00e9s.<\/p>\n<\/div>\n<div>\n<p style=\"text-align: justify\"><em>Nouvelle R\u00e9publique, 25 f\u00e9vrier 2012<\/em><\/p>\n<p style=\"text-align: justify\"><em><strong>ndPN<\/strong> : pour le d\u00e9tail des discours <strong><a href=\"http:\/\/dal86.fr\/2012\/02\/25\/declaration-du-dal86-lors-de-la-soiree-du-24-fevrier-2012\/\" target=\"_blank\">\u00e7a se passe ici<\/a><\/strong>. Le tout suivi d&rsquo;un repas solidaire bien sympa devant Notre-Dame. A noter le dispositif policier assez hallucinant, puisqu&rsquo;il y avait pr\u00e8s d&rsquo;un flic pour un-e manifestant-e&#8230;\u00a0Nous avons \u00e9t\u00e9 film\u00e9-e-s au camescope. Ce qui semble montrer que les autorit\u00e9s craignent le fait que des gens <a href=\"http:\/\/dal86.fr\/2012\/02\/24\/tract-du-24-02-12-ca-y-est-le-droit-au-logement-86-est-ne\/\" target=\"_blank\">s&rsquo;organisent sur cette question cruciale du logement<\/a>. Longue vie au Dal 86 !<\/em><\/p>\n<\/div>\n<\/div>\n","protected":false},"excerpt":{"rendered":"<p>DAL : premi\u00e8re action soft Les membres de la toute nouvelle antenne du DAL 86\u00a0ont proc\u00e9d\u00e9 \u00e0 trois \u00e9tapes symboliques, \u00e0 Poitiers, en mati\u00e8re de logement. \u00a0 Contact\u00e9s par des locataires, les membres du DAL 86 ont rappel\u00e9 le droit \u00e0 un logement d\u00e9cent en manifestant sous les fen\u00eatres de propri\u00e9taires peu \u00ab\u00a0scrupuleux\u00a0\u00bb. M\u00eame si &hellip; <a href=\"https:\/\/fa86.noblogs.org\/?p=4282\" class=\"more-link\">Continuer la lecture de <span class=\"screen-reader-text\">[Poitiers] Dal 86 : Rassemblement, action, repas solidaire<\/span> <span class=\"meta-nav\">&rarr;<\/span><\/a><\/p>\n","protected":false},"author":2691,"featured_media":0,"comment_status":"open","ping_status":"open","sticky":false,"template":"","format":"standard","meta":{"footnotes":""},"categories":[9,4],"tags":[],"class_list":["post-4282","post","type-post","status-publish","format-standard","hentry","category-la-rue-grogne","category-se-trouver"],"_links":{"self":[{"href":"https:\/\/fa86.noblogs.org\/index.php?rest_route=\/wp\/v2\/posts\/4282","targetHints":{"allow":["GET"]}}],"collection":[{"href":"https:\/\/fa86.noblogs.org\/index.php?rest_route=\/wp\/v2\/posts"}],"about":[{"href":"https:\/\/fa86.noblogs.org\/index.php?rest_route=\/wp\/v2\/types\/post"}],"author":[{"embeddable":true,"href":"https:\/\/fa86.noblogs.org\/index.php?rest_route=\/wp\/v2\/users\/2691"}],"replies":[{"embeddable":true,"href":"https:\/\/fa86.noblogs.org\/index.php?rest_route=%2Fwp%2Fv2%2Fcomments&post=4282"}],"version-history":[{"count":2,"href":"https:\/\/fa86.noblogs.org\/index.php?rest_route=\/wp\/v2\/posts\/4282\/revisions"}],"predecessor-version":[{"id":4284,"href":"https:\/\/fa86.noblogs.org\/index.php?rest_route=\/wp\/v2\/posts\/4282\/revisions\/4284"}],"wp:attachment":[{"href":"https:\/\/fa86.noblogs.org\/index.php?rest_route=%2Fwp%2Fv2%2Fmedia&parent=4282"}],"wp:term":[{"taxonomy":"category","embeddable":true,"href":"https:\/\/fa86.noblogs.org\/index.php?rest_route=%2Fwp%2Fv2%2Fcategories&post=4282"},{"taxonomy":"post_tag","embeddable":true,"href":"https:\/\/fa86.noblogs.org\/index.php?rest_route=%2Fwp%2Fv2%2Ftags&post=4282"}],"curies":[{"name":"wp","href":"https:\/\/api.w.org\/{rel}","templated":true}]}}