{"id":4292,"date":"2012-02-25T09:45:11","date_gmt":"2012-02-25T08:45:11","guid":{"rendered":"http:\/\/fa86.noblogs.org\/?p=4292"},"modified":"2012-02-25T09:45:11","modified_gmt":"2012-02-25T08:45:11","slug":"poitiers-des-tags-sur-lancienne-prison","status":"publish","type":"post","link":"https:\/\/fa86.noblogs.org\/?p=4292","title":{"rendered":"[Poitiers] Des tags sur l&rsquo;ancienne prison"},"content":{"rendered":"<h2 style=\"text-align: justify\"><a href=\"http:\/\/www.lanouvellerepublique.fr\/Vienne\/Actualite\/Faits-divers-justice\/n\/Contenus\/Articles\/2012\/02\/25\/Des-tags-sur-l-ancienne-prison\" target=\"_blank\">Des tags sur l&rsquo;ancienne prison<\/a><\/h2>\n<div>\n<div style=\"text-align: justify\">\n<p>Deux jeunes passaient en justice, hier, pour des d\u00e9gradations sur une cl\u00f4ture appartenant \u00e0 la mairie de Poitiers. Le premier, Florent, est aper\u00e7u par deux policiers le 31\u00a0octobre\u00a0dernier\u00a0accroupi en train de peindre sur le mur de l&rsquo;ancienne prison. Il a d\u00e9j\u00e0 \u00e9t\u00e9 condamn\u00e9 en\u00a0f\u00e9vrier\u00a02007\u00a0pour la m\u00eame chose. Le second gar\u00e7on, Charles, est arr\u00eat\u00e9 alors qu&rsquo;il faisait le guet. Les deux jeunes hommes n&rsquo;ont eu de cesse de nier les faits\u2009: <em>\u00ab\u00a0On \u00e9tait l\u00e0<\/em><em>pour uriner\u2009!\u00a0\u00bb<\/em> La police les aurait, selon eux, interpell\u00e9s avec agressivit\u00e9. \u00ab\u00a0<em>J&rsquo;avais l&rsquo;impression de tenir un fusil \u00e0 la main alors que j&rsquo;\u00e9tais juste en train de reboutonner mon pantalon\u00a0<\/em>\u00bb,<em> <\/em>assure Charles. Dans cette affaire c&rsquo;\u00e9tait la parole de deux jeunes, dont un r\u00e9cidiviste, contre celle de deux policiers asserment\u00e9s. Le premier, pris la main dans le sac avec de la peinture sur les mains et les chaussures et avec dans son coffre de voiture des bombes de peinture identiques \u00e0 celle utilis\u00e9e pour taguer la cl\u00f4ture sur 5\u00a0m de longueur et 2\u00a0m de hauteur\u2009! Florent a \u00e9chapp\u00e9 \u00e0 la peine plancher de deux ans de prison bien que d\u00e9clar\u00e9 coupable et condamn\u00e9 \u00e0 300\u2009\u20ac de jours amende. Charles a \u00e9t\u00e9 relax\u00e9. Mais ils rel\u00e8vent la m\u00eame injustice\u2009: \u00ab\u00a0<em>C&rsquo;est quand m\u00eame lourd pour avoir urin\u00e9 contre un mur\u2009!\u00a0<\/em>\u00bb.<\/p>\n<\/div>\n<div>\n<p style=\"text-align: justify\"><em>Nouvelle R\u00e9publique, A.P., 25 f\u00e9vrier 2012<\/em><\/p>\n<\/div>\n<\/div>\n","protected":false},"excerpt":{"rendered":"<p>Des tags sur l&rsquo;ancienne prison Deux jeunes passaient en justice, hier, pour des d\u00e9gradations sur une cl\u00f4ture appartenant \u00e0 la mairie de Poitiers. Le premier, Florent, est aper\u00e7u par deux policiers le 31\u00a0octobre\u00a0dernier\u00a0accroupi en train de peindre sur le mur de l&rsquo;ancienne prison. Il a d\u00e9j\u00e0 \u00e9t\u00e9 condamn\u00e9 en\u00a0f\u00e9vrier\u00a02007\u00a0pour la m\u00eame chose. Le second gar\u00e7on, &hellip; <a href=\"https:\/\/fa86.noblogs.org\/?p=4292\" class=\"more-link\">Continuer la lecture de <span class=\"screen-reader-text\">[Poitiers] Des tags sur l&rsquo;ancienne prison<\/span> <span class=\"meta-nav\">&rarr;<\/span><\/a><\/p>\n","protected":false},"author":2691,"featured_media":0,"comment_status":"open","ping_status":"open","sticky":false,"template":"","format":"standard","meta":{"footnotes":""},"categories":[23,20,16],"tags":[],"class_list":["post-4292","post","type-post","status-publish","format-standard","hentry","category-defense-dafficher","category-feu-aux-prisons","category-repression"],"_links":{"self":[{"href":"https:\/\/fa86.noblogs.org\/index.php?rest_route=\/wp\/v2\/posts\/4292","targetHints":{"allow":["GET"]}}],"collection":[{"href":"https:\/\/fa86.noblogs.org\/index.php?rest_route=\/wp\/v2\/posts"}],"about":[{"href":"https:\/\/fa86.noblogs.org\/index.php?rest_route=\/wp\/v2\/types\/post"}],"author":[{"embeddable":true,"href":"https:\/\/fa86.noblogs.org\/index.php?rest_route=\/wp\/v2\/users\/2691"}],"replies":[{"embeddable":true,"href":"https:\/\/fa86.noblogs.org\/index.php?rest_route=%2Fwp%2Fv2%2Fcomments&post=4292"}],"version-history":[{"count":2,"href":"https:\/\/fa86.noblogs.org\/index.php?rest_route=\/wp\/v2\/posts\/4292\/revisions"}],"predecessor-version":[{"id":4294,"href":"https:\/\/fa86.noblogs.org\/index.php?rest_route=\/wp\/v2\/posts\/4292\/revisions\/4294"}],"wp:attachment":[{"href":"https:\/\/fa86.noblogs.org\/index.php?rest_route=%2Fwp%2Fv2%2Fmedia&parent=4292"}],"wp:term":[{"taxonomy":"category","embeddable":true,"href":"https:\/\/fa86.noblogs.org\/index.php?rest_route=%2Fwp%2Fv2%2Fcategories&post=4292"},{"taxonomy":"post_tag","embeddable":true,"href":"https:\/\/fa86.noblogs.org\/index.php?rest_route=%2Fwp%2Fv2%2Ftags&post=4292"}],"curies":[{"name":"wp","href":"https:\/\/api.w.org\/{rel}","templated":true}]}}