{"id":4302,"date":"2012-02-25T19:12:09","date_gmt":"2012-02-25T18:12:09","guid":{"rendered":"http:\/\/fa86.noblogs.org\/?p=4302"},"modified":"2012-02-25T19:12:09","modified_gmt":"2012-02-25T18:12:09","slug":"non-a-acta-manifs-danonymous","status":"publish","type":"post","link":"https:\/\/fa86.noblogs.org\/?p=4302","title":{"rendered":"Non \u00e0 ACTA : manifs d&rsquo;Anonymous"},"content":{"rendered":"<h2 style=\"text-align: justify\"><a href=\"http:\/\/actu.voila.fr\/actualites\/france\/2012\/02\/25\/contrefacon-sur-internet-nouvelles-manifestations-en-france-contre-acta_2270548.html\" target=\"_blank\">Contrefa\u00e7on sur internet : nouvelles manifestations en France contre Acta<\/a><\/h2>\n<p style=\"text-align: justify\"><strong>Des centaines de manifestants, nombreux \u00e0 porter le masque des \u00ab\u00a0Anonymous\u00a0\u00bb, ont de nouveau d\u00e9fil\u00e9 samedi \u00e0 Paris et en r\u00e9gion pour d\u00e9noncer les atteintes aux libert\u00e9s sur internet, en particulier l&rsquo;accord international Acta sur la contrefa\u00e7on, a constat\u00e9 l&rsquo;AFP.<\/strong><\/p>\n<p style=\"text-align: justify\"><a title=\"Des manifestants d\u00e9filent \u00e0 Nice pour d\u00e9noncer les atteintes aux libert\u00e9s sur internet, le 25 f\u00e9vrier 2012.\" href=\"http:\/\/media.voila.fr\/content\/medias_81\/2012\/02\/25\/photo_1330189258163-1-0.jpg\"><img loading=\"lazy\" decoding=\"async\" src=\"http:\/\/actu.voila.fr\/images\/356x200\/2012\/02\/25\/81_photo_1330189258163-1-0.jpg\" alt=\"Des manifestants d\u00e9filent \u00e0 Nice pour d\u00e9noncer les atteintes aux libert\u00e9s sur internet, le 25 f\u00e9vrier 2012.\" width=\"360\" height=\"200\" \/><\/a><\/p>\n<div>\n<p><em>Des manifestants d\u00e9filent \u00e0 Nice pour d\u00e9noncer les atteintes aux libert\u00e9s sur internet, le 25 f\u00e9vrier 2012<\/em><\/p>\n<\/div>\n<p style=\"text-align: justify\">Ils \u00e9taient 650 \u00e0 Paris selon la police qui en avait d\u00e9nombr\u00e9 un millier il y a quinze jours lors d&rsquo;une pr\u00e9c\u00e9dente manifestation dans la capitale et entendent poursuivre leur mobilisation jusqu&rsquo;\u00e0 ce que l&rsquo;accord Acta soit retir\u00e9.<\/p>\n<p style=\"text-align: justify\">Plusieurs manifestations regroupant quelques centaines de personnes au total ont \u00e9galement eu lieu \u00e0 Lille, Rennes, Lyon, Marseille et Toulouse.<\/p>\n<p style=\"text-align: justify\">N\u00e9goci\u00e9 entre l&rsquo;Union europ\u00e9enne, les Etats-Unis, le Japon, le Canada, la Nouvelle-Z\u00e9lande, l&rsquo;Australie, Singapour, la Cor\u00e9e du Sud, le Maroc, le Mexique et la Suisse, l&rsquo;Acta vise \u00e0 lutter contre la contrefa\u00e7on au sens large, de celle des m\u00e9dicaments et autres marchandises au t\u00e9l\u00e9chargement ill\u00e9gal sur l&rsquo;internet.<\/p>\n<p style=\"text-align: justify\">Il est d\u00e9peint par ses opposants comme une atteinte potentielle grave \u00e0 la libert\u00e9 d&rsquo;expression et aux droits des utilisateurs d&rsquo;internet.<\/p>\n<p style=\"text-align: justify\">A Paris, les manifestants, plut\u00f4t jeunes, masculins, portant des v\u00eatements sombres et le masque au sourire ironique des \u00ab\u00a0Anonymous\u00a0\u00bb ont d\u00e9fil\u00e9 pacifiquement au d\u00e9part de la place de la Bastille en scandant des slogans tels que \u00ab\u00a0Acta tu passeras pas!\u00a0\u00bb, \u00ab\u00a0partage, culture, libert\u00e9!\u00a0\u00bb ou \u00ab\u00a0libert\u00e9 sur internet !\u00a0\u00bb.<\/p>\n<p style=\"text-align: justify\">La plupart ont \u00e9t\u00e9 mobilis\u00e9s via internet et par le bouche \u00e0 oreille.<\/p>\n<p style=\"text-align: justify\">\u00ab\u00a0Cet accord pr\u00e9voit des lois r\u00e9pressives qui font de tous les internautes des d\u00e9linquants potentiels. Bien s\u00fbr il y a les droits d&rsquo;auteurs et les artistes doivent \u00eatre r\u00e9mun\u00e9r\u00e9s mais ce qui risque d&rsquo;arriver si les gouvernants continuent dans la m\u00eame logique, c&rsquo;est qu&rsquo;ils soient boycott\u00e9s\u00a0\u00bb, a estim\u00e9 Fr\u00e9d\u00e9ric Couchet, d\u00e9l\u00e9gu\u00e9 g\u00e9n\u00e9ral de l&rsquo;association de promotion et d\u00e9fense du logiciel libre (April).<\/p>\n<p style=\"text-align: justify\">Pour lutter contre la contrefa\u00e7on, \u00ab\u00a0il faut, selon lui, revoir le syst\u00e8me dans son ensemble et \u00e9tudier toutes les possibilit\u00e9s sans id\u00e9es pr\u00e9con\u00e7ues n\u00e9gatives\u00a0\u00bb.<\/p>\n<p style=\"text-align: justify\">\u00ab\u00a0On esp\u00e8re qu&rsquo;il ne faudra pas attendre une nouvelle g\u00e9n\u00e9ration de politiques n\u00e9s avec le num\u00e9rique pour qu&rsquo;enfin \u00e7a se d\u00e9bloque !\u00a0\u00bb, commentait un jeune manifestant.<\/p>\n<p style=\"text-align: justify\">Les opposants \u00e0 Acta \u00e9taient environ 200 \u00e0 Rennes et \u00e0 Toulouse, 150 \u00e0 Lille, une centaine \u00e0 Lyon et une cinquantaine \u00e0 Marseille. Nombre portaient le masque des \u00ab\u00a0Anonymous\u00a0\u00bb, d&rsquo;autres des masques blancs ou des foulards. Plusieurs revendiquaient leur pr\u00e9sence \u00ab\u00a0en tant que simples citoyens\u00a0\u00bb.<\/p>\n<p style=\"text-align: justify\">\u00ab\u00a0On est tout \u00e0 fait d&rsquo;accord sur le principe de mettre en place une l\u00e9gislation pour lutter contre la contrefa\u00e7on. Le probl\u00e8me, c&rsquo;est que nos dirigeants voient internet comme le minitel, un syst\u00e8me archa\u00efque. On l&rsquo;a vu avec Megaupload. Ils auront beau leur couper la t\u00eate (aux sites faisant de la contrefa\u00e7on un commerce), ils rena\u00eetront\u00a0\u00bb, a estim\u00e9 un jeune Marseillais.<\/p>\n<p style=\"text-align: justify\">Les \u00ab\u00a0Anonymous\u00a0\u00bb sont une n\u00e9buleuse compos\u00e9e de pirates informatiques \u00ab\u00a0pacifiques\u00a0\u00bb n\u00e9e aux Etats-Unis en 2008. Ils disent lutter \u00ab\u00a0contre toute forme de censure\u00a0\u00bb ou de \u00ab\u00a0dictature\u00a0\u00bb. Leurs actions spectaculaires ont beaucoup fait parler d&rsquo;eux ces derniers mois.<\/p>\n<p style=\"text-align: justify\"><em>AFP, 25 f\u00e9vrier 2012<\/em><\/p>\n","protected":false},"excerpt":{"rendered":"<p>Contrefa\u00e7on sur internet : nouvelles manifestations en France contre Acta Des centaines de manifestants, nombreux \u00e0 porter le masque des \u00ab\u00a0Anonymous\u00a0\u00bb, ont de nouveau d\u00e9fil\u00e9 samedi \u00e0 Paris et en r\u00e9gion pour d\u00e9noncer les atteintes aux libert\u00e9s sur internet, en particulier l&rsquo;accord international Acta sur la contrefa\u00e7on, a constat\u00e9 l&rsquo;AFP. Des manifestants d\u00e9filent \u00e0 Nice &hellip; <a href=\"https:\/\/fa86.noblogs.org\/?p=4302\" class=\"more-link\">Continuer la lecture de <span class=\"screen-reader-text\">Non \u00e0 ACTA : manifs d&rsquo;Anonymous<\/span> <span class=\"meta-nav\">&rarr;<\/span><\/a><\/p>\n","protected":false},"author":2691,"featured_media":0,"comment_status":"open","ping_status":"open","sticky":false,"template":"","format":"standard","meta":{"footnotes":""},"categories":[9,16],"tags":[],"class_list":["post-4302","post","type-post","status-publish","format-standard","hentry","category-la-rue-grogne","category-repression"],"_links":{"self":[{"href":"https:\/\/fa86.noblogs.org\/index.php?rest_route=\/wp\/v2\/posts\/4302","targetHints":{"allow":["GET"]}}],"collection":[{"href":"https:\/\/fa86.noblogs.org\/index.php?rest_route=\/wp\/v2\/posts"}],"about":[{"href":"https:\/\/fa86.noblogs.org\/index.php?rest_route=\/wp\/v2\/types\/post"}],"author":[{"embeddable":true,"href":"https:\/\/fa86.noblogs.org\/index.php?rest_route=\/wp\/v2\/users\/2691"}],"replies":[{"embeddable":true,"href":"https:\/\/fa86.noblogs.org\/index.php?rest_route=%2Fwp%2Fv2%2Fcomments&post=4302"}],"version-history":[{"count":2,"href":"https:\/\/fa86.noblogs.org\/index.php?rest_route=\/wp\/v2\/posts\/4302\/revisions"}],"predecessor-version":[{"id":4304,"href":"https:\/\/fa86.noblogs.org\/index.php?rest_route=\/wp\/v2\/posts\/4302\/revisions\/4304"}],"wp:attachment":[{"href":"https:\/\/fa86.noblogs.org\/index.php?rest_route=%2Fwp%2Fv2%2Fmedia&parent=4302"}],"wp:term":[{"taxonomy":"category","embeddable":true,"href":"https:\/\/fa86.noblogs.org\/index.php?rest_route=%2Fwp%2Fv2%2Fcategories&post=4302"},{"taxonomy":"post_tag","embeddable":true,"href":"https:\/\/fa86.noblogs.org\/index.php?rest_route=%2Fwp%2Fv2%2Ftags&post=4302"}],"curies":[{"name":"wp","href":"https:\/\/api.w.org\/{rel}","templated":true}]}}