{"id":4307,"date":"2012-02-25T19:29:44","date_gmt":"2012-02-25T18:29:44","guid":{"rendered":"http:\/\/fa86.noblogs.org\/?p=4307"},"modified":"2012-02-25T19:29:44","modified_gmt":"2012-02-25T18:29:44","slug":"affaire-de-tarnac-fin-de-la-garde-a-vue-pour-le-forgeron","status":"publish","type":"post","link":"https:\/\/fa86.noblogs.org\/?p=4307","title":{"rendered":"\u00ab\u00a0Affaire\u00a0\u00bb de Tarnac : fin de la garde \u00e0 vue pour le forgeron"},"content":{"rendered":"<h2 style=\"text-align: justify\"><a href=\"http:\/\/www.paris-normandie.fr\/article\/faits-divers\/fin-de-la-garde-a-vue-du-normand-proche-du-groupe-de-tarnac\" target=\"_blank\">Fin de la garde \u00e0 vue du Normand proche du groupe de Tarnac<\/a><\/h2>\n<p style=\"text-align: justify\">Un homme proche du groupe de Tarnac, soup\u00e7onn\u00e9 d&rsquo;avoir fabriqu\u00e9 des crochets utilis\u00e9s pour le sabotage de lignes TGV en 2008, a ni\u00e9 ces accusations tout au long de sa garde \u00e0 vue, que ses avocats ont qualifi\u00e9e de \u00ab\u00a0grotesque\u00a0\u00bb apr\u00e8s qu&rsquo;elle eut pris fin vendredi soir.<\/p>\n<p>S&rsquo;il a \u00e9t\u00e9 lib\u00e9r\u00e9 sans \u00eatre mis en examen, cet homme d&rsquo;une trentaine d&rsquo;ann\u00e9es originaire de la r\u00e9gion rouennaise et qui a une formation de forgeron-ferronnier, pourrait \u00eatre \u00e0 nouveau convoqu\u00e9 ult\u00e9rieurement, a-t-on affirm\u00e9 de source proche du dossier.<\/p>\n<p>Les enqu\u00eateurs le soup\u00e7onnent d&rsquo;avoir fabriqu\u00e9 les crochets constitu\u00e9s de morceaux de fer \u00e0 b\u00e9ton qui avaient \u00e9t\u00e9 plac\u00e9s dans la nuit du 7 au 8 novembre 2008 sur des cat\u00e9naires, dans l&rsquo;Oise, l&rsquo;Yonne et la Seine-et-Marne, a-t-on indiqu\u00e9 de m\u00eame source.<\/p>\n<p>Il a cat\u00e9goriquement ni\u00e9 ces accusations tout au long de sa garde \u00e0 vue, qui avait d\u00e9but\u00e9 jeudi dans les locaux de la Sous-direction de la lutte antiterroriste (SDAT) \u00e0 Levallois-Perret (Hauts-de-Seine).<\/p>\n<p>Les enqu\u00eateurs ont par ailleurs perquisitionn\u00e9 l&rsquo;atelier de son p\u00e8re, qui exerce le m\u00eame m\u00e9tier que lui, un atelier auquel le suspect avait acc\u00e8s.<\/p>\n<p>Ses avocats, Mes J\u00e9r\u00e9mie Assous et Etienne No\u00ebl, ont qualifi\u00e9 cette garde \u00e0 vue de \u00ab\u00a0grotesque\u00a0\u00bb.<\/p>\n<p>\u00ab\u00a0C&rsquo;est une \u00e9ni\u00e8me tentative de sauver du naufrage l&rsquo;instruction alors que le navire a coul\u00e9 depuis longtemps\u00a0\u00bb, a dit \u00e0 l&rsquo;AFP Me Assous. \u00ab\u00a0Cette garde \u00e0 vue ne vise qu&rsquo;\u00e0 donner l&rsquo;illusion que l&rsquo;instruction existe.\u00a0\u00bb<\/p>\n<p>L&rsquo;homme plac\u00e9 en garde \u00e0 vue avait \u00e9t\u00e9 pr\u00e9sent\u00e9 de source proche du dossier comme \u00e9tant proche du groupe de personnes mises en examen pour les sabotages.<\/p>\n<p>Ses avocats ont expliqu\u00e9 \u00e0 l&rsquo;AFP qu&rsquo;il avait \u00e9t\u00e9 colocataire d&rsquo;un des mis en examen et qu&rsquo;il ne s&rsquo;en \u00e9tait jamais cach\u00e9.<\/p>\n<p>\u00ab\u00a0L&rsquo;ami d&rsquo;un ami qui a une bo\u00eete \u00e0 outils peut donc selon l&rsquo;accusation \u00eatre soup\u00e7onn\u00e9 d&rsquo;une infraction qu&rsquo;elle n&rsquo;arrive pas \u00e0 prouver\u00a0\u00bb, a ironis\u00e9 Me Assous.<\/p>\n<p>Les actes de sabotage commis en novembre 2008 avaient affect\u00e9 les lignes \u00e0 grande vitesse (LGV) Nord, Est et Sud-Est apr\u00e8s que les crochets eurent \u00e9t\u00e9 percut\u00e9s par les trains-balais, charg\u00e9s de v\u00e9rifier quotidiennement la s\u00e9curit\u00e9 des voies avant l&rsquo;ouverture au trafic commercial.<\/p>\n<p>Le 11 novembre 2008, la police antiterroriste avait interpell\u00e9 une vingtaine de personnes \u00e0 Paris, Rouen, dans la Meuse et Tarnac (Corr\u00e8ze).<\/p>\n<p>Dix personnes, dont Julien Coupat et sa compagne, Yildune Levy, ont \u00e9t\u00e9 mis en examen dans ce dossier instruit \u00e0 Paris par le juge Thierry Fragnoli, notamment pour \u00ab\u00a0association de malfaiteurs en relation avec une entreprise terroriste\u00a0\u00bb. \u00a0<\/p>\n<p>Le parquet antiterroriste avait ouvert d\u00e8s avril 2008 une enqu\u00eate pr\u00e9liminaire sur les agissements pr\u00e9sum\u00e9s de Coupat et de certains de ses proches.<\/p>\n<p>Tous les suspects ont \u00e9t\u00e9 lib\u00e9r\u00e9s, y compris Julien Coupat sorti le dernier de prison, en mai 2009.<\/p>\n<p>La d\u00e9fense a entrepris de d\u00e9monter l&rsquo;enqu\u00eate en cours.<\/p>\n<p>Mais en octobre 2010, la cour d&rsquo;appel de Paris a rejet\u00e9 l&rsquo;ensemble des demandes d&rsquo;annulation des investigations d\u00e9pos\u00e9es par les avocats de la d\u00e9fense, estimant qu&rsquo;elles n&rsquo;\u00e9taient pas entach\u00e9es d&rsquo;irr\u00e9gularit\u00e9.<\/p>\n<p>Les avocats ont qualifi\u00e9 de \u00ab\u00a0simulacre\u00a0\u00bb la reconstitution organis\u00e9e en janvier 2011 \u00e0 Dhuisy.<\/p>\n<p>En novembre 2011, une information judiciaire a \u00e9t\u00e9 ouverte \u00e0 Nanterre pour \u00ab\u00a0faux et usage de faux en \u00e9criture publique\u00a0\u00bb apr\u00e8s une plainte du groupe de Tarnac qui accuse la Sdat d&rsquo;avoir r\u00e9dig\u00e9 un PV mensonger pour les mettre en cause.<\/p>\n<p>Une autre instruction, cette fois \u00e0 Brive-la-Gaillarde (Corr\u00e8ze), a \u00e9t\u00e9 ouverte en janvier apr\u00e8s une plainte pour atteinte \u00e0 la vie priv\u00e9e au sujet d&rsquo;\u00e9coutes li\u00e9es \u00e0 la surveillance de l&rsquo;\u00e9picerie g\u00e9r\u00e9e par des membres du groupe de Tarnac.<\/p>\n<p style=\"text-align: justify\"><em>Paris Normandie, 24 f\u00e9vrier 2012<\/em><\/p>\n<p style=\"text-align: justify\"><strong><em>ndPN : r\u00e9\u00e9coutons avec plaisir <a href=\"http:\/\/www.dailymotion.com\/video\/x7yxwo_uht-ultime-hyper-totale-gauche-la_news\" target=\"_blank\">ce tube de la Parisienne Lib\u00e9r\u00e9e<\/a> !<\/em><\/strong><\/p>\n","protected":false},"excerpt":{"rendered":"<p>Fin de la garde \u00e0 vue du Normand proche du groupe de Tarnac Un homme proche du groupe de Tarnac, soup\u00e7onn\u00e9 d&rsquo;avoir fabriqu\u00e9 des crochets utilis\u00e9s pour le sabotage de lignes TGV en 2008, a ni\u00e9 ces accusations tout au long de sa garde \u00e0 vue, que ses avocats ont qualifi\u00e9e de \u00ab\u00a0grotesque\u00a0\u00bb apr\u00e8s qu&rsquo;elle &hellip; <a href=\"https:\/\/fa86.noblogs.org\/?p=4307\" class=\"more-link\">Continuer la lecture de <span class=\"screen-reader-text\">\u00ab\u00a0Affaire\u00a0\u00bb de Tarnac : fin de la garde \u00e0 vue pour le forgeron<\/span> <span class=\"meta-nav\">&rarr;<\/span><\/a><\/p>\n","protected":false},"author":2691,"featured_media":0,"comment_status":"open","ping_status":"open","sticky":false,"template":"","format":"standard","meta":{"footnotes":""},"categories":[16],"tags":[],"class_list":["post-4307","post","type-post","status-publish","format-standard","hentry","category-repression"],"_links":{"self":[{"href":"https:\/\/fa86.noblogs.org\/index.php?rest_route=\/wp\/v2\/posts\/4307","targetHints":{"allow":["GET"]}}],"collection":[{"href":"https:\/\/fa86.noblogs.org\/index.php?rest_route=\/wp\/v2\/posts"}],"about":[{"href":"https:\/\/fa86.noblogs.org\/index.php?rest_route=\/wp\/v2\/types\/post"}],"author":[{"embeddable":true,"href":"https:\/\/fa86.noblogs.org\/index.php?rest_route=\/wp\/v2\/users\/2691"}],"replies":[{"embeddable":true,"href":"https:\/\/fa86.noblogs.org\/index.php?rest_route=%2Fwp%2Fv2%2Fcomments&post=4307"}],"version-history":[{"count":1,"href":"https:\/\/fa86.noblogs.org\/index.php?rest_route=\/wp\/v2\/posts\/4307\/revisions"}],"predecessor-version":[{"id":4308,"href":"https:\/\/fa86.noblogs.org\/index.php?rest_route=\/wp\/v2\/posts\/4307\/revisions\/4308"}],"wp:attachment":[{"href":"https:\/\/fa86.noblogs.org\/index.php?rest_route=%2Fwp%2Fv2%2Fmedia&parent=4307"}],"wp:term":[{"taxonomy":"category","embeddable":true,"href":"https:\/\/fa86.noblogs.org\/index.php?rest_route=%2Fwp%2Fv2%2Fcategories&post=4307"},{"taxonomy":"post_tag","embeddable":true,"href":"https:\/\/fa86.noblogs.org\/index.php?rest_route=%2Fwp%2Fv2%2Ftags&post=4307"}],"curies":[{"name":"wp","href":"https:\/\/api.w.org\/{rel}","templated":true}]}}