{"id":4851,"date":"2012-03-18T10:35:44","date_gmt":"2012-03-18T09:35:44","guid":{"rendered":"http:\/\/fa86.noblogs.org\/?p=4851"},"modified":"2012-03-18T10:35:44","modified_gmt":"2012-03-18T09:35:44","slug":"poitiers-21-mars-tou-te-s-solidaires-contre-les-expulsions","status":"publish","type":"post","link":"https:\/\/fa86.noblogs.org\/?p=4851","title":{"rendered":"[Poitiers] 21 mars : tou-te-s solidaires contre les expulsions !"},"content":{"rendered":"<p style=\"text-align: justify\">Le 21 mars auront lieu deux rassemblements successifs :<\/p>\n<p style=\"text-align: justify\">\n<p style=\"text-align: justify\">\n<p style=\"text-align: justify\"><a href=\"https:\/\/fa86.noblogs.org\/files\/2012\/03\/AfficheManif21mars.jpg\"><img loading=\"lazy\" decoding=\"async\" class=\"alignnone size-large wp-image-4852\" src=\"https:\/\/fa86.noblogs.org\/files\/2012\/03\/AfficheManif21mars-774x1024.jpg\" alt=\"\" width=\"640\" height=\"846\" srcset=\"https:\/\/fa86.noblogs.org\/files\/2012\/03\/AfficheManif21mars-774x1024.jpg 774w, https:\/\/fa86.noblogs.org\/files\/2012\/03\/AfficheManif21mars-227x300.jpg 227w, https:\/\/fa86.noblogs.org\/files\/2012\/03\/AfficheManif21mars.jpg 1182w\" sizes=\"auto, (max-width: 640px) 100vw, 640px\" \/><\/a><\/p>\n<p style=\"text-align: justify\">A noter que le comit\u00e9 de Bel-Air a aussi pr\u00e9vu, ce 21 mars,\u00a0un rassemblement en soutien \u00e0 la famille Adamianov et \u00e0 toutes les personnes expulsables, \u00e0 18H devant le palais de justice.<\/p>\n<p style=\"text-align: justify\">Reprenons la rue !<\/p>\n","protected":false},"excerpt":{"rendered":"<p>Le 21 mars auront lieu deux rassemblements successifs : A noter que le comit\u00e9 de Bel-Air a aussi pr\u00e9vu, ce 21 mars,\u00a0un rassemblement en soutien \u00e0 la famille Adamianov et \u00e0 toutes les personnes expulsables, \u00e0 18H devant le palais de justice. Reprenons la rue !<\/p>\n","protected":false},"author":2691,"featured_media":0,"comment_status":"open","ping_status":"open","sticky":false,"template":"","format":"standard","meta":{"footnotes":""},"categories":[9,11,12,16,4],"tags":[],"class_list":["post-4851","post","type-post","status-publish","format-standard","hentry","category-la-rue-grogne","category-ni-patrie-ni-frontiere","category-okupa-y-resiste","category-repression","category-se-trouver"],"_links":{"self":[{"href":"https:\/\/fa86.noblogs.org\/index.php?rest_route=\/wp\/v2\/posts\/4851","targetHints":{"allow":["GET"]}}],"collection":[{"href":"https:\/\/fa86.noblogs.org\/index.php?rest_route=\/wp\/v2\/posts"}],"about":[{"href":"https:\/\/fa86.noblogs.org\/index.php?rest_route=\/wp\/v2\/types\/post"}],"author":[{"embeddable":true,"href":"https:\/\/fa86.noblogs.org\/index.php?rest_route=\/wp\/v2\/users\/2691"}],"replies":[{"embeddable":true,"href":"https:\/\/fa86.noblogs.org\/index.php?rest_route=%2Fwp%2Fv2%2Fcomments&post=4851"}],"version-history":[{"count":1,"href":"https:\/\/fa86.noblogs.org\/index.php?rest_route=\/wp\/v2\/posts\/4851\/revisions"}],"predecessor-version":[{"id":4853,"href":"https:\/\/fa86.noblogs.org\/index.php?rest_route=\/wp\/v2\/posts\/4851\/revisions\/4853"}],"wp:attachment":[{"href":"https:\/\/fa86.noblogs.org\/index.php?rest_route=%2Fwp%2Fv2%2Fmedia&parent=4851"}],"wp:term":[{"taxonomy":"category","embeddable":true,"href":"https:\/\/fa86.noblogs.org\/index.php?rest_route=%2Fwp%2Fv2%2Fcategories&post=4851"},{"taxonomy":"post_tag","embeddable":true,"href":"https:\/\/fa86.noblogs.org\/index.php?rest_route=%2Fwp%2Fv2%2Ftags&post=4851"}],"curies":[{"name":"wp","href":"https:\/\/api.w.org\/{rel}","templated":true}]}}