{"id":4857,"date":"2012-03-18T10:48:11","date_gmt":"2012-03-18T09:48:11","guid":{"rendered":"http:\/\/fa86.noblogs.org\/?p=4857"},"modified":"2012-03-18T10:53:24","modified_gmt":"2012-03-18T09:53:24","slug":"86-lutte-contre-la-fermeture-de-classes-dans-le-sud-vienne","status":"publish","type":"post","link":"https:\/\/fa86.noblogs.org\/?p=4857","title":{"rendered":"[86] Lutte contre la fermeture de classes dans le sud-Vienne"},"content":{"rendered":"<p style=\"text-align: justify\"><a href=\"http:\/\/www.lanouvellerepublique.fr\/Vienne\/Actualite\/Education\/n\/Contenus\/Articles\/2012\/03\/18\/Le-Sud-Vienne-se-mobilise-pour-ses-ecoles-menacees\" target=\"_blank\">Le Sud-Vienne se mobilise pour ses \u00e9coles menac\u00e9es<\/a><\/p>\n<p style=\"text-align: justify\">Depuis l\u2019annonce lundi des possibles fermetures de classe \u00e0 Lussac- les-Ch\u00e2teaux, Millac, Saint-Germain et Adriers, les parents se mobilisent.<\/p>\n<p style=\"text-align: justify\">Depuis plusieurs ann\u00e9es, chaque printemps voit son cort\u00e8ge d&rsquo;annonces de fermetures de classes dans le Sud-Vienne.<\/p>\n<p style=\"text-align: justify\">R\u00e9union d&rsquo;urgence vendredi avec les \u00e9lus et les parents d&rsquo;\u00e9l\u00e8ves, face \u00e0 la menace de fermeture d&rsquo;une des deux classes de l&rsquo;\u00e9cole de Millac. Avec seulement une vingtaine d&rsquo;\u00e9l\u00e8ves, il n&rsquo;y a pas d&rsquo;arguments percutants pour \u00e9viter cette fermeture.<\/p>\n<div style=\"text-align: justify\">\n<div>\n<p>N\u00e9anmoins, Danielle Maytraud, maire, rappelle que \u00ab <em>l&rsquo;\u00e9cole de Millac se situe en zone rurale avec ses sp\u00e9cificit\u00e9s. Il serait temps d&rsquo;arr\u00eater de maltraiter les territoires ruraux \u00bb<\/em>. De plus, la maire a tenu \u00e0 souligner \u00ab <em>les efforts importants de la municipalit\u00e9 pour rendre son \u00e9cole agr\u00e9able (r\u00e9fection des b\u00e2timents, peintures et am\u00e9nagements int\u00e9rieurs, mobilier et informatique, garderie<\/em>\u2026<em>). Loin d&rsquo;\u00eatre isol\u00e9e, l&rsquo;\u00e9cole est int\u00e9gr\u00e9e au r\u00e9seau Vienne Gartempe \u00bb.<\/em><\/p>\n<p><strong>Espoir ou fatalit\u00e9<\/strong><\/p>\n<p>Pour les \u00e9lus et les parents d&rsquo;\u00e9l\u00e8ves, si fermeture il y a, on va se retrouver avec une classe unique et six niveaux d&rsquo;enseignement de la GS (grande secton) au CM2. Il n&rsquo;est pas certain que cela satisfasse les parents. Et quid des petites et moyennes sections\u2009? En l&rsquo;absence de d\u00e9rogation permettant de les int\u00e9grer \u00e0 la classe unique, les tout-petits devront prendre le car matin et soir pour se rendre dans un autre \u00e9tablissement et<em> \u00ab c&rsquo;est beaucoup demander \u00e0 des enfants en bas \u00e2ge \u00bb<\/em>. De toute fa\u00e7on, \u00ab <em>dans ce cas de figure, il est certain que Millac perdra son \u00e9cole dans les deux ans \u00e0 venir \u00bb<\/em>. Pour garder un peu d&rsquo;espoir, \u00e9lus et parents souhaitent attirer l&rsquo;attention de la commission paritaire fin mars par une lettre commune. Tous sont convaincus de la n\u00e9cessit\u00e9 de se rapprocher des \u00e9coles de Lussac-les-Ch\u00e2teaux et Adriers, elles aussi menac\u00e9es, dans le but d&rsquo;engager des actions communes. Malgr\u00e9 tout, chacun semble penser que cette fermeture est in\u00e9luctable.<\/p>\n<p><strong>La fronde monte partout<\/strong><\/p>\n<p>A Lussac-les-Ch\u00e2teaux, la situation n&rsquo;est pas comparable puisque les effectifs et la d\u00e9mographie n&rsquo;ont rien \u00e0 voir avec celles de Millac. Et les parents se sont mobilis\u00e9s en force contre le projet de fermeture d&rsquo;une classe de l&rsquo;\u00e9cole publique de Lussac-les-Ch\u00e2teaux et de celle d&rsquo;Adriers. Mais ce dernier \u00e9pisode ne fait qu&rsquo;entretenir une sensation d&rsquo;abandon scolaire n\u00e9e il y a plusieurs ann\u00e9es avec les fermetures successives de classes ou d&rsquo;\u00e9coles comme \u00e0 Moussac-sur-Vienne ou Luchapt.<\/p>\n<p>Nouvelle R\u00e9publique, Corr. Robert Delorme, 18 mars 2012<\/p>\n<\/div>\n<\/div>\n","protected":false},"excerpt":{"rendered":"<p>Le Sud-Vienne se mobilise pour ses \u00e9coles menac\u00e9es Depuis l\u2019annonce lundi des possibles fermetures de classe \u00e0 Lussac- les-Ch\u00e2teaux, Millac, Saint-Germain et Adriers, les parents se mobilisent. Depuis plusieurs ann\u00e9es, chaque printemps voit son cort\u00e8ge d&rsquo;annonces de fermetures de classes dans le Sud-Vienne. R\u00e9union d&rsquo;urgence vendredi avec les \u00e9lus et les parents d&rsquo;\u00e9l\u00e8ves, face \u00e0 &hellip; <a href=\"https:\/\/fa86.noblogs.org\/?p=4857\" class=\"more-link\">Continuer la lecture de <span class=\"screen-reader-text\">[86] Lutte contre la fermeture de classes dans le sud-Vienne<\/span> <span class=\"meta-nav\">&rarr;<\/span><\/a><\/p>\n","protected":false},"author":2691,"featured_media":0,"comment_status":"open","ping_status":"open","sticky":false,"template":"","format":"standard","meta":{"footnotes":""},"categories":[17,9,16],"tags":[],"class_list":["post-4857","post","type-post","status-publish","format-standard","hentry","category-education-populaire","category-la-rue-grogne","category-repression"],"_links":{"self":[{"href":"https:\/\/fa86.noblogs.org\/index.php?rest_route=\/wp\/v2\/posts\/4857","targetHints":{"allow":["GET"]}}],"collection":[{"href":"https:\/\/fa86.noblogs.org\/index.php?rest_route=\/wp\/v2\/posts"}],"about":[{"href":"https:\/\/fa86.noblogs.org\/index.php?rest_route=\/wp\/v2\/types\/post"}],"author":[{"embeddable":true,"href":"https:\/\/fa86.noblogs.org\/index.php?rest_route=\/wp\/v2\/users\/2691"}],"replies":[{"embeddable":true,"href":"https:\/\/fa86.noblogs.org\/index.php?rest_route=%2Fwp%2Fv2%2Fcomments&post=4857"}],"version-history":[{"count":3,"href":"https:\/\/fa86.noblogs.org\/index.php?rest_route=\/wp\/v2\/posts\/4857\/revisions"}],"predecessor-version":[{"id":4859,"href":"https:\/\/fa86.noblogs.org\/index.php?rest_route=\/wp\/v2\/posts\/4857\/revisions\/4859"}],"wp:attachment":[{"href":"https:\/\/fa86.noblogs.org\/index.php?rest_route=%2Fwp%2Fv2%2Fmedia&parent=4857"}],"wp:term":[{"taxonomy":"category","embeddable":true,"href":"https:\/\/fa86.noblogs.org\/index.php?rest_route=%2Fwp%2Fv2%2Fcategories&post=4857"},{"taxonomy":"post_tag","embeddable":true,"href":"https:\/\/fa86.noblogs.org\/index.php?rest_route=%2Fwp%2Fv2%2Ftags&post=4857"}],"curies":[{"name":"wp","href":"https:\/\/api.w.org\/{rel}","templated":true}]}}