{"id":5002,"date":"2012-03-27T08:58:42","date_gmt":"2012-03-27T06:58:42","guid":{"rendered":"http:\/\/fa86.noblogs.org\/?p=5002"},"modified":"2012-03-27T09:00:11","modified_gmt":"2012-03-27T07:00:11","slug":"poitiers-mobilisation-pour-un-jeune-du-lycee-kyoto-emmene-en-centre-de-retention-administrative","status":"publish","type":"post","link":"https:\/\/fa86.noblogs.org\/?p=5002","title":{"rendered":"[Poitiers] Mobilisation pour un jeune du lyc\u00e9e Kyoto, emmen\u00e9 en centre de r\u00e9tention administrative"},"content":{"rendered":"<p style=\"text-align: justify\">Bonjour, nous avons appris ce matin l\u2019arrestation de K\u00e9vin K., lyc\u00e9en au Lyc\u00e9e Kyoto qui a \u00e9t\u00e9 transf\u00e9r\u00e9 au CRA du Mesnil-Amelot et qui n\u2019aurait aucune attache en RDC. La Cimade et sa famille tentent une action \u00e0 Paris. Au niveau local, nous proposons (RESF, le collectif poitevin contre les expulsions, la Cimade) un <strong>rassemblement mercredi 28\/03 \u00e0 17h30 devant la pr\u00e9fecture<\/strong>. Ressortez vos banderoles et venez nombreux pour dire non \u00e0 la pr\u00e9fecture.<\/p>\n<p style=\"text-align: justify\"><em>Vu sur une liste de discussion, 26 mars 2012<\/em><\/p>\n","protected":false},"excerpt":{"rendered":"<p>Bonjour, nous avons appris ce matin l\u2019arrestation de K\u00e9vin K., lyc\u00e9en au Lyc\u00e9e Kyoto qui a \u00e9t\u00e9 transf\u00e9r\u00e9 au CRA du Mesnil-Amelot et qui n\u2019aurait aucune attache en RDC. La Cimade et sa famille tentent une action \u00e0 Paris. Au niveau local, nous proposons (RESF, le collectif poitevin contre les expulsions, la Cimade) un rassemblement &hellip; <a href=\"https:\/\/fa86.noblogs.org\/?p=5002\" class=\"more-link\">Continuer la lecture de <span class=\"screen-reader-text\">[Poitiers] Mobilisation pour un jeune du lyc\u00e9e Kyoto, emmen\u00e9 en centre de r\u00e9tention administrative<\/span> <span class=\"meta-nav\">&rarr;<\/span><\/a><\/p>\n","protected":false},"author":2691,"featured_media":0,"comment_status":"open","ping_status":"open","sticky":false,"template":"","format":"standard","meta":{"footnotes":""},"categories":[17,20,9,11,16,4],"tags":[],"class_list":["post-5002","post","type-post","status-publish","format-standard","hentry","category-education-populaire","category-feu-aux-prisons","category-la-rue-grogne","category-ni-patrie-ni-frontiere","category-repression","category-se-trouver"],"_links":{"self":[{"href":"https:\/\/fa86.noblogs.org\/index.php?rest_route=\/wp\/v2\/posts\/5002","targetHints":{"allow":["GET"]}}],"collection":[{"href":"https:\/\/fa86.noblogs.org\/index.php?rest_route=\/wp\/v2\/posts"}],"about":[{"href":"https:\/\/fa86.noblogs.org\/index.php?rest_route=\/wp\/v2\/types\/post"}],"author":[{"embeddable":true,"href":"https:\/\/fa86.noblogs.org\/index.php?rest_route=\/wp\/v2\/users\/2691"}],"replies":[{"embeddable":true,"href":"https:\/\/fa86.noblogs.org\/index.php?rest_route=%2Fwp%2Fv2%2Fcomments&post=5002"}],"version-history":[{"count":4,"href":"https:\/\/fa86.noblogs.org\/index.php?rest_route=\/wp\/v2\/posts\/5002\/revisions"}],"predecessor-version":[{"id":5006,"href":"https:\/\/fa86.noblogs.org\/index.php?rest_route=\/wp\/v2\/posts\/5002\/revisions\/5006"}],"wp:attachment":[{"href":"https:\/\/fa86.noblogs.org\/index.php?rest_route=%2Fwp%2Fv2%2Fmedia&parent=5002"}],"wp:term":[{"taxonomy":"category","embeddable":true,"href":"https:\/\/fa86.noblogs.org\/index.php?rest_route=%2Fwp%2Fv2%2Fcategories&post=5002"},{"taxonomy":"post_tag","embeddable":true,"href":"https:\/\/fa86.noblogs.org\/index.php?rest_route=%2Fwp%2Fv2%2Ftags&post=5002"}],"curies":[{"name":"wp","href":"https:\/\/api.w.org\/{rel}","templated":true}]}}