{"id":5045,"date":"2012-03-29T09:52:45","date_gmt":"2012-03-29T07:52:45","guid":{"rendered":"http:\/\/fa86.noblogs.org\/?p=5045"},"modified":"2012-03-29T17:06:12","modified_gmt":"2012-03-29T15:06:12","slug":"poitiers-liberez-kevin","status":"publish","type":"post","link":"https:\/\/fa86.noblogs.org\/?p=5045","title":{"rendered":"[Poitiers] LIBEREZ KEVIN !"},"content":{"rendered":"<p style=\"text-align: justify\"><strong><a href=\"http:\/\/www.centre-presse.fr\/article-189583-pour-defendre-kevin.html\" target=\"_blank\">400 pour d\u00e9fendre Kevin<\/a><\/strong><\/p>\n<p style=\"text-align: justify\">Environ 400 personnes, militants et lyc\u00e9ens m\u00eal\u00e9s, ont bruyamment manifest\u00e9 hier en centre-ville pour d\u00e9fendre la cause de Kevin, menac\u00e9 d&rsquo;expulsion.<\/p>\n<p style=\"text-align: justify\"><em>A<\/em><em>u Congo, il ne conna\u00eet personne. On est venu en France il y a six ans parce que son p\u00e8re a \u00e9t\u00e9 assassin\u00e9 l\u00e0-bas. S&rsquo;il y repart, ce sera une catastrophe&#8230;<\/em> Chantal Kimp\u00e9f\u00e9 retient difficilement ses larmes. Sur les marches de l&rsquo;h\u00f4tel de ville, la m\u00e8re de Kevin t\u00e9moigne bri\u00e8vement.<\/p>\n<p style=\"text-align: justify\">\u00ab\u00a0Il a construit sa vie ici\u00a0\u00bb<\/p>\n<p style=\"text-align: justify\">Ils sont venus nombreux pour d\u00e9fendre la cause de son fils, \u00e9l\u00e8ve de 19 ans du lyc\u00e9e Kyoto arr\u00eat\u00e9 dimanche sur un terrain de foot de Saint-Eloi et menac\u00e9 d&rsquo;expulsion vers le Congo pour de pr\u00e9c\u00e9dentes condamnations (voir <em>Centre Presse<\/em> d&rsquo;hier): environ 400 personnes, militants associatifs ou politiques et \u00e9l\u00e8ves du lyc\u00e9e Kyoto (1), sont rassembl\u00e9es d\u00e8s 17h30 devant la pr\u00e9fecture.<em> \u00ab Il a fait des b\u00eatises quand il avait 15 ans, mais la double-peine a \u00e9t\u00e9 supprim\u00e9e! \u00bb <\/em>tonne Yves Judde, de la Cimade. Plusieurs \u00e9l\u00e8ves du lyc\u00e9e Kyoto, dont certains font partie de la classe de Kevin, t\u00e9moignent spontan\u00e9ment:<em> \u00ab Il est tr\u00e8s bien int\u00e9gr\u00e9, on n&rsquo;a pas le droit de l&rsquo;expulser \u00e0 deux mois du bac! \u00bb<\/em> lance Chlo\u00e9. <em>\u00ab C&rsquo;est quelqu&rsquo;un de gentil, de travailleur, <\/em>explique Maxime. <em>On l&rsquo;a vraiment vu \u00e9voluer: il a construit sa vie ici et visait maintenant un BTS h\u00f4tellerie. \u00bb <\/em>Pauline a eu Kevin au t\u00e9l\u00e9phone mardi soir:<em> \u00ab Il doit \u00eatre jug\u00e9 jeudi matin, il attend au centre de r\u00e9tention dans des conditions tr\u00e8s difficiles. \u00bb <\/em>Sa situation suscite en tout cas une vraie mobilisation chez ses camarades. Hier, la plupart des jeunes de Saint-Eloi ont prolong\u00e9 la manifestation pendant deux bonnes heures au fil d&rsquo;un d\u00e9fil\u00e9 qui aura fait plusieurs haltes, notamment devant le commissariat et face \u00e0 la gare, dans un climat parfois un peu tendu avec les forces de l&rsquo;ordre.<\/p>\n<p style=\"text-align: justify\"><a href=\"https:\/\/fa86.noblogs.org\/files\/2012\/03\/lib\u00e9rez-k\u00e9vin.jpg\"><img loading=\"lazy\" decoding=\"async\" class=\"alignnone size-full wp-image-5048\" src=\"https:\/\/fa86.noblogs.org\/files\/2012\/03\/lib\u00e9rez-k\u00e9vin.jpg\" alt=\"\" width=\"600\" height=\"310\" srcset=\"https:\/\/fa86.noblogs.org\/files\/2012\/03\/lib\u00e9rez-k\u00e9vin.jpg 600w, https:\/\/fa86.noblogs.org\/files\/2012\/03\/lib\u00e9rez-k\u00e9vin-300x155.jpg 300w\" sizes=\"auto, (max-width: 600px) 100vw, 600px\" \/><\/a><\/p>\n<p style=\"text-align: justify\"><em>Aux cris de \u00ab Lib\u00e9rez Kevin \u00bb, une partie des manifestants a fait une halte devant les grilles ferm\u00e9es du commissariat. fdelage<\/em><\/p>\n<p style=\"text-align: justify\">Aujourd&rsquo;hui, devrait se jouer le destin de Kevin Kimp\u00e9f\u00e9. Au terme d&rsquo;une audience qui d\u00e9cidera s&rsquo;il retourne au Congo. Ou pr\u00e9pare son baccalaur\u00e9at en France.<\/p>\n<p style=\"text-align: justify\">(1) Le conseil d&rsquo;administration du lyc\u00e9e Kyoto s&rsquo;est fendu hier d&rsquo;une motion soulignant le \u00ab parcours d&rsquo;insertion positif \u00bb de Kevin.<\/p>\n<p style=\"text-align: justify\">Centre Presse, Fr\u00e9d\u00e9ric Del\u00e2ge, 29 mars 2012<\/p>\n<p style=\"text-align: justify\"><em><strong>ndPN<\/strong> : d\u00e8s le d\u00e9but de la manif, flics en nombre ; grosses intimidations polici\u00e8res, menaces et insultes \u00e0 l&rsquo;adresse des jeunes manifestants\u00a0; \u00e0 la fin de la manif, alors qu&rsquo;elle se dispersait dans le calme, deux arrestations. Communiqu\u00e9 \u00e0 venir du comit\u00e9 poitevin contre la r\u00e9pression des mouvements sociaux.<\/em><\/p>\n<p style=\"text-align: justify\"><em><strong>Mise \u00e0 jour<\/strong> : deux articles dans la Nouvelle R\u00e9publique :<\/em><\/p>\n<p style=\"text-align: justify\"><strong><a href=\"http:\/\/www.lanouvellerepublique.fr\/Vienne\/communes\/Poitiers\/n\/Contenus\/Articles\/2012\/03\/29\/Deux-heures-de-manif-agitee-pour-soutenir-Kevin\" target=\"_blank\">Deux heures de manif agit\u00e9e pour soutenir Kevin<\/a><\/strong><\/p>\n<p style=\"text-align: justify\">Plusieurs centaines de personnes ont manifest\u00e9, hier soir, dans la ville pour marquer leur soutien au lyc\u00e9en de Kyoto menac\u00e9 d\u2019expulsion.<\/p>\n<p style=\"text-align: justify\"><a href=\"https:\/\/fa86.noblogs.org\/files\/2012\/03\/Deux-heures-de-manif-agitee-pour-soutenir-Kevin_image_article_large.jpg\"><img loading=\"lazy\" decoding=\"async\" class=\"alignnone size-full wp-image-5052\" src=\"https:\/\/fa86.noblogs.org\/files\/2012\/03\/Deux-heures-de-manif-agitee-pour-soutenir-Kevin_image_article_large.jpg\" alt=\"\" width=\"488\" height=\"254\" srcset=\"https:\/\/fa86.noblogs.org\/files\/2012\/03\/Deux-heures-de-manif-agitee-pour-soutenir-Kevin_image_article_large.jpg 488w, https:\/\/fa86.noblogs.org\/files\/2012\/03\/Deux-heures-de-manif-agitee-pour-soutenir-Kevin_image_article_large-300x156.jpg 300w\" sizes=\"auto, (max-width: 488px) 100vw, 488px\" \/><\/a><\/p>\n<p style=\"text-align: justify\"><em>Apr\u00e8s un rassemblement devant la mairie et la pr\u00e9fecture, des jeunes se sont retrouv\u00e9s devant le commissariat aux cris de \u00ab Lib\u00e9rez Kevin \u00bb.<\/em><\/p>\n<p style=\"text-align: justify\">Apr\u00e8s la stupeur avant-hier au lyc\u00e9e Kyoto \u00e0 l&rsquo;annonce de l&rsquo;arrestation de Kevin Kimp\u00e9f\u00e9, 19 ans, puis de son transfert au centre de r\u00e9tention administrative du Mesnil-Amelot en r\u00e9gion parisienne, la temp\u00e9rature est mont\u00e9e d&rsquo;un cran, hier apr\u00e8s-midi, dans le centre-ville. A l&rsquo;appel de ses amis, d&rsquo;associations de d\u00e9fense des sans-papiers, de syndicats et de mouvements politiques, quatre \u00e0 cinq cents personnes se sont retrouv\u00e9es en soir\u00e9e devant la pr\u00e9fecture puis, devant la mairie. Avant d&rsquo;entamer, pour certains, un long p\u00e9riple qui les a men\u00e9s du commissariat jusqu&rsquo;\u00e0 la gare SNCF.<\/p>\n<p><strong>Libert\u00e9\u2009! Libert\u00e9\u2009! Libert\u00e9\u2009!<\/strong><\/p>\n<p><em>\u00ab Kevin, on l&rsquo;a vu \u00e9voluer, maintenant c&rsquo;est une cr\u00e8me, tr\u00e8s travailleur, tr\u00e8s impliqu\u00e9 \u00bb,<\/em> expliquent \u00e0 l&rsquo;envi ses camarades lyc\u00e9ens. <em>\u00ab Il a fait des conneries\u2009? Mais il a \u00e9t\u00e9 condamn\u00e9 \u00e0 du sursis et du travail d&rsquo;int\u00e9r\u00eat g\u00e9n\u00e9ral et il a d\u00e9j\u00e0 pay\u00e9. Ne lui infligeons pas la double peine\u2009! \u00bb <\/em>lancent des organisations comme la Cimade. <em>\u00ab Ce ne sont pas les sans-papiers qui sont dangereux, ce sont les sans-papiers qui sont en danger \u00bb,<\/em> lance le collectif contre les expulsions.<em> \u00ab Que ferait Kevin seul l\u00e0-bas\u2009? Son p\u00e8re a \u00e9t\u00e9 assassin\u00e9 par Kabila. Il y a eu 8 millions de morts chez nous \u00bb,<\/em> sanglote Chantal, la m\u00e8re du jeune homme. Les jeunes du quartier de Saint-Eloi, venus en nombre pour d\u00e9fendre un des leurs, veulent montrer leur col\u00e8re. Bruyamment. Pour eux, il faut lib\u00e9rer Kevin.<em> \u00ab Libert\u00e9\u2009! Libert\u00e9\u2009! Libert\u00e9\u2009! \u00bb,<\/em> scandent-ils en courant dans les rues, sous les yeux d&rsquo;une police parfois, elle aussi, au bord de la rupture\u2026 Vers 20\u2009h, les jeunes manifestants se retrouvent place d&rsquo;Armes avant de se s\u00e9parer et de regagner leur quartier en autobus. Ce matin, Kevin doit \u00eatre fix\u00e9 sur son sort, au terme d&rsquo;une audience qui peut le \u00ab rendre \u00bb \u00e0 son pays d&rsquo;origine ou lui donner le droit de rester sur le territoire national. Dans deux mois peut-\u00eatre, il passe le baccalaur\u00e9at.<\/p>\n<p>Nouvelle R\u00e9publique, Jean-Michel Gouin, 29 mars 2012<\/p>\n<p><strong><a href=\"http:\/\/www.lanouvellerepublique.fr\/Toute-zone\/Services\/Toutes-les-DMAs\/n\/Contenus\/DMAs\/2012\/03\/29\/Poitiers-deux-mineurs-arretes-apres-la-manifestation-de-soutien-a-Kevin\" target=\"_blank\">Poitiers: deux mineurs arr\u00eat\u00e9s apr\u00e8s la manifestation de soutien \u00e0 Kevin<\/a><\/strong><\/p>\n<p>Deux mineurs de 15 et 17 ans ont \u00e9t\u00e9 arr\u00eat\u00e9s, hier soir, apr\u00e8s la manifestation de soutien \u00e0 un \u00e9l\u00e8ve de 19 ans du lyc\u00e9e de Kyoto qui risque l&rsquo;expulsion. Ils sont soup\u00e7onnn\u00e9s d&rsquo;avoir commis des d\u00e9gradations durant la manifestation qui avait \u00e9t\u00e9 marqu\u00e9e par de brusques mont\u00e9es de tension heri soir. Il n&rsquo;y a pas eu d&rsquo;incidents signal\u00e9s au cours de la nuit dans le quartier de Saint-Eloi fr\u00e9quent\u00e9 par les copains de Kevin, contrairement aux craintes exprim\u00e9es hier au vu du d\u00e9roulement de la manifestation. La justice devrait statuer aujourd&rsquo;hui sur un recours pr\u00e9sent\u00e9 par les d\u00e9fenseurs de Kevin qui contestent la l\u00e9galit\u00e9 de sa r\u00e9tention administrative au Mesnil-Amelot. La vigilance a \u00e9t\u00e9 renforc\u00e9e pour pr\u00e9venir tout d\u00e9rapage si une d\u00e9cision d\u00e9favorable \u00e9tait rendue.<\/p>\n<p>Nouvelle R\u00e9publique, 29 mars 2012<\/p>\n<p><em><strong>ndPN<\/strong> : aucune \u00ab\u00a0d\u00e9gradation\u00a0\u00bb n&rsquo;a \u00e9t\u00e9 commise, toutes les personnes pr\u00e9sentes dans la manif pouvant en t\u00e9moigner ; il ne s&rsquo;agit l\u00e0 que d&rsquo;un pr\u00e9texte de la police pour tenter de justifier ces arrestations arbitraires. Les manifestant-e-s n&rsquo;ont pas c\u00e9d\u00e9 aux provocations polici\u00e8res, faisant preuve \u00e0 la fois de d\u00e9termination et de sang-froid. Solidarit\u00e9 avec K\u00e9vin et avec les deux manifestants arr\u00eat\u00e9s !<\/em><\/p>\n<p style=\"text-align: justify\"><em><strong>Mise \u00e0 jour (2)<\/strong> : Le tribunal a confirm\u00e9 la validit\u00e9 de l&rsquo;OQTF, Kevin doit voir le JLD qui statuera sur la validit\u00e9 de la r\u00e9tention administrative. <\/em><\/p>\n","protected":false},"excerpt":{"rendered":"<p>400 pour d\u00e9fendre Kevin Environ 400 personnes, militants et lyc\u00e9ens m\u00eal\u00e9s, ont bruyamment manifest\u00e9 hier en centre-ville pour d\u00e9fendre la cause de Kevin, menac\u00e9 d&rsquo;expulsion. Au Congo, il ne conna\u00eet personne. On est venu en France il y a six ans parce que son p\u00e8re a \u00e9t\u00e9 assassin\u00e9 l\u00e0-bas. S&rsquo;il y repart, ce sera une &hellip; <a href=\"https:\/\/fa86.noblogs.org\/?p=5045\" class=\"more-link\">Continuer la lecture de <span class=\"screen-reader-text\">[Poitiers] LIBEREZ KEVIN !<\/span> <span class=\"meta-nav\">&rarr;<\/span><\/a><\/p>\n","protected":false},"author":2691,"featured_media":0,"comment_status":"open","ping_status":"open","sticky":false,"template":"","format":"standard","meta":{"footnotes":""},"categories":[20,9,11,16],"tags":[],"class_list":["post-5045","post","type-post","status-publish","format-standard","hentry","category-feu-aux-prisons","category-la-rue-grogne","category-ni-patrie-ni-frontiere","category-repression"],"_links":{"self":[{"href":"https:\/\/fa86.noblogs.org\/index.php?rest_route=\/wp\/v2\/posts\/5045","targetHints":{"allow":["GET"]}}],"collection":[{"href":"https:\/\/fa86.noblogs.org\/index.php?rest_route=\/wp\/v2\/posts"}],"about":[{"href":"https:\/\/fa86.noblogs.org\/index.php?rest_route=\/wp\/v2\/types\/post"}],"author":[{"embeddable":true,"href":"https:\/\/fa86.noblogs.org\/index.php?rest_route=\/wp\/v2\/users\/2691"}],"replies":[{"embeddable":true,"href":"https:\/\/fa86.noblogs.org\/index.php?rest_route=%2Fwp%2Fv2%2Fcomments&post=5045"}],"version-history":[{"count":5,"href":"https:\/\/fa86.noblogs.org\/index.php?rest_route=\/wp\/v2\/posts\/5045\/revisions"}],"predecessor-version":[{"id":5047,"href":"https:\/\/fa86.noblogs.org\/index.php?rest_route=\/wp\/v2\/posts\/5045\/revisions\/5047"}],"wp:attachment":[{"href":"https:\/\/fa86.noblogs.org\/index.php?rest_route=%2Fwp%2Fv2%2Fmedia&parent=5045"}],"wp:term":[{"taxonomy":"category","embeddable":true,"href":"https:\/\/fa86.noblogs.org\/index.php?rest_route=%2Fwp%2Fv2%2Fcategories&post=5045"},{"taxonomy":"post_tag","embeddable":true,"href":"https:\/\/fa86.noblogs.org\/index.php?rest_route=%2Fwp%2Fv2%2Ftags&post=5045"}],"curies":[{"name":"wp","href":"https:\/\/api.w.org\/{rel}","templated":true}]}}