{"id":5054,"date":"2012-03-29T14:25:44","date_gmt":"2012-03-29T12:25:44","guid":{"rendered":"http:\/\/fa86.noblogs.org\/?p=5054"},"modified":"2012-03-29T14:27:09","modified_gmt":"2012-03-29T12:27:09","slug":"lacha-a-ete-expulse","status":"publish","type":"post","link":"https:\/\/fa86.noblogs.org\/?p=5054","title":{"rendered":"Lacha a \u00e9t\u00e9 expuls\u00e9"},"content":{"rendered":"<p style=\"text-align: justify\">L&rsquo;ignominie \u00e9tatique acc\u00e9l\u00e8re la cadence pour briser des familles et des vies.<\/p>\n<p style=\"text-align: justify\"><a href=\"https:\/\/fa86.noblogs.org\/?p=4493\" target=\"_blank\">Nous apprenions il y a un mois l&rsquo;arrestation de Lacha par la BAC \u00e0 Limoges.<\/a> Ce p\u00e8re d&rsquo;une famille\u00a0de quatre enfants, install\u00e9 en France depuis dix ans, ayant v\u00e9cu \u00e0 Poitiers mais ontraint de se cacher \u00e0 cause de la traque polici\u00e8re visant \u00e0 l&rsquo;expulser, avait \u00e9t\u00e9 conduit au centre de r\u00e9tention administrative de Toulouse.<\/p>\n<p style=\"text-align: justify\">Il a \u00e9t\u00e9 expuls\u00e9 ce mardi 27 mars vers la G\u00e9orgie.<\/p>\n<p style=\"text-align: justify\">Solidarit\u00e9 avec Lacha, sa femme, ses enfants et ses proches, solidarit\u00e9 avec\u00a0toutes les personnes expulsables, la lutte continue !<\/p>\n<p style=\"text-align: justify\"><em>Pavillon Noir, 29 mars 2012<\/em><\/p>\n","protected":false},"excerpt":{"rendered":"<p>L&rsquo;ignominie \u00e9tatique acc\u00e9l\u00e8re la cadence pour briser des familles et des vies. Nous apprenions il y a un mois l&rsquo;arrestation de Lacha par la BAC \u00e0 Limoges. Ce p\u00e8re d&rsquo;une famille\u00a0de quatre enfants, install\u00e9 en France depuis dix ans, ayant v\u00e9cu \u00e0 Poitiers mais ontraint de se cacher \u00e0 cause de la traque polici\u00e8re visant &hellip; <a href=\"https:\/\/fa86.noblogs.org\/?p=5054\" class=\"more-link\">Continuer la lecture de <span class=\"screen-reader-text\">Lacha a \u00e9t\u00e9 expuls\u00e9<\/span> <span class=\"meta-nav\">&rarr;<\/span><\/a><\/p>\n","protected":false},"author":2691,"featured_media":0,"comment_status":"open","ping_status":"open","sticky":false,"template":"","format":"standard","meta":{"footnotes":""},"categories":[11,16],"tags":[],"class_list":["post-5054","post","type-post","status-publish","format-standard","hentry","category-ni-patrie-ni-frontiere","category-repression"],"_links":{"self":[{"href":"https:\/\/fa86.noblogs.org\/index.php?rest_route=\/wp\/v2\/posts\/5054","targetHints":{"allow":["GET"]}}],"collection":[{"href":"https:\/\/fa86.noblogs.org\/index.php?rest_route=\/wp\/v2\/posts"}],"about":[{"href":"https:\/\/fa86.noblogs.org\/index.php?rest_route=\/wp\/v2\/types\/post"}],"author":[{"embeddable":true,"href":"https:\/\/fa86.noblogs.org\/index.php?rest_route=\/wp\/v2\/users\/2691"}],"replies":[{"embeddable":true,"href":"https:\/\/fa86.noblogs.org\/index.php?rest_route=%2Fwp%2Fv2%2Fcomments&post=5054"}],"version-history":[{"count":3,"href":"https:\/\/fa86.noblogs.org\/index.php?rest_route=\/wp\/v2\/posts\/5054\/revisions"}],"predecessor-version":[{"id":5056,"href":"https:\/\/fa86.noblogs.org\/index.php?rest_route=\/wp\/v2\/posts\/5054\/revisions\/5056"}],"wp:attachment":[{"href":"https:\/\/fa86.noblogs.org\/index.php?rest_route=%2Fwp%2Fv2%2Fmedia&parent=5054"}],"wp:term":[{"taxonomy":"category","embeddable":true,"href":"https:\/\/fa86.noblogs.org\/index.php?rest_route=%2Fwp%2Fv2%2Fcategories&post=5054"},{"taxonomy":"post_tag","embeddable":true,"href":"https:\/\/fa86.noblogs.org\/index.php?rest_route=%2Fwp%2Fv2%2Ftags&post=5054"}],"curies":[{"name":"wp","href":"https:\/\/api.w.org\/{rel}","templated":true}]}}