{"id":5059,"date":"2012-03-30T10:29:06","date_gmt":"2012-03-30T08:29:06","guid":{"rendered":"http:\/\/fa86.noblogs.org\/?p=5059"},"modified":"2012-03-30T10:29:06","modified_gmt":"2012-03-30T08:29:06","slug":"chatellerault-classe-menacee-mobilisation","status":"publish","type":"post","link":"https:\/\/fa86.noblogs.org\/?p=5059","title":{"rendered":"[Ch\u00e2tellerault] Classe menac\u00e9e, mobilisation"},"content":{"rendered":"<p style=\"text-align: justify\"><strong><a href=\"http:\/\/www.lanouvellerepublique.fr\/Vienne\/Actualite\/Education\/n\/Contenus\/Articles\/2012\/03\/30\/Classe-menacee-a-Littre-les-parents-se-mobilisent\" target=\"_blank\">Classe menac\u00e9e \u00e0 Littr\u00e9 : les parents se mobilisent<\/a><\/strong><\/p>\n<p style=\"text-align: justify\">Les parents d\u2019\u00e9l\u00e8ves de l\u2019\u00e9cole Littr\u00e9-Lakanal \u00e0 Ozon se mobilisent pour garder les trois classes de CP de l\u2019\u00e9tablissement \u00e0 la rentr\u00e9e prochaine.<\/p>\n<p style=\"text-align: justify\">Les parents d&rsquo;\u00e9l\u00e8ves ont fait signer une p\u00e9tition hier devant l&rsquo;\u00e9cole, o\u00f9 ils ont accroch\u00e9 des banderoles pour dire non \u00e0 la fermeture de classe pr\u00e9vue.<\/p>\n<p style=\"text-align: justify\">Les parents d&rsquo;\u00e9l\u00e8ves de l&rsquo;\u00e9cole Littr\u00e9-Lakanal \u00e0 Ozon n&rsquo;ont pas attendu longtemps avant de r\u00e9agir \u00e0 la fermeture d&rsquo;une des trois classes de CP de l&rsquo;\u00e9tablissement pr\u00e9vue \u00e0 la rentr\u00e9e prochaine. Hier, d\u00e8s le lendemain de l&rsquo;annonce faite par l&rsquo;Inspection acad\u00e9mique, ils ont lanc\u00e9 une p\u00e9tition pour demander son maintien.<\/p>\n<div style=\"text-align: justify\">\n<div>\n<p><strong>\u00ab\u00a0\u2009On n&rsquo;a pas envie d&rsquo;en faire de futurs ch\u00f4meurs\u2009!\u2009\u00a0\u00bb<\/strong><\/p>\n<p>Selon les parents d&rsquo;\u00e9l\u00e8ves, les \u00e9l\u00e8ves de CP sont actuellement une vingtaine par classe. Et la fermeture d&rsquo;une classe provoquerait une <em>\u00ab surcharge \u00bb<\/em> dans les deux classes restantes. <em>\u00ab On est en Zep <\/em>(NDLR\u2009: Zone d&rsquo;\u00e9ducation prioritaire) <em>et ils peuvent faire un effort par rapport \u00e0 \u00e7a, <\/em>souligne Naima Chabai, repr\u00e9sentante des parents d&rsquo;\u00e9l\u00e8ves<em>. Les quartiers d\u00e9favoris\u00e9s ont davantage besoin d&rsquo;aide. \u00bb<\/em> <em>\u00ab Il faut absolument faire quelque chose pour eux, <\/em>la rejoint Bachir Ibrir, un autre repr\u00e9sentant des parents d&rsquo;\u00e9l\u00e8ves<em>. On n&rsquo;a pas envie d&rsquo;en faire de futurs ch\u00f4meurs\u2009! \u00bb<\/em> Les parents d&rsquo;\u00e9l\u00e8ves s&rsquo;\u00e9tonnent par ailleurs qu&rsquo;il n&rsquo;y ait encore eu aucune r\u00e9action de la part des \u00e9lus. Apr\u00e8s avoir eu l&rsquo;adjointe \u00e0 l&rsquo;\u00c9ducation Anne-Florence Bourat au t\u00e9l\u00e9phone, on comprend pourquoi\u2026<em> \u00ab On va passer \u00e0 un taux moyen sur l&rsquo;\u00e9cole de vingt par classe apr\u00e8s la fermeture. Quand on conna\u00eet les crit\u00e8res de l&rsquo;\u00c9ducation nationale, c&rsquo;est un taux encore acceptable. On regrette toujours la fermeture d&rsquo;une classe, mais on n&rsquo;a pas vraiment les moyens de s&rsquo;y opposer. \u00bb<\/em> Pour obtenir gain de cause, les parents d&rsquo;\u00e9l\u00e8ves ne pourront compter que sur eux-m\u00eames.<\/p>\n<p><em>Nouvelle R\u00e9publique, Alain Grimperelle, 30 mars 2012<\/em><\/p>\n<\/div>\n<\/div>\n","protected":false},"excerpt":{"rendered":"<p>Classe menac\u00e9e \u00e0 Littr\u00e9 : les parents se mobilisent Les parents d\u2019\u00e9l\u00e8ves de l\u2019\u00e9cole Littr\u00e9-Lakanal \u00e0 Ozon se mobilisent pour garder les trois classes de CP de l\u2019\u00e9tablissement \u00e0 la rentr\u00e9e prochaine. Les parents d&rsquo;\u00e9l\u00e8ves ont fait signer une p\u00e9tition hier devant l&rsquo;\u00e9cole, o\u00f9 ils ont accroch\u00e9 des banderoles pour dire non \u00e0 la fermeture &hellip; <a href=\"https:\/\/fa86.noblogs.org\/?p=5059\" class=\"more-link\">Continuer la lecture de <span class=\"screen-reader-text\">[Ch\u00e2tellerault] Classe menac\u00e9e, mobilisation<\/span> <span class=\"meta-nav\">&rarr;<\/span><\/a><\/p>\n","protected":false},"author":2691,"featured_media":0,"comment_status":"open","ping_status":"open","sticky":false,"template":"","format":"standard","meta":{"footnotes":""},"categories":[17,9,16],"tags":[],"class_list":["post-5059","post","type-post","status-publish","format-standard","hentry","category-education-populaire","category-la-rue-grogne","category-repression"],"_links":{"self":[{"href":"https:\/\/fa86.noblogs.org\/index.php?rest_route=\/wp\/v2\/posts\/5059","targetHints":{"allow":["GET"]}}],"collection":[{"href":"https:\/\/fa86.noblogs.org\/index.php?rest_route=\/wp\/v2\/posts"}],"about":[{"href":"https:\/\/fa86.noblogs.org\/index.php?rest_route=\/wp\/v2\/types\/post"}],"author":[{"embeddable":true,"href":"https:\/\/fa86.noblogs.org\/index.php?rest_route=\/wp\/v2\/users\/2691"}],"replies":[{"embeddable":true,"href":"https:\/\/fa86.noblogs.org\/index.php?rest_route=%2Fwp%2Fv2%2Fcomments&post=5059"}],"version-history":[{"count":1,"href":"https:\/\/fa86.noblogs.org\/index.php?rest_route=\/wp\/v2\/posts\/5059\/revisions"}],"predecessor-version":[{"id":5060,"href":"https:\/\/fa86.noblogs.org\/index.php?rest_route=\/wp\/v2\/posts\/5059\/revisions\/5060"}],"wp:attachment":[{"href":"https:\/\/fa86.noblogs.org\/index.php?rest_route=%2Fwp%2Fv2%2Fmedia&parent=5059"}],"wp:term":[{"taxonomy":"category","embeddable":true,"href":"https:\/\/fa86.noblogs.org\/index.php?rest_route=%2Fwp%2Fv2%2Fcategories&post=5059"},{"taxonomy":"post_tag","embeddable":true,"href":"https:\/\/fa86.noblogs.org\/index.php?rest_route=%2Fwp%2Fv2%2Ftags&post=5059"}],"curies":[{"name":"wp","href":"https:\/\/api.w.org\/{rel}","templated":true}]}}