{"id":5061,"date":"2012-03-30T10:41:39","date_gmt":"2012-03-30T08:41:39","guid":{"rendered":"http:\/\/fa86.noblogs.org\/?p=5061"},"modified":"2012-03-30T17:19:02","modified_gmt":"2012-03-30T15:19:02","slug":"poitiers-recours-de-kevin-rejete-stage-de-citoyennete-pour-lun-des-deux-manifestants-arretes","status":"publish","type":"post","link":"https:\/\/fa86.noblogs.org\/?p=5061","title":{"rendered":"[Poitiers] Recours de K\u00e9vin rejet\u00e9, stage de citoyennet\u00e9 pour l&rsquo;un des deux manifestants arr\u00eat\u00e9s"},"content":{"rendered":"<p style=\"text-align: justify\"><em><strong>ndPN<\/strong> : Mauvaise nouvelle pour K\u00e9vin, qui risque d\u00e9sormais l&rsquo;expulsion apr\u00e8s le rejet de son recours par le tribunal administratif (<a href=\"https:\/\/fa86.noblogs.org\/?p=5045\" target=\"_blank\">voir notre article pr\u00e9c\u00e9dent<\/a>). Quant aux deux jeunes manifestants arr\u00eat\u00e9s arbitrairement par la police au moment de la dispersion dans le calme, ils ont \u00e9t\u00e9 rel\u00e2ch\u00e9s&#8230; mais l&rsquo;un d&rsquo;eux devra faire un \u00ab\u00a0stage de citoyennet\u00e9\u00a0\u00bb pour prix de sa solidarit\u00e9 avec K\u00e9vin. Un article aujourd&rsquo;hui dans la NR donne ces derni\u00e8res informations, en \u00e9voquant le r\u00f4le de militants NPA ayant \u00ab\u00a0calm\u00e9 le jeu\u00a0\u00bb, pris le r\u00f4le de \u00ab\u00a0service d&rsquo;ordre\u00a0\u00bb et fait le \u00ab\u00a0tampon\u00a0\u00bb avec la police. Ce qu&rsquo;on a vu, c&rsquo;est surtout des jeunes manifestants aussi d\u00e9termin\u00e9s que capables d&rsquo;un remarquable\u00a0sang-froid face aux provocations polici\u00e8res, et qui n&rsquo;ont aucune le\u00e7on \u00e0 recevoir en mati\u00e8re de \u00ab\u00a0mod\u00e9ration\u00a0\u00bb, malgr\u00e9 la col\u00e8re suscit\u00e9e par la proc\u00e9dure odieuse d&rsquo;expulsion prononc\u00e9e \u00e0 l&rsquo;encontre de K\u00e9vin. <\/em><em>La lutte continue pour K\u00e9vin.<\/em><\/p>\n<p style=\"text-align: justify\"><strong><em>Mise \u00e0 jour :<\/em><\/strong><\/p>\n<p style=\"text-align: justify\" align=\"center\"><strong>Les expulsions de sans papiers continuent : des parents sont s\u00e9par\u00e9s de leurs enfants et leurs familles sont parmi nous dans l\u2019angoisse, un jeune juste majeur risque d\u2019\u00eatre renvoy\u00e9 seul dans le pays o\u00f9 son p\u00e8re a \u00e9t\u00e9 assassin\u00e9 alors que sa famille vit ici, l\u00e0 o\u00f9 il a grandi.<\/strong><\/p>\n<p style=\"text-align: justify\" align=\"center\"><strong>Refusons ces d\u00e9cisions indignes<\/strong><\/p>\n<p style=\"text-align: justify\" align=\"center\"><strong>Rassemblement samedi 31 mars \u00e0 12 heures sur le parvis de Notre Dame<\/strong><\/p>\n<p style=\"text-align: justify\" align=\"center\"><strong>Appel des associations poitevines de soutien aux sans papiers<\/strong><\/p>\n<p style=\"text-align: justify\"><strong><a href=\"http:\/\/www.lanouvellerepublique.fr\/Vienne\/Actualite\/Faits-divers-justice\/n\/Contenus\/Articles\/2012\/03\/30\/Le-recours-du-lyceen-menace-d-expulsion-rejete\" target=\"_blank\">Le recours du lyc\u00e9en menac\u00e9 d&rsquo;expulsion rejet\u00e9<\/a><\/strong><\/p>\n<p style=\"text-align: justify\">La r\u00e9tention administrative du lyc\u00e9en menac\u00e9 d\u2019expulsion a \u00e9t\u00e9 confirm\u00e9e\u00a0 par la justice, au lendemain, d\u2019une manifestation tendue.<\/p>\n<p style=\"text-align: justify\">La tension \u00e9tait mont\u00e9e d&rsquo;un cran, mercredi soir, \u00e0 la sortie du tunnel souterrain de la gare. Des militants ont calm\u00e9 le jeu.<\/p>\n<p style=\"text-align: justify\">La d\u00e9cision rendue hier par le tribunal administratif de Melun douche les espoirs des manifestants venus soutenir, mercredi soir, le lyc\u00e9en de 19 ans, menac\u00e9 d&rsquo;expulsion vers la R\u00e9publique d\u00e9mocratique du Congo.<\/p>\n<div style=\"text-align: justify\">\n<div>\n<p>Arr\u00eat\u00e9 dimanche \u00e0 Poitiers, le jeune homme a \u00e9t\u00e9 envoy\u00e9 en centre de r\u00e9tention administrative pr\u00e8s de Roissy\u2009; son avocat contestait devant la justice, hier, la l\u00e9galit\u00e9 de l&rsquo;obligation de quitter le territoire dont il faisait l&rsquo;objet et la r\u00e9tention administrative qui en d\u00e9coulait (1). La r\u00e9tention de Kevin Kimp\u00e9f\u00e9, scolaris\u00e9 au lyc\u00e9e de Kyoto, s&rsquo;ach\u00e8vera samedi. <em>\u00ab C&rsquo;est l&rsquo;\u00e9ch\u00e9ance du d\u00e9lai de cinq jours \u00bb<\/em>, indique la Cimade du CRA du Mesnil-Amelot. <em>\u00ab Il sera alors pr\u00e9sent\u00e9 \u00e0 un juge des libert\u00e9s et de la d\u00e9tention. Il devra d\u00e9cider s&rsquo;il prolonge ou non sa r\u00e9tention. \u00bb<\/em> Le prochain avion qui doit s&rsquo;envoler pour la R\u00e9publique d\u00e9mocratique du Congo est programm\u00e9 le 10 avril, indique la Cimade. Ce qui veut dire, que l&rsquo;expulsion du jeune lyc\u00e9en ne pourra pas intervenir avant cette date. Mercredi soir, une manifestation de soutien au lyc\u00e9en s&rsquo;\u00e9tait tenue \u00e0 Poitiers. Une manifestation qui s&rsquo;est achev\u00e9e dans un climat tendu. Les militants du NPA ont fait office de service d&rsquo;ordre et de tampon entre les plus excit\u00e9s des manifestants et les forces de l&rsquo;ordre. Un r\u00f4le de mod\u00e9rateur qui a sans doute \u00e9vit\u00e9 que la situation ne d\u00e9rape aux abords de la gare o\u00f9 la tension \u00e9tait mont\u00e9e d&rsquo;un cran quand plusieurs jeunes s&rsquo;\u00e9taient allong\u00e9s sur les capots de voitures qui d\u00e9bouchaient du tunnel de la gare. Les rangs de la manifestation avaient progressivement d\u00e9gonfl\u00e9 au fur et \u00e0 mesure qu&rsquo;elle se d\u00e9pla\u00e7ait de plus en plus vite et que la tension montait. Le dernier carr\u00e9 des participants avait fini par rejoindre la station des bus Notre-Dame pour regagner leur quartier dans le calme. Alors que les forces de l&rsquo;ordre semblaient redouter des incidents ou des manifestations d&rsquo;humeur au cours de la nuit, aucun incident n&rsquo;a \u00e9t\u00e9 signal\u00e9.<\/p>\n<p><em>(1) la pr\u00e9fecture la justifie par des condamnations en justice.<\/em><\/p>\n<p>en savoir plus<\/p>\n<p><strong>Deux mineurs arr\u00eat\u00e9s et remis en libert\u00e9<\/strong><\/p>\n<p>Deux jeunes, de 14 et 17 ans, ont \u00e9t\u00e9 interpell\u00e9s mercredi soir, en marge de la manifestation de soutien au lyc\u00e9en en voie d&rsquo;expulsion. Ils ont \u00e9t\u00e9 remis en libert\u00e9, hier. Le premier ne fait l&rsquo;objet d&rsquo;aucune poursuite, les faits n&rsquo;\u00e9tant pas av\u00e9r\u00e9s. Il \u00e9tait soup\u00e7onn\u00e9 de d\u00e9gradations l\u00e9g\u00e8res sur un v\u00e9hicule. Il s&rsquo;\u00e9tait couch\u00e9 sur le capot d&rsquo;une voiture d\u00e9bouchant du souterrain de la gare. Aucune trace n&rsquo;a \u00e9t\u00e9 relev\u00e9e \u00e0 cet endroit du v\u00e9hicule. Le second devra suivre un stage de citoyennet\u00e9. Il \u00e9tait soup\u00e7onn\u00e9 de d\u00e9gradations l\u00e9g\u00e8res sur une porti\u00e8re de voiture, un coup de pied, et d&rsquo;outrage contre les forces de l&rsquo;ordre lors d&rsquo;une chanson entonn\u00e9e par de nombreux manifestants.<\/p>\n<p><em>Nouvelle R\u00e9publique, Emmanuel Coupaye, 30 mars 2012<\/em><\/p>\n<\/div>\n<\/div>\n","protected":false},"excerpt":{"rendered":"<p>ndPN : Mauvaise nouvelle pour K\u00e9vin, qui risque d\u00e9sormais l&rsquo;expulsion apr\u00e8s le rejet de son recours par le tribunal administratif (voir notre article pr\u00e9c\u00e9dent). Quant aux deux jeunes manifestants arr\u00eat\u00e9s arbitrairement par la police au moment de la dispersion dans le calme, ils ont \u00e9t\u00e9 rel\u00e2ch\u00e9s&#8230; mais l&rsquo;un d&rsquo;eux devra faire un \u00ab\u00a0stage de citoyennet\u00e9\u00a0\u00bb &hellip; <a href=\"https:\/\/fa86.noblogs.org\/?p=5061\" class=\"more-link\">Continuer la lecture de <span class=\"screen-reader-text\">[Poitiers] Recours de K\u00e9vin rejet\u00e9, stage de citoyennet\u00e9 pour l&rsquo;un des deux manifestants arr\u00eat\u00e9s<\/span> <span class=\"meta-nav\">&rarr;<\/span><\/a><\/p>\n","protected":false},"author":2691,"featured_media":0,"comment_status":"open","ping_status":"open","sticky":false,"template":"","format":"standard","meta":{"footnotes":""},"categories":[21,20,9,11,16],"tags":[],"class_list":["post-5061","post","type-post","status-publish","format-standard","hentry","category-desinformation-bourgeoise","category-feu-aux-prisons","category-la-rue-grogne","category-ni-patrie-ni-frontiere","category-repression"],"_links":{"self":[{"href":"https:\/\/fa86.noblogs.org\/index.php?rest_route=\/wp\/v2\/posts\/5061","targetHints":{"allow":["GET"]}}],"collection":[{"href":"https:\/\/fa86.noblogs.org\/index.php?rest_route=\/wp\/v2\/posts"}],"about":[{"href":"https:\/\/fa86.noblogs.org\/index.php?rest_route=\/wp\/v2\/types\/post"}],"author":[{"embeddable":true,"href":"https:\/\/fa86.noblogs.org\/index.php?rest_route=\/wp\/v2\/users\/2691"}],"replies":[{"embeddable":true,"href":"https:\/\/fa86.noblogs.org\/index.php?rest_route=%2Fwp%2Fv2%2Fcomments&post=5061"}],"version-history":[{"count":7,"href":"https:\/\/fa86.noblogs.org\/index.php?rest_route=\/wp\/v2\/posts\/5061\/revisions"}],"predecessor-version":[{"id":5063,"href":"https:\/\/fa86.noblogs.org\/index.php?rest_route=\/wp\/v2\/posts\/5061\/revisions\/5063"}],"wp:attachment":[{"href":"https:\/\/fa86.noblogs.org\/index.php?rest_route=%2Fwp%2Fv2%2Fmedia&parent=5061"}],"wp:term":[{"taxonomy":"category","embeddable":true,"href":"https:\/\/fa86.noblogs.org\/index.php?rest_route=%2Fwp%2Fv2%2Fcategories&post=5061"},{"taxonomy":"post_tag","embeddable":true,"href":"https:\/\/fa86.noblogs.org\/index.php?rest_route=%2Fwp%2Fv2%2Ftags&post=5061"}],"curies":[{"name":"wp","href":"https:\/\/api.w.org\/{rel}","templated":true}]}}