{"id":5102,"date":"2012-04-02T09:21:42","date_gmt":"2012-04-02T07:21:42","guid":{"rendered":"http:\/\/fa86.noblogs.org\/?p=5102"},"modified":"2012-04-02T09:21:42","modified_gmt":"2012-04-02T07:21:42","slug":"poitiers-communique-des-sans-logis-ou-en-situation-de-logement-precaire-de-poitiers","status":"publish","type":"post","link":"https:\/\/fa86.noblogs.org\/?p=5102","title":{"rendered":"[Poitiers] Communiqu\u00e9 des sans logis ou en situation de logement pr\u00e9caire de Poitiers"},"content":{"rendered":"<p style=\"text-align: justify\"><strong><a href=\"http:\/\/dal86.fr\/2012\/04\/01\/communique-des-sans-logis-ou-en-situation-de-logement-precaire-de-poitiers\/\" target=\"_blank\">Communiqu\u00e9 des sans logis ou en situation de logement pr\u00e9caire de Poitiers<\/a><\/strong><\/p>\n<p style=\"text-align: justify\">Nous sans logis ou en situation de logement pr\u00e9caire de Poitiers, soutenu-e-s par des personnes solidaires et par le DAL86, avons d\u00e9cid\u00e9 d&rsquo;installer un campement de r\u00e9sistance place Charles de Gaulle le 30 mars \u00e0 partir 18h. Nous sommes d\u00e9termin\u00e9-e-s \u00e0 maintenir ce campement jusqu&rsquo;\u00e0 la satisfaction de nos revendications :<\/p>\n<p style=\"text-align: justify\">1) Un logement d\u00e9cent, p\u00e9renne, gratuit, imm\u00e9diatement pour toutes les personnes sans domicile ou en logement pr\u00e9caire, assorti de tous les droits d&rsquo;un locataire.<\/p>\n<p style=\"text-align: justify\">2) Pas d&rsquo;expulsions locatives. Le logement est un droit.<\/p>\n<p style=\"text-align: justify\">Nous n&rsquo;acceptons plus de dormir dehors ou dans des logements pr\u00e9caires et sommes d\u00e9termin\u00e9-e-s \u00e0 mener ce combat jusqu&rsquo;au bout.<\/p>\n<p style=\"text-align: justify\">Nous appelons tous les poitevin-e-s, associations, organisations&#8230; \u00e0 se joindre \u00e0 nous et nous apporter aide et soutien dans cette lutte.<\/p>\n<p style=\"text-align: justify\">Venez nombreux d\u00e8s maintenant place du march\u00e9 sur le parvis de Notre Dame.<\/p>\n<p style=\"text-align: justify\"><em>Vu sur le site du DAL\u00a0 86,\u00a01er avril 2012<\/em><\/p>\n<p style=\"text-align: justify\"><em><strong>NdPN<\/strong> : Voir les comptes-rendus des journ\u00e9es du <strong><a href=\"http:\/\/dal86.fr\/2012\/04\/01\/campement-du-30-mars-2012-la-journee-du-31-03\/\" target=\"_blank\">31 mars<\/a><\/strong> et du <strong><a href=\"http:\/\/dal86.fr\/2012\/04\/02\/campement-du-30-mars-2012-journee-du-1er-avril\/\" target=\"_blank\">1er avril.<\/a><\/strong><\/em><\/p>\n","protected":false},"excerpt":{"rendered":"<p>Communiqu\u00e9 des sans logis ou en situation de logement pr\u00e9caire de Poitiers Nous sans logis ou en situation de logement pr\u00e9caire de Poitiers, soutenu-e-s par des personnes solidaires et par le DAL86, avons d\u00e9cid\u00e9 d&rsquo;installer un campement de r\u00e9sistance place Charles de Gaulle le 30 mars \u00e0 partir 18h. Nous sommes d\u00e9termin\u00e9-e-s \u00e0 maintenir ce &hellip; <a href=\"https:\/\/fa86.noblogs.org\/?p=5102\" class=\"more-link\">Continuer la lecture de <span class=\"screen-reader-text\">[Poitiers] Communiqu\u00e9 des sans logis ou en situation de logement pr\u00e9caire de Poitiers<\/span> <span class=\"meta-nav\">&rarr;<\/span><\/a><\/p>\n","protected":false},"author":2691,"featured_media":0,"comment_status":"open","ping_status":"open","sticky":false,"template":"","format":"standard","meta":{"footnotes":""},"categories":[9,12,4],"tags":[],"class_list":["post-5102","post","type-post","status-publish","format-standard","hentry","category-la-rue-grogne","category-okupa-y-resiste","category-se-trouver"],"_links":{"self":[{"href":"https:\/\/fa86.noblogs.org\/index.php?rest_route=\/wp\/v2\/posts\/5102","targetHints":{"allow":["GET"]}}],"collection":[{"href":"https:\/\/fa86.noblogs.org\/index.php?rest_route=\/wp\/v2\/posts"}],"about":[{"href":"https:\/\/fa86.noblogs.org\/index.php?rest_route=\/wp\/v2\/types\/post"}],"author":[{"embeddable":true,"href":"https:\/\/fa86.noblogs.org\/index.php?rest_route=\/wp\/v2\/users\/2691"}],"replies":[{"embeddable":true,"href":"https:\/\/fa86.noblogs.org\/index.php?rest_route=%2Fwp%2Fv2%2Fcomments&post=5102"}],"version-history":[{"count":2,"href":"https:\/\/fa86.noblogs.org\/index.php?rest_route=\/wp\/v2\/posts\/5102\/revisions"}],"predecessor-version":[{"id":5104,"href":"https:\/\/fa86.noblogs.org\/index.php?rest_route=\/wp\/v2\/posts\/5102\/revisions\/5104"}],"wp:attachment":[{"href":"https:\/\/fa86.noblogs.org\/index.php?rest_route=%2Fwp%2Fv2%2Fmedia&parent=5102"}],"wp:term":[{"taxonomy":"category","embeddable":true,"href":"https:\/\/fa86.noblogs.org\/index.php?rest_route=%2Fwp%2Fv2%2Fcategories&post=5102"},{"taxonomy":"post_tag","embeddable":true,"href":"https:\/\/fa86.noblogs.org\/index.php?rest_route=%2Fwp%2Fv2%2Ftags&post=5102"}],"curies":[{"name":"wp","href":"https:\/\/api.w.org\/{rel}","templated":true}]}}