{"id":5111,"date":"2012-04-02T10:22:54","date_gmt":"2012-04-02T08:22:54","guid":{"rendered":"http:\/\/fa86.noblogs.org\/?p=5111"},"modified":"2012-04-02T15:49:28","modified_gmt":"2012-04-02T13:49:28","slug":"poitiers-premiere-action-des-deboulonneurs-86","status":"publish","type":"post","link":"https:\/\/fa86.noblogs.org\/?p=5111","title":{"rendered":"[Poitiers] Premi\u00e8re action des D\u00e9boulonneurs 86"},"content":{"rendered":"<p style=\"text-align: justify\"><em><strong>NdPN<\/strong> : voici le compte-rendu d&rsquo;une action bien sympathique contre la <strong><a href=\"http:\/\/sd-2.archive-host.com\/membres\/up\/169503879659945487\/tract_antipub.pdf\" target=\"_blank\">publicit\u00e9<\/a><\/strong>, organis\u00e9e par le nouveau collectif des D\u00e9boulonneurs 86. Des photos suivront peut-\u00eatre (si on les retrouve !).<\/em><\/p>\n<p style=\"text-align: justify\">Samedi 31 mars a eu lieu la premi\u00e8re action du collectif des D\u00e9boulonneurs 86. Au croisement de la rue du march\u00e9 et de la rue de la cath\u00e9drale, la sucette publicitaire Decaux a \u00e9t\u00e9 rhabill\u00e9e avec des cartons. Les passant-e-s \u00e9taient invit\u00e9-e-s \u00e0 s&rsquo;y exprimer avec des marqueurs de couleurs : slogans, bons mots et phrases rageuses ont fleuri sur cet espace temporairement lib\u00e9r\u00e9 de la propagande marchande. Un petit concert de scie musicale a accompagn\u00e9 la d\u00e9clamation de textes contre le totalitarisme publicitaire. Un tract a \u00e9t\u00e9 distribu\u00e9 (1). Pas mal de gens se sont arr\u00eat\u00e9s pour \u00e9couter les textes et pour papoter. Les policiers sont pass\u00e9s plusieurs fois en mode surveillance, mais sans intervenir. Bref une petite action modeste mais fort r\u00e9jouissante, qui en appelle d&rsquo;autres \u00e0 venir !<\/p>\n<p style=\"text-align: justify\">Un d\u00e9boulonneur anonyme du 86<\/p>\n<p style=\"text-align: justify\"><em>(1) : Texte du tract diffus\u00e9 :<\/em><\/p>\n<p style=\"text-align: justify\" align=\"CENTER\"><strong>STOP LA PUB !<\/strong><\/p>\n<p style=\"text-align: justify\" align=\"JUSTIFY\"><strong>La publicit\u00e9 nous pollue<\/strong><\/p>\n<p style=\"text-align: justify\" align=\"JUSTIFY\">\u00e0 plusieurs niveaux. Elle d\u00e9vore d&rsquo;\u00e9normes quantit\u00e9s de papier, dont la r\u00e9cup\u00e9ration et le traitement sont essentiellement factur\u00e9s aux contribuables. Elle est aussi tr\u00e8s \u00e9nergivore : un seul panneau publicitaire tournant \u00e9quivaut \u00e0 la consommation annuelle d&rsquo;un <strong>foyer de quatre personnes !<\/strong><\/p>\n<p style=\"text-align: justify\" align=\"JUSTIFY\"><strong>La publicit\u00e9 nous harc\u00e8le<\/strong><\/p>\n<p style=\"text-align: justify\" align=\"JUSTIFY\">pour nous faire rentrer dans le moule \u00e9touffant et uniformisant de la consommation, de l&rsquo;ostentation et de la r\u00e9ussite. D\u00e8s le plus jeune \u00e2ge, nul ne peut tenter de s&rsquo;en extraire sans se sentir culpabilis\u00e9 et marginalis\u00e9. L&rsquo;un des exemples le plus frappant est l&rsquo;image donn\u00e9e des femmes, tenues d&rsquo;\u00eatre jeunes, minces, maquill\u00e9es et richement par\u00e9es. Comme aux Cordeliers, avec ce logo de \u00ab\u3000la Poitevine\u3000\u00bb rousse, consommatrice de l&rsquo;enfance \u00e0 l&rsquo;\u00e2ge adulte, pour \u00ab\u3000l&rsquo;anniversaire\u3000\u00bb de laquelle des \u00e9tudiantes distribuaient des tracts, rev\u00eatues de perruques rousses pour coller au \u00ab\u3000mod\u00e8le\u3000\u00bb.<\/p>\n<p style=\"text-align: justify\" align=\"JUSTIFY\"><strong>La publicit\u00e9 inonde insidieusement<\/strong><\/p>\n<p style=\"text-align: justify\" align=\"JUSTIFY\">nos lieux de vie, avec sa propagande h\u00e9rit\u00e9e des r\u00e9gimes totalitaires, alors que l&rsquo;espace public nous appartient de droit. La d\u00e9cision d\u00e9mocratique sur les emplacements vou\u00e9s \u00e0 la publicit\u00e9 nous \u00e9chappe compl\u00e8tement.<\/p>\n<p style=\"text-align: justify\" align=\"JUSTIFY\"><strong>La publicit\u00e9 n&rsquo;est ni une culture<\/strong><\/p>\n<p style=\"text-align: justify\" align=\"JUSTIFY\">, ni une expression libre : monopolis\u00e9e par les diffuseurs et les riches, elle ne tol\u00e8re aucun dialogue, elle r\u00e9pond par la r\u00e9pression \u00e0 quiconque \u00e9met une critique contre le syst\u00e8me qu&rsquo;elle sous-tend. Les condamnations lourdes et r\u00e9p\u00e9t\u00e9es de militant-e-s antipub, obtenues \u00e0 Poitiers par Decaux, d\u00e9montrent bien que la publicit\u00e9 est une monopolisation violente de la (pseudo) libert\u00e9 d&rsquo;expression Elle n&rsquo;est qu&rsquo;une\u00a0 colonisation des esprits.<\/p>\n<p style=\"text-align: justify\" align=\"JUSTIFY\"><strong>La publicit\u00e9 n&rsquo;est pas que le spectacle<\/strong><\/p>\n<p style=\"text-align: justify\" align=\"JUSTIFY\">du capitalisme, elle en est la condition essentielle. La concurrence et la recherche du profit maximal supposent l&rsquo;alignement de la demande sur une offre d\u00e9finie par un productivisme effr\u00e9n\u00e9, qui n&rsquo;a plus aucun sens social. Cette soci\u00e9t\u00e9 de fausse \u00ab\u3000abondance\u3000\u00bb implique qu&rsquo;une minorit\u00e9 se gave, tandis que l&rsquo;immense majorit\u00e9 tente de poursuivre un miroir aux alouettes, et qu&rsquo;un milliard de personnes cr\u00e8vent de faim et tentent de survivre au beau milieu de ses d\u00e9chets.<\/p>\n<p style=\"text-align: justify\" align=\"JUSTIFY\"><strong>Sur Poitiers, la municipalit\u00e9 collabore<\/strong><\/p>\n<p style=\"text-align: justify\" align=\"JUSTIFY\">\u00e0 l&rsquo;envahissement publicitaire, et prend fait et cause pour Decaux dans les proc\u00e8s qu&rsquo;il intente aux militant-e-s antipub. Les panneaux d&rsquo;affichage libre sont absents du centre-ville alors que les \u00ab\u3000sucettes\u3000\u00bb publicitaires et les panneaux lumineux y prolif\u00e8rent. \u00ab\u3000Coeur d&rsquo;agglo\u3000\u00bb est typique d&rsquo;un projet social o\u00f9 la population est consid\u00e9r\u00e9e comme du b\u00e9tail \u00e0 tondre.<\/p>\n<p style=\"text-align: justify\" align=\"JUSTIFY\"><strong>La d\u00e9sob\u00e9issance civile<\/strong><\/p>\n<p style=\"text-align: justify\" align=\"JUSTIFY\">, comme pour la lutte des faucheurs contre les OGM ou des salari\u00e9s contre les licenciements, est un moyen de nous d\u00e9fendre et de d\u00e9fendre l&rsquo;int\u00e9r\u00eat g\u00e9n\u00e9ral. Par des actions antipub assum\u00e9es et publiques, nous revendiquons avant tout le droit pour tou-te-s de se ressaisir de l&rsquo;espace public, de lui redonner un sens plus solidaire et plus humain.<\/p>\n<p style=\"text-align: justify\"><em>Collectif des D\u00e9boulonneurs 86<\/em><\/p>\n<p style=\"text-align: justify\"><em>deboulonneurs.poitiers [arobaz] neutralite [point] org<\/em><\/p>\n<p style=\"text-align: justify\"><a href=\"http:\/\/www.deboulonneurs.org\">www.deboulonneurs.org<\/a><\/p>\n<p style=\"text-align: justify\"><em><strong>Mise \u00e0 jour : deux photos<\/strong><\/em><\/p>\n<p style=\"text-align: justify\"><a href=\"https:\/\/fa86.noblogs.org\/files\/2012\/04\/recto.jpg\"><img loading=\"lazy\" decoding=\"async\" class=\"alignnone size-large wp-image-5117\" src=\"https:\/\/fa86.noblogs.org\/files\/2012\/04\/recto-667x1024.jpg\" alt=\"\" width=\"640\" height=\"982\" srcset=\"https:\/\/fa86.noblogs.org\/files\/2012\/04\/recto-667x1024.jpg 667w, https:\/\/fa86.noblogs.org\/files\/2012\/04\/recto-195x300.jpg 195w, https:\/\/fa86.noblogs.org\/files\/2012\/04\/recto.jpg 757w\" sizes=\"auto, (max-width: 640px) 100vw, 640px\" \/><\/a><\/p>\n<p style=\"text-align: justify\"><a href=\"https:\/\/fa86.noblogs.org\/files\/2012\/04\/verso.jpg\"><img loading=\"lazy\" decoding=\"async\" class=\"alignnone size-large wp-image-5118\" src=\"https:\/\/fa86.noblogs.org\/files\/2012\/04\/verso-666x1024.jpg\" alt=\"\" width=\"640\" height=\"984\" srcset=\"https:\/\/fa86.noblogs.org\/files\/2012\/04\/verso-666x1024.jpg 666w, https:\/\/fa86.noblogs.org\/files\/2012\/04\/verso-195x300.jpg 195w, https:\/\/fa86.noblogs.org\/files\/2012\/04\/verso.jpg 1073w\" sizes=\"auto, (max-width: 640px) 100vw, 640px\" \/><\/a><\/p>\n","protected":false},"excerpt":{"rendered":"<p>NdPN : voici le compte-rendu d&rsquo;une action bien sympathique contre la publicit\u00e9, organis\u00e9e par le nouveau collectif des D\u00e9boulonneurs 86. Des photos suivront peut-\u00eatre (si on les retrouve !). Samedi 31 mars a eu lieu la premi\u00e8re action du collectif des D\u00e9boulonneurs 86. Au croisement de la rue du march\u00e9 et de la rue de &hellip; <a href=\"https:\/\/fa86.noblogs.org\/?p=5111\" class=\"more-link\">Continuer la lecture de <span class=\"screen-reader-text\">[Poitiers] Premi\u00e8re action des D\u00e9boulonneurs 86<\/span> <span class=\"meta-nav\">&rarr;<\/span><\/a><\/p>\n","protected":false},"author":2691,"featured_media":0,"comment_status":"open","ping_status":"open","sticky":false,"template":"","format":"standard","meta":{"footnotes":""},"categories":[18,23,17,9,12,7,4],"tags":[],"class_list":["post-5111","post","type-post","status-publish","format-standard","hentry","category-decroissance-libertaire","category-defense-dafficher","category-education-populaire","category-la-rue-grogne","category-okupa-y-resiste","category-propagande-marchande","category-se-trouver"],"_links":{"self":[{"href":"https:\/\/fa86.noblogs.org\/index.php?rest_route=\/wp\/v2\/posts\/5111","targetHints":{"allow":["GET"]}}],"collection":[{"href":"https:\/\/fa86.noblogs.org\/index.php?rest_route=\/wp\/v2\/posts"}],"about":[{"href":"https:\/\/fa86.noblogs.org\/index.php?rest_route=\/wp\/v2\/types\/post"}],"author":[{"embeddable":true,"href":"https:\/\/fa86.noblogs.org\/index.php?rest_route=\/wp\/v2\/users\/2691"}],"replies":[{"embeddable":true,"href":"https:\/\/fa86.noblogs.org\/index.php?rest_route=%2Fwp%2Fv2%2Fcomments&post=5111"}],"version-history":[{"count":3,"href":"https:\/\/fa86.noblogs.org\/index.php?rest_route=\/wp\/v2\/posts\/5111\/revisions"}],"predecessor-version":[{"id":5113,"href":"https:\/\/fa86.noblogs.org\/index.php?rest_route=\/wp\/v2\/posts\/5111\/revisions\/5113"}],"wp:attachment":[{"href":"https:\/\/fa86.noblogs.org\/index.php?rest_route=%2Fwp%2Fv2%2Fmedia&parent=5111"}],"wp:term":[{"taxonomy":"category","embeddable":true,"href":"https:\/\/fa86.noblogs.org\/index.php?rest_route=%2Fwp%2Fv2%2Fcategories&post=5111"},{"taxonomy":"post_tag","embeddable":true,"href":"https:\/\/fa86.noblogs.org\/index.php?rest_route=%2Fwp%2Fv2%2Ftags&post=5111"}],"curies":[{"name":"wp","href":"https:\/\/api.w.org\/{rel}","templated":true}]}}