{"id":5124,"date":"2012-04-02T16:06:48","date_gmt":"2012-04-02T14:06:48","guid":{"rendered":"http:\/\/fa86.noblogs.org\/?p=5124"},"modified":"2012-04-02T20:43:38","modified_gmt":"2012-04-02T18:43:38","slug":"poitiers-liberez-kevin-retention-prolongee-rassemblement-mercredi","status":"publish","type":"post","link":"https:\/\/fa86.noblogs.org\/?p=5124","title":{"rendered":"[Poitiers] Lib\u00e9rez K\u00e9vin ! R\u00e9tention prolong\u00e9e, rassemblement mercredi !"},"content":{"rendered":"<p style=\"text-align: justify\">Aux derni\u00e8res nouvelles, la r\u00e9tention administrative de K\u00e9vin (voir <a href=\"https:\/\/fa86.noblogs.org\/?p=5045\" target=\"_blank\"><strong>ici<\/strong> <\/a>et <strong><a href=\"https:\/\/fa86.noblogs.org\/?p=5061\" target=\"_blank\">l\u00e0<\/a><\/strong>) a \u00e9t\u00e9 prolong\u00e9e de 15 jours par le juge des libert\u00e9s et d\u00e9tentions.<\/p>\n<p style=\"text-align: justify\">Samedi dernier, une nouvelle manifestation bruyante de solidarit\u00e9 avec K\u00e9vin et toutes les personnes expulsables a eu lieu en centre-ville.<\/p>\n<p style=\"text-align: justify\"><strong>Mercredi 4 avril prochain, grand rassemblement mensuel de soutien aux personnes expulsables, qu&rsquo;il faut massif pour\u00a0K\u00e9vin !<\/strong><\/p>\n<p style=\"text-align: justify\"><strong>Rendez-vous devant le palais d&rsquo;injustice \u00e0 17H30, parlez-en autour de vous !<\/strong><\/p>\n<p style=\"text-align: justify\"><em>Pavillon Noir<\/em><\/p>\n<p style=\"text-align: justify\"><strong><em>mise \u00e0 jour : communiqu\u00e9 d&rsquo;associations de d\u00e9fense des sans-papiers<\/em><\/strong><\/p>\n<p style=\"text-align: justify\" align=\"CENTER\">Appel des associations poitevines de soutien aux sans-papiers dont Le Collectif contre les expulsions et pour le droit de vivre en France \/ La Cimade \/ Le R\u00e9seau \u00c9ducation Sans Fronti\u00e8res<\/p>\n<p style=\"text-align: justify\" align=\"CENTER\">En soutien \u00e0 K\u00e9vin Kimp\u00e9f\u00e9<\/p>\n<p style=\"text-align: justify\" align=\"CENTER\">Participation au rassemblement du mercredi 4 avril, \u00e0 17 h 30<\/p>\n<p style=\"text-align: justify\" align=\"CENTER\">devant le Palais de Justice<\/p>\n<p style=\"text-align: justify\" align=\"CENTER\">Auquel sont tout particuli\u00e8rement invit\u00e9(e)s les lyc\u00e9ennes et lyc\u00e9ens de Poitiers ainsi qu&rsquo;\u00e9tudiants, enseignants et parents d&rsquo;\u00e9l\u00e8ves.<\/p>\n<p style=\"text-align: justify\" align=\"CENTER\">Nous exprimons notre totale r\u00e9probation et notre profonde indignation face \u00e0 l\u2019arrestation de K\u00e9vin Kimp\u00e9f\u00e9, lyc\u00e9en en terminale au lyc\u00e9e professionnel Kyoto de Poitiers. <strong>La place des lyc\u00e9ens est dans les lyc\u00e9es et pas dans les centres de r\u00e9tention.<\/strong><\/p>\n<p style=\"text-align: justify\" align=\"CENTER\">Nous jugeons cette arrestation hautement scandaleuse, tant par la forme qu\u2019elle a prise (K\u00e9vin a ainsi \u00e9t\u00e9 arr\u00eat\u00e9 un dimanche sur un terrain de foot, et plac\u00e9 en centre de r\u00e9tention) que sur le fond\u3000: K\u00e9vin vit ainsi en France depuis six ans, avec ses fr\u00e8res et s\u0153urs et sa m\u00e8re, et doit passer son baccalaur\u00e9at dans deux mois. C\u2019est un lyc\u00e9en tr\u00e8s consciencieux, motiv\u00e9, appr\u00e9ci\u00e9 tant par ses camarades, ses enseignants et l\u2019\u00e9quipe administrative du lyc\u00e9e que par les employeurs qu\u2019il a eu d\u2019ores et d\u00e9j\u00e0 l\u2019occasion de c\u00f4toyer lors de son stage en entreprise dans lequel il s\u2019est distingu\u00e9 par son s\u00e9rieux.<\/p>\n<p align=\"JUSTIFY\">Nous tenons \u00e0 manifester <strong>tout notre soutien et notre solidarit\u00e9 \u00e0 l\u2019\u00e9gard de K\u00e9vin<\/strong>, et <strong>demandons au pr\u00e9fet : <\/strong><\/p>\n<p align=\"JUSTIFY\">d&rsquo;annuler sa d\u00e9cision d\u2019expulser K\u00e9vin<\/p>\n<p align=\"JUSTIFY\"><strong>et de l\u2019envoyer dans un pays instable (la r\u00e9publique \u00ab\u3000d\u00e9mocratique\u3000\u00bb du Congo) o\u00f9 il n\u2019a de surcro\u00eet aucune attache,<\/strong><\/p>\n<p align=\"JUSTIFY\">de le lib\u00e9rer du Centre de R\u00e9tention Administrative du Mesnil-Amelot,<\/p>\n<p align=\"JUSTIFY\">de lui d\u00e9livrer le titre de s\u00e9jour \u00ab\u3000vie priv\u00e9e et familiale\u3000\u00bb qu\u2019il demande.<\/p>\n<p align=\"JUSTIFY\">K\u00e9vin doit en effet pouvoir passer son baccalaur\u00e9at, poursuivre ses \u00e9tudes et <strong>continuer sa vie en France, parmi les siens, en compagnie de toute sa famille, ses fr\u00e8res et s\u0153urs, sa m\u00e8re, qui ont besoin de lui et dont il a besoin et avec tous ses camarades et ami(e)s.<\/strong><\/p>\n<p>Le 3 avril 2012<\/p>\n","protected":false},"excerpt":{"rendered":"<p>Aux derni\u00e8res nouvelles, la r\u00e9tention administrative de K\u00e9vin (voir ici et l\u00e0) a \u00e9t\u00e9 prolong\u00e9e de 15 jours par le juge des libert\u00e9s et d\u00e9tentions. Samedi dernier, une nouvelle manifestation bruyante de solidarit\u00e9 avec K\u00e9vin et toutes les personnes expulsables a eu lieu en centre-ville. Mercredi 4 avril prochain, grand rassemblement mensuel de soutien aux &hellip; <a href=\"https:\/\/fa86.noblogs.org\/?p=5124\" class=\"more-link\">Continuer la lecture de <span class=\"screen-reader-text\">[Poitiers] Lib\u00e9rez K\u00e9vin ! R\u00e9tention prolong\u00e9e, rassemblement mercredi !<\/span> <span class=\"meta-nav\">&rarr;<\/span><\/a><\/p>\n","protected":false},"author":2691,"featured_media":0,"comment_status":"open","ping_status":"open","sticky":false,"template":"","format":"standard","meta":{"footnotes":""},"categories":[9,11,16,4],"tags":[],"class_list":["post-5124","post","type-post","status-publish","format-standard","hentry","category-la-rue-grogne","category-ni-patrie-ni-frontiere","category-repression","category-se-trouver"],"_links":{"self":[{"href":"https:\/\/fa86.noblogs.org\/index.php?rest_route=\/wp\/v2\/posts\/5124","targetHints":{"allow":["GET"]}}],"collection":[{"href":"https:\/\/fa86.noblogs.org\/index.php?rest_route=\/wp\/v2\/posts"}],"about":[{"href":"https:\/\/fa86.noblogs.org\/index.php?rest_route=\/wp\/v2\/types\/post"}],"author":[{"embeddable":true,"href":"https:\/\/fa86.noblogs.org\/index.php?rest_route=\/wp\/v2\/users\/2691"}],"replies":[{"embeddable":true,"href":"https:\/\/fa86.noblogs.org\/index.php?rest_route=%2Fwp%2Fv2%2Fcomments&post=5124"}],"version-history":[{"count":3,"href":"https:\/\/fa86.noblogs.org\/index.php?rest_route=\/wp\/v2\/posts\/5124\/revisions"}],"predecessor-version":[{"id":5126,"href":"https:\/\/fa86.noblogs.org\/index.php?rest_route=\/wp\/v2\/posts\/5124\/revisions\/5126"}],"wp:attachment":[{"href":"https:\/\/fa86.noblogs.org\/index.php?rest_route=%2Fwp%2Fv2%2Fmedia&parent=5124"}],"wp:term":[{"taxonomy":"category","embeddable":true,"href":"https:\/\/fa86.noblogs.org\/index.php?rest_route=%2Fwp%2Fv2%2Fcategories&post=5124"},{"taxonomy":"post_tag","embeddable":true,"href":"https:\/\/fa86.noblogs.org\/index.php?rest_route=%2Fwp%2Fv2%2Ftags&post=5124"}],"curies":[{"name":"wp","href":"https:\/\/api.w.org\/{rel}","templated":true}]}}